{"id":6950,"date":"2026-07-27T08:46:41","date_gmt":"2026-07-27T08:46:41","guid":{"rendered":"https:\/\/test.kartonpack.hu\/?p=6950"},"modified":"2026-07-27T08:48:11","modified_gmt":"2026-07-27T08:48:11","slug":"elelmiszer-csomagolas-2026-ban-szabalyozas-trendek-es-technologiai-megoldasok","status":"publish","type":"post","link":"https:\/\/test.kartonpack.hu\/?p=6950","title":{"rendered":"\u00c9lelmiszer csomagol\u00e1s 2026-ban: szab\u00e1lyoz\u00e1s, trendek \u00e9s technol\u00f3giai megold\u00e1sok"},"content":{"rendered":"\t\t<div data-elementor-type=\"wp-post\" data-elementor-id=\"6950\" class=\"elementor elementor-6950\" data-elementor-post-type=\"post\">\n\t\t\t\t<div class=\"elementor-element elementor-element-97d4868 e-flex e-con-boxed e-con e-parent\" data-id=\"97d4868\" data-element_type=\"container\" data-e-type=\"container\" data-settings=\"{&quot;jet_parallax_layout_list&quot;:[]}\">\n\t\t\t\t\t<div class=\"e-con-inner\">\n\t\t<div class=\"elementor-element elementor-element-3f10841 e-con-full e-flex e-con e-child\" data-id=\"3f10841\" data-element_type=\"container\" data-e-type=\"container\" data-settings=\"{&quot;jet_parallax_layout_list&quot;:[]}\">\n\t\t<div class=\"elementor-element elementor-element-e874b25 e-con-full e-flex e-con e-child\" data-id=\"e874b25\" data-element_type=\"container\" data-e-type=\"container\" data-settings=\"{&quot;jet_parallax_layout_list&quot;:[]}\">\n\t\t\t\t<div class=\"elementor-element elementor-element-b8ca656 elementor-widget elementor-widget-text-editor\" data-id=\"b8ca656\" data-element_type=\"widget\" data-e-type=\"widget\" data-widget_type=\"text-editor.default\">\n\t\t\t\t<div class=\"elementor-widget-container\">\n\t\t\t\t\t\t\t\t\t<p>Az \u00e9lelmiszeripari csomagol\u00e1s ma m\u00e1r j\u00f3val t\u00f6bbr\u0151l sz\u00f3l, mint arr\u00f3l, hogy egy term\u00e9k l\u00e1tv\u00e1nyosan jelenjen meg a polcon. Term\u00e9szetesen a design tov\u00e1bbra is fontos, hiszen a v\u00e1s\u00e1rl\u00f3i d\u00f6nt\u00e9sek jelent\u0151s r\u00e9sze n\u00e9h\u00e1ny m\u00e1sodperc alatt, vizu\u00e1lis benyom\u00e1sok alapj\u00e1n sz\u00fcletik meg. Egy j\u00f3l megtervezett doboz, c\u00edmke vagy k\u00edn\u00e1l\u00f3 csomagol\u00e1s k\u00e9pes kiemelni a term\u00e9ket a versenyt\u00e1rsak k\u00f6z\u00fcl, er\u0151s\u00edti a m\u00e1rka felismerhet\u0151s\u00e9g\u00e9t, \u00e9s seg\u00edt bizalmat \u00e9p\u00edteni a fogyaszt\u00f3ban. 2026-ban azonban m\u00e1r nem el\u00e9g, ha egy \u00e9lelmiszer csomagol\u00e1s sz\u00e9p, figyelemfelkelt\u0151 \u00e9s m\u00e1rkaazonos. Legal\u00e1bb ennyire fontos, hogy megfeleljen a biztons\u00e1gi, szab\u00e1lyoz\u00e1si, fenntarthat\u00f3s\u00e1gi, gy\u00e1rt\u00e1si \u00e9s logisztikai elv\u00e1r\u00e1soknak is.<\/p><p>Az Eur\u00f3pai Uni\u00f3 csomagol\u00e1si szab\u00e1lyoz\u00e1si k\u00f6rnyezete l\u00e1tv\u00e1nyosan \u00e1talakul. A Packaging and Packaging Waste Regulation, vagyis a<a href=\"https:\/\/eur-lex.europa.eu\/eli\/reg\/2025\/40\/oj\/eng\"> PPWR 2025<\/a>. febru\u00e1r 11-\u00e9n l\u00e9pett hat\u00e1lyba, \u00e9s 2026. augusztus 12-t\u0151l \u00e1ltal\u00e1nosan alkalmazand\u00f3. A rendelet c\u00e9lja t\u00f6bbek k\u00f6z\u00f6tt a csomagol\u00e1si hullad\u00e9k cs\u00f6kkent\u00e9se, az \u00fajrahasznos\u00edthat\u00f3s\u00e1g jav\u00edt\u00e1sa \u00e9s az uni\u00f3s szab\u00e1lyok egys\u00e9ges\u00edt\u00e9se. Ez k\u00fcl\u00f6n\u00f6sen fontos az \u00e9lelmiszeripar sz\u00e1m\u00e1ra, ahol a csomagol\u00e1s egyszerre \u00e9rinti a term\u00e9kbiztons\u00e1got, a polci megjelen\u00e9st, a fogyaszt\u00f3i t\u00e1j\u00e9koztat\u00e1st, az eltarthat\u00f3s\u00e1got \u00e9s az ell\u00e1t\u00e1si l\u00e1nc m\u0171k\u00f6d\u00e9s\u00e9t.<\/p><h2>Mi\u00e9rt lett strat\u00e9giai k\u00e9rd\u00e9s az \u00e9lelmiszer csomagol\u00e1s?<\/h2><p>Sok v\u00e1llalatn\u00e1l a csomagol\u00e1s kor\u00e1bban a term\u00e9kfejleszt\u00e9s utols\u00f3 f\u00e1zis\u00e1ban ker\u00fclt igaz\u00e1n el\u0151t\u00e9rbe. Elk\u00e9sz\u00fclt a term\u00e9k, megvolt a kiszerel\u00e9s, kialakult az \u00e1rpoz\u00edci\u00f3, megsz\u00fcletett a m\u00e1rka\u00fczenet, majd a folyamat v\u00e9g\u00e9n j\u00f6tt a k\u00e9rd\u00e9s: milyen dobozba, c\u00edmk\u00e9re vagy display-megold\u00e1sba ker\u00fclj\u00f6n mindez? Ez a szeml\u00e9let ma m\u00e1r egyre kock\u00e1zatosabb, k\u00fcl\u00f6n\u00f6sen az \u00e9lelmiszeriparban. A csomagol\u00e1s anyaga, szerkezete, m\u00e9rete, feliratoz\u00e1sa, nyomtat\u00e1si technol\u00f3gi\u00e1ja \u00e9s logisztikai viselked\u00e9se olyan d\u00f6nt\u00e9sekt\u0151l f\u00fcgg, amelyeket nem lehet az utols\u00f3 pillanatban j\u00f3l meghozni.<\/p><p>Egy \u00e9lelmiszer csomagol\u00e1snak egyszerre kell v\u00e9denie a term\u00e9ket, t\u00e1mogatnia a gy\u00e1rt\u00e1si folyamatot, megfelelnie az el\u0151\u00edr\u00e1soknak, <a href=\"https:\/\/colorpack.hu\/2026\/06\/12\/a-csomagolas-szerepe-az-ertekesitesben\/\">seg\u00edtenie az \u00e9rt\u00e9kes\u00edt\u00e9st,<\/a> \u00e9s k\u00f6zben igazodnia kell a <a href=\"https:\/\/colorpack.hu\/2026\/05\/28\/fenntarthato-csomagolas-de-mit-jelent-ez-a-gyakorlatban\/\">fenntarthat\u00f3s\u00e1gi elv\u00e1r\u00e1sokhoz<\/a> is. Ha p\u00e9ld\u00e1ul egy doboz t\u00fal nagy, az nemcsak t\u00f6bb alapanyagot ig\u00e9nyel, hanem rontja a raklapkihaszn\u00e1lts\u00e1got, n\u00f6veli a sz\u00e1ll\u00edt\u00e1si \u00e9s t\u00e1rol\u00e1si ig\u00e9nyt, \u00e9s felesleges hullad\u00e9kot termelhet. Ha a csomagol\u00e1s szerkezete nem el\u00e9g stabil, s\u00e9r\u00fclhet a term\u00e9k, romolhat a fogyaszt\u00f3i \u00e9lm\u00e9ny, \u00e9s n\u0151het a selejtar\u00e1ny. Ha a k\u00f6telez\u0151 inform\u00e1ci\u00f3k rosszul olvashat\u00f3k vagy nem megfelel\u0151 helyre ker\u00fclnek, az m\u00e1r nem csup\u00e1n designhiba, hanem megfelel\u00e9si kock\u00e1zat is lehet.<\/p><p>2026-ban ez\u00e9rt az \u00e9lelmiszer csomagol\u00e1s nem kezelhet\u0151 puszt\u00e1n kreat\u00edv vagy beszerz\u00e9si k\u00e9rd\u00e9sk\u00e9nt. Sokkal ink\u00e1bb olyan strat\u00e9giai d\u00f6nt\u00e9si ter\u00fclet, ahol a marketing, a min\u0151s\u00e9gbiztos\u00edt\u00e1s, a gy\u00e1rt\u00e1s, a logisztika \u00e9s a fenntarthat\u00f3s\u00e1gi szempontok egyszerre jelennek meg. A j\u00f3 csomagol\u00e1si d\u00f6nt\u00e9s nem ott kezd\u0151dik, hogy milyen legyen a grafika, hanem ott, hogy mit kell a csomagol\u00e1snak teljes\u00edtenie a term\u00e9k teljes \u00e9let\u00fatja sor\u00e1n.<\/p><h2>\u00c9lelmiszerbiztons\u00e1g: a csomagol\u00e1s l\u00e1thatatlan felel\u0151ss\u00e9ge<\/h2><p>Az \u00e9lelmiszer csomagol\u00e1s egyik legfontosabb feladata a term\u00e9k v\u00e9delme. Ez a v\u00e9delem azonban nemcsak fizikai \u00e9rtelemben fontos. Term\u00e9szetesen sz\u00e1m\u00edt, hogy a csomagol\u00e1s ellen\u00e1lljon a sz\u00e1ll\u00edt\u00e1s, t\u00e1rol\u00e1s \u00e9s bolti kezel\u00e9s sor\u00e1n jelentkez\u0151 terhel\u00e9seknek, de ugyanilyen l\u00e9nyeges, hogy az alkalmazott anyagok, fest\u00e9kek, lakkok \u00e9s ragaszt\u00f3k megfelel\u0151ek legyenek az adott \u00e9lelmiszeripari felhaszn\u00e1l\u00e1sra.<\/p><p>Az Eur\u00f3pai Uni\u00f3ban az \u00e9lelmiszerrel \u00e9rintkez\u00e9sbe ker\u00fcl\u0151 anyagokra harmoniz\u00e1lt szab\u00e1lyoz\u00e1si keret vonatkozik. A 1935\/2004\/EK rendelet alapelve, hogy az ilyen anyagok norm\u00e1l vagy el\u0151rel\u00e1that\u00f3 felhaszn\u00e1l\u00e1si k\u00f6r\u00fclm\u00e9nyek k\u00f6z\u00f6tt nem bocs\u00e1thatnak ki olyan mennyis\u00e9g\u0171 \u00f6sszetev\u0151t az \u00e9lelmiszerbe, amely vesz\u00e9lyeztetheti az emberi eg\u00e9szs\u00e9get, elfogadhatatlan v\u00e1ltoz\u00e1st okozhat az \u00e9lelmiszer \u00f6sszet\u00e9tel\u00e9ben, vagy ronthatja annak \u00e9rz\u00e9kszervi tulajdons\u00e1gait. Az Eur\u00f3pai Bizotts\u00e1g \u00e9lelmiszerbiztons\u00e1gi t\u00e1j\u00e9koztat\u00e1sa szerint ez a gondolkod\u00e1s minden \u00e9lelmiszerrel \u00e9rintkez\u00e9sre sz\u00e1nt csomagol\u00f3anyagra kiterjed, legyen sz\u00f3 m\u0171anyagr\u00f3l, pap\u00edrr\u00f3l, \u00fcvegr\u0151l vagy f\u00e9mr\u0151l.<\/p><p>A migr\u00e1ci\u00f3 k\u00e9rd\u00e9se k\u00fcl\u00f6n\u00f6sen fontos az \u00e9lelmiszeripari csomagol\u00e1sokn\u00e1l. A csomagol\u00f3anyagokb\u00f3l bizonyos anyagok \u00e1tker\u00fclhetnek az \u00e9lelmiszerbe, ez\u00e9rt a megfelel\u0151 alapanyag-, fest\u00e9k- \u00e9s bevonatv\u00e1laszt\u00e1s nem puszt\u00e1n technol\u00f3giai r\u00e9szlet, hanem \u00e9lelmiszerbiztons\u00e1gi szempont. Az <a href=\"https:\/\/www.efsa.europa.eu\/en\">EFSA<\/a> is kiemeli, hogy az \u00e9lelmiszerrel \u00e9rintkez\u00e9sbe ker\u00fcl\u0151 anyagokb\u00f3l sz\u00e1rmaz\u00f3 vegy\u00fcletek \u00e1tjuthatnak az \u00e9lelmiszerbe, ez\u00e9rt ezek \u00e9rt\u00e9kel\u00e9se migr\u00e1ci\u00f3s \u00e9s toxikol\u00f3giai adatok alapj\u00e1n t\u00f6rt\u00e9nik.<\/p><p>Ez a gyakorlatban azt jelenti, hogy egy \u00e9lelmiszeripari doboz vagy c\u00edmke tervez\u00e9sekor nem el\u00e9g az eszt\u00e9tikai \u00e9s k\u00f6lts\u00e9gszempontokat figyelembe venni. Fontos k\u00e9rd\u00e9s, hogy a csomagol\u00e1s k\u00f6zvetlen\u00fcl vagy k\u00f6zvetetten \u00e9rintkezik-e az \u00e9lelmiszerrel, milyen zs\u00edrtartalm\u00fa, nedvess\u00e9gtartalm\u00fa vagy arom\u00e1j\u00fa term\u00e9kr\u0151l van sz\u00f3, milyen t\u00e1rol\u00e1si k\u00f6r\u00fclm\u00e9nyek v\u00e1rhat\u00f3k, mennyi ideig marad a term\u00e9k a csomagol\u00e1sban, \u00e9s milyen nyomtat\u00e1si, lakkoz\u00e1si vagy ragaszt\u00e1si megold\u00e1sok ker\u00fclnek alkalmaz\u00e1sra.<\/p><h2>Polchat\u00e1s \u00e9s fogyaszt\u00f3i bizalom: a design csak akkor m\u0171k\u00f6dik, ha hiteles<\/h2><p>Az \u00e9lelmiszer csomagol\u00e1s l\u00e1tv\u00e1nyos fel\u00fclete tov\u00e1bbra is az egyik leger\u0151sebb<a href=\"https:\/\/colorpack.hu\/2026\/06\/12\/a-csomagolas-szerepe-az-ertekesitesben\/\"> \u00e9rt\u00e9kes\u00edt\u00e9si eszk\u00f6z<\/a>. A v\u00e1s\u00e1rl\u00f3 sokszor nem ismeri r\u00e9szletesen a term\u00e9ket, amikor el\u0151sz\u00f6r tal\u00e1lkozik vele. A csomagol\u00e1s alapj\u00e1n k\u00f6vetkeztet a min\u0151s\u00e9gre, a frissess\u00e9gre, az \u00edzvil\u00e1gra, az \u00e1rpoz\u00edci\u00f3ra \u00e9s a m\u00e1rka megb\u00edzhat\u00f3s\u00e1g\u00e1ra. Egy pr\u00e9mium \u00e9dess\u00e9g, egy k\u00e9zm\u0171ves jelleg\u0171 term\u00e9k, egy eg\u00e9szs\u00e9gtudatos \u00e9lelmiszer vagy egy gyermekeknek sz\u00e1nt snack eg\u00e9szen m\u00e1s vizu\u00e1lis k\u00f3dokkal dolgozik, \u00e9s ezeknek a k\u00f3doknak m\u00e1r els\u0151 pillant\u00e1sra \u00e9rthet\u0151nek kell lenni\u00fck.<\/p><p>A polchat\u00e1s azonban nem egyenl\u0151 a hars\u00e1ny megjelen\u00e9ssel. Sok esetben nem a leger\u0151sebb sz\u00edn vagy a legbonyolultabb grafika m\u0171k\u00f6dik a legjobban, hanem az a csomagol\u00e1s, amely pontosan illeszkedik a term\u00e9k kateg\u00f3ri\u00e1j\u00e1hoz, c\u00e9lcsoportj\u00e1hoz \u00e9s \u00e9rt\u00e9kaj\u00e1nlat\u00e1hoz. Egy nat\u00far \u00e9lelmiszern\u00e9l p\u00e9ld\u00e1ul a letisztult, term\u00e9szetes hat\u00e1s\u00fa grafikai vil\u00e1g lehet meggy\u0151z\u0151, m\u00edg egy impulzusv\u00e1s\u00e1rl\u00e1sra \u00e9p\u00edt\u0151 \u00e9dess\u00e9gn\u00e9l er\u0151sebb vizu\u00e1lis dinamika, \u00e9l\u00e9nkebb sz\u00ednvil\u00e1g \u00e9s azonnal felismerhet\u0151 term\u00e9k\u00edg\u00e9ret lehet el\u0151ny\u00f6s.<\/p><p>2026-ban a fogyaszt\u00f3i bizalom szempontj\u00e1b\u00f3l az is egyre fontosabb, hogy a csomagol\u00e1s ne keltsen megt\u00e9veszt\u0151 benyom\u00e1st. A \u201ez\u00f6ldnek\u201d vagy term\u00e9szetesnek l\u00e1tsz\u00f3 csomagol\u00e1s \u00f6nmag\u00e1ban nem bizony\u00edtja, hogy a megold\u00e1s val\u00f3ban fenntarthat\u00f3bb. A pap\u00edrhat\u00e1s\u00fa fel\u00fclet, a nat\u00far sz\u00ednek vagy az \u00fajrahasznos\u00edtottnak t\u0171n\u0151 text\u00far\u00e1k csak akkor hitelesek, ha m\u00f6g\u00f6tt\u00fck val\u00f3s anyaghaszn\u00e1lati, gy\u00e1rt\u00e1si \u00e9s \u00fajrahasznos\u00edt\u00e1si logika \u00e1ll. A csomagol\u00e1s kommunik\u00e1ci\u00f3s fel\u00fclet, de nem v\u00e1lhat puszta l\u00e1tszatmegold\u00e1ss\u00e1.<\/p><h2>PPWR 2026: a hullad\u00e9kcs\u00f6kkent\u00e9s bel\u00e9p a csomagol\u00e1stervez\u00e9sbe<\/h2><p>A PPWR egyik legfontosabb \u00fczenete, hogy a csomagol\u00e1s j\u00f6v\u0151je nemcsak az \u00fajrahasznos\u00edt\u00e1sr\u00f3l, hanem a megel\u0151z\u00e9sr\u0151l is sz\u00f3l. A csomagol\u00e1si hullad\u00e9k cs\u00f6kkent\u00e9se nem kiz\u00e1r\u00f3lag a hullad\u00e9kkezel\u00e9s probl\u00e9m\u00e1ja, hanem m\u00e1r a tervez\u0151asztalon kezd\u0151dik. Ez k\u00fcl\u00f6n\u00f6sen fontos az \u00e9lelmiszeriparban, ahol a csomagol\u00e1snak egyszerre kell v\u00e9denie a term\u00e9ket \u00e9s elker\u00fclnie a felesleges anyaghaszn\u00e1latot.<\/p><p>A csomagol\u00e1sminimaliz\u00e1l\u00e1s nem azt jelenti, hogy gyeng\u00e9bb, v\u00e9konyabb vagy kock\u00e1zatosabb csomagol\u00e1sra van sz\u00fcks\u00e9g. Sokkal ink\u00e1bb azt, hogy a szerkezet, a m\u00e9ret, az anyagvastags\u00e1g \u00e9s a forma igazodjon a val\u00f3di term\u00e9kig\u00e9nyhez. Egy t\u00falm\u00e9retezett doboz lehet l\u00e1tv\u00e1nyos, de ha felesleges leveg\u0151t sz\u00e1ll\u00edt, rosszul illeszkedik a raklapra, vagy t\u00f6bb alapanyagot haszn\u00e1l a sz\u00fcks\u00e9gesn\u00e9l, akkor hossz\u00fa t\u00e1von k\u00f6lts\u00e9g- \u00e9s fenntarthat\u00f3s\u00e1gi probl\u00e9m\u00e1t is okozhat.<\/p><p>Az \u00e9lelmiszeriparban azonban a csomagol\u00e1scs\u00f6kkent\u00e9sn\u00e9l k\u00fcl\u00f6n\u00f6sen \u00f3vatosan kell elj\u00e1rni. A kevesebb anyag csak akkor j\u00f3 d\u00f6nt\u00e9s, ha a term\u00e9k tov\u00e1bbra is megfelel\u0151 v\u00e9delmet kap. Egy s\u00e9r\u00fcl\u00e9keny \u00e9dess\u00e9g, egy nedvess\u00e9gre \u00e9rz\u00e9keny term\u00e9k, egy h\u0171t\u00e9st ig\u00e9nyl\u0151 \u00e1ru vagy egy pr\u00e9mium kateg\u00f3ri\u00e1s \u00e9lelmiszer m\u00e1s-m\u00e1s csomagol\u00e1si logik\u00e1t ig\u00e9nyel. A rosszul \u00e9rtelmezett minimaliz\u00e1l\u00e1s ak\u00e1r nagyobb term\u00e9kvesztes\u00e9get is okozhat, ami fenntarthat\u00f3s\u00e1gi szempontb\u00f3l sem el\u0151ny\u00f6s.<\/p><p>A val\u00f3ban j\u00f3 megold\u00e1s teh\u00e1t nem egyszer\u0171en a \u201ekevesebb csomagol\u00e1s\u201d, hanem az okosabb csomagol\u00e1s. Olyan szerkezet, amely megfelel\u0151en v\u00e9di a term\u00e9ket, hat\u00e9konyan gy\u00e1rthat\u00f3, j\u00f3l kezelhet\u0151 a logisztik\u00e1ban, \u00e9s nem haszn\u00e1l indokolatlanul sok alapanyagot.<\/p><h2>Anyagv\u00e1laszt\u00e1s: nem mindig az a jobb, ami els\u0151re fenntarthat\u00f3bbnak l\u00e1tszik<\/h2><p>Az \u00e9lelmiszer csomagol\u00e1s egyik legnagyobb kih\u00edv\u00e1sa 2026-ban az anyagv\u00e1laszt\u00e1s lesz. A m\u00e1rk\u00e1k r\u00e9sz\u00e9r\u0151l er\u0151s az ig\u00e9ny a fenntarthat\u00f3bb, pap\u00edralap\u00fa, \u00fajrahasznos\u00edthat\u00f3 vagy term\u00e9szetesebbnek hat\u00f3 megold\u00e1sok ir\u00e1nt. Ez \u00e9rthet\u0151, hiszen a fogyaszt\u00f3k is egyre tudatosabban figyelik, milyen csomagol\u00e1sba ker\u00fcl a term\u00e9k. Ugyanakkor az anyagv\u00e1laszt\u00e1sn\u00e1l k\u00f6nny\u0171 beleesni abba a<a href=\"https:\/\/colorpack.hu\/2026\/05\/01\/5-hiba-csomagolas-tervezesnel-amit-a-legtobb-ceg-elkovet\/\"> hib\u00e1ba<\/a>, hogy csak az els\u0151 benyom\u00e1s alapj\u00e1n d\u00f6nt\u00fcnk.<\/p><p>Egy pap\u00edralap\u00fa csomagol\u00e1s p\u00e9ld\u00e1ul sok esetben kiv\u00e1l\u00f3 megold\u00e1s lehet, de nem minden term\u00e9kn\u00e9l \u00e9s nem minden funkci\u00f3ra. Ha a term\u00e9k extra zs\u00edrz\u00e1r\u00e1st, nedvess\u00e9gv\u00e9delmet, aromaz\u00e1r\u00e1st vagy hosszabb eltarthat\u00f3s\u00e1got ig\u00e9nyel, akkor tov\u00e1bbi bevonatokra, r\u00e9tegekre vagy technol\u00f3giai megold\u00e1sokra lehet sz\u00fcks\u00e9g. Ezek befoly\u00e1solhatj\u00e1k a gy\u00e1rthat\u00f3s\u00e1got, az \u00fajrahasznos\u00edthat\u00f3s\u00e1got \u00e9s a teljes k\u00f6rnyezeti m\u00e9rleget is.<\/p><p>Ez\u00e9rt az anyagv\u00e1laszt\u00e1sn\u00e1l nem az a k\u00e9rd\u00e9s, hogy mi n\u00e9z ki fenntarthat\u00f3bbnak, hanem az, hogy az adott csomagol\u00e1s hogyan teljes\u00edt a teljes rendszerben. Megfelel\u0151en v\u00e9di-e a term\u00e9ket? Illeszkedik-e a gy\u00e1rt\u00e1si folyamathoz? T\u00e1mogatja-e a logisztik\u00e1t? \u00c9rthet\u0151-e a fogyaszt\u00f3 sz\u00e1m\u00e1ra? Kezelhet\u0151-e az \u00e9letciklusa v\u00e9g\u00e9n? Ezekre a k\u00e9rd\u00e9sekre csak akkor lehet j\u00f3 v\u00e1laszt adni, ha a csomagol\u00e1sfejleszt\u00e9s nem ut\u00f3lagos d\u00f6nt\u00e9s, hanem a term\u00e9kstrat\u00e9gia r\u00e9sze.<\/p><h2>Technol\u00f3giai megold\u00e1sok: a nyomtat\u00e1s min\u0151s\u00e9ge \u00e9lelmiszeripari k\u00e9rd\u00e9s is<\/h2><p>Az \u00e9lelmiszer csomagol\u00e1s eset\u00e9ben a nyomtat\u00e1si min\u0151s\u00e9g nem puszt\u00e1n eszt\u00e9tikai szempont. Term\u00e9szetesen fontos, hogy a grafika sz\u00e9p, pontos \u00e9s m\u00e1rkaazonos legyen, de enn\u00e9l t\u00f6bbr\u0151l van sz\u00f3. A csomagol\u00e1son szerepl\u0151 inform\u00e1ci\u00f3knak olvashat\u00f3nak, tart\u00f3snak \u00e9s egy\u00e9rtelm\u0171nek kell lenni\u00fck. Az \u00f6sszetev\u0151k, allerg\u00e9nek, t\u00e1p\u00e9rt\u00e9kadatok, min\u0151s\u00e9gmeg\u0151rz\u00e9si inform\u00e1ci\u00f3k, vonalk\u00f3dok, QR-k\u00f3dok \u00e9s egy\u00e9b jel\u00f6l\u00e9sek mind olyan elemek, amelyekn\u00e9l a pontoss\u00e1g alapvet\u0151 k\u00f6vetelm\u00e9ny.<\/p><p>A modern<a href=\"https:\/\/colorpack.hu\/2026\/04\/10\/ofszet-vs-digitalis-nyomtatas\/\"> ofszet<\/a> nyomtat\u00e1s, a sz\u00ednkezel\u00e9si rendszerek, a speci\u00e1lis lakkok, az alacsony migr\u00e1ci\u00f3j\u00fa fest\u00e9kek, az UV technol\u00f3gia \u00e9s a k\u00fcl\u00f6nb\u00f6z\u0151 fel\u00fcletnemes\u00edt\u00e9si megold\u00e1sok mind hozz\u00e1j\u00e1rulhatnak ahhoz, hogy az \u00e9lelmiszeripari csomagol\u00e1s egyszerre legyen l\u00e1tv\u00e1nyos \u00e9s megb\u00edzhat\u00f3. A fel\u00fcletnemes\u00edt\u00e9s p\u00e9ld\u00e1ul nemcsak pr\u00e9mium \u00e9rzetet adhat, hanem seg\u00edthet bizonyos grafikai elemek kiemel\u00e9s\u00e9ben is. A forma UV lakkoz\u00e1s, a matt-f\u00e9nyes kontraszt vagy egy visszafogott pr\u00e9gel\u00e9s mind olyan eszk\u00f6z lehet, amely er\u0151s\u00edti a m\u00e1rka polci jelenl\u00e9t\u00e9t.<\/p><p>Ugyanakkor az \u00e9lelmiszeripari csomagol\u00e1sn\u00e1l minden technol\u00f3giai d\u00f6nt\u00e9st a term\u00e9k saj\u00e1toss\u00e1gaihoz kell igaz\u00edtani. Nem minden fel\u00fclet, fest\u00e9k, lakk vagy ragaszt\u00e1si megold\u00e1s alkalmas minden felhaszn\u00e1l\u00e1sra. M\u00e1s elv\u00e1r\u00e1sok vonatkozhatnak egy sz\u00e1raz \u00e9lelmiszer k\u00fcls\u0151 kartondoboz\u00e1ra, egy k\u00f6zvetlen \u00e9lelmiszerkontaktushoz k\u00f6zeli csomagol\u00e1si elemre, egy h\u0171t\u00f6tt term\u00e9kre vagy egy pr\u00e9mium aj\u00e1nd\u00e9kcsomagol\u00e1sra. A technol\u00f3gia akkor ad val\u00f3di \u00e9rt\u00e9ket, ha nem \u00f6nc\u00e9l\u00fa l\u00e1tv\u00e1nyelemk\u00e9nt, hanem a term\u00e9k, a gy\u00e1rt\u00e1s \u00e9s a szab\u00e1lyoz\u00e1si k\u00f6rnyezet figyelembev\u00e9tel\u00e9vel ker\u00fcl kiv\u00e1laszt\u00e1sra.<\/p><h2>Csomagol\u00e1s \u00e9s eltarthat\u00f3s\u00e1g: amikor a j\u00f3 doboz a term\u00e9kmin\u0151s\u00e9get is t\u00e1mogatja<\/h2><p>Az \u00e9lelmiszeriparban az eltarthat\u00f3s\u00e1g \u00e9s a term\u00e9kmin\u0151s\u00e9g meg\u0151rz\u00e9se kiemelt szempont. A csomagol\u00e1snak sok esetben v\u00e9denie kell a term\u00e9ket a nedvess\u00e9gt\u0151l, f\u00e9nyt\u0151l, mechanikai s\u00e9r\u00fcl\u00e9st\u0151l, szennyez\u0151d\u00e9st\u0151l vagy aromaveszt\u00e9st\u0151l. A k\u00fcls\u0151 kartondoboz szerepe ilyenkor nem mindig k\u00f6zvetlen barrier funkci\u00f3, de a teljes csomagol\u00e1si rendszer r\u00e9szek\u00e9nt nagyon is fontos lehet.<\/p><p>Egy j\u00f3l megtervezett doboz seg\u00edthet abban, hogy a term\u00e9k stabilan \u00e1lljon a polcon, ne s\u00e9r\u00fclj\u00f6n sz\u00e1ll\u00edt\u00e1s k\u00f6zben, j\u00f3l kezelhet\u0151 legyen a rakt\u00e1rban, \u00e9s a fogyaszt\u00f3hoz megfelel\u0151 \u00e1llapotban jusson el. Ha a csomagol\u00e1s t\u00fal gyenge, k\u00f6nnyen deform\u00e1l\u00f3dik. Ha t\u00fal bonyolult, lass\u00edthatja a gy\u00e1rt\u00e1st vagy a csomagol\u00e1si folyamatot. Ha t\u00fal nagy, felesleges helyet foglal. Ha t\u00fal kicsi vagy rosszul illeszkedik, s\u00e9r\u00fclhet a term\u00e9k.<\/p><p>Az eltarthat\u00f3s\u00e1g teh\u00e1t nem kiz\u00e1r\u00f3lag alapanyag- vagy recept\u00farak\u00e9rd\u00e9s. A csomagol\u00e1s is r\u00e9sze annak a rendszernek, amely meghat\u00e1rozza, milyen min\u0151s\u00e9gben tal\u00e1lkozik a v\u00e1s\u00e1rl\u00f3 a term\u00e9kkel. Egy \u00e9lelmiszeripari m\u00e1rka sz\u00e1m\u00e1ra ez k\u00fcl\u00f6n\u00f6sen fontos, mert a fogyaszt\u00f3 gyakran a csomagol\u00e1s \u00e1llapot\u00e1b\u00f3l k\u00f6vetkeztet a benne l\u00e9v\u0151 term\u00e9k min\u0151s\u00e9g\u00e9re is.<\/p><h2>Retail-ready \u00e9s shelf-ready megold\u00e1sok: amikor a doboz <a href=\"https:\/\/colorpack.hu\/2026\/06\/12\/a-csomagolas-szerepe-az-ertekesitesben\/\">\u00e9rt\u00e9kes\u00edt\u00e9si eszk\u00f6zz\u00e9<\/a> v\u00e1lik<\/h2><p>Az \u00e9lelmiszeriparban a csomagol\u00e1s nemcsak a term\u00e9ket v\u00e9di, hanem a bolti \u00e9rt\u00e9kes\u00edt\u00e9st is t\u00e1mogatja. A k\u00edn\u00e1l\u00f3 dobozok, display-megold\u00e1sok \u00e9s shelf-ready csomagol\u00e1sok egyre fontosabb szerepet kapnak, mert egyszerre seg\u00edtik a kihelyez\u00e9st, jav\u00edtj\u00e1k a term\u00e9k l\u00e1that\u00f3s\u00e1g\u00e1t, \u00e9s gyorsabb\u00e1 teszik a bolti munk\u00e1t. Egy j\u00f3l megtervezett k\u00edn\u00e1l\u00f3 csomagol\u00e1s nem csup\u00e1n sz\u00e1ll\u00edt\u00e1si egys\u00e9g, hanem \u00e9rt\u00e9kes\u00edt\u00e9si fel\u00fclet is.<\/p><p>Ez k\u00fcl\u00f6n\u00f6sen fontos az impulzusv\u00e1s\u00e1rl\u00e1sra \u00e9p\u00edt\u0151 kateg\u00f3ri\u00e1kban, p\u00e9ld\u00e1ul \u00e9dess\u00e9gek, snackek, szezon\u00e1lis term\u00e9kek vagy kisebb kiszerel\u00e9s\u0171 \u00e9lelmiszerek eset\u00e9n. Ilyenkor a csomagol\u00e1snak gyorsan kell kommunik\u00e1lnia: mi a term\u00e9k, mi\u00e9rt vonz\u00f3, milyen \u00edzvil\u00e1got vagy \u00e9lm\u00e9nyt k\u00edn\u00e1l, \u00e9s mi\u00e9rt \u00e9rdemes levenni a polcr\u00f3l. A j\u00f3 display vagy k\u00edn\u00e1l\u00f3 doboz a term\u00e9k k\u00f6r\u00e9 teremt egy mini \u00e9rt\u00e9kes\u00edt\u00e9si k\u00f6rnyezetet.<\/p><p>A retail-ready megold\u00e1sokn\u00e1l ugyanakkor a gy\u00e1rthat\u00f3s\u00e1g \u00e9s a kezelhet\u0151s\u00e9g is kulcsk\u00e9rd\u00e9s. A doboznak k\u00f6nnyen nyithat\u00f3nak, stabilnak, eszt\u00e9tikusnak \u00e9s megfelel\u0151en terhelhet\u0151nek kell lennie. Ha a bolti szem\u00e9lyzet gyorsan \u00e9s s\u00e9r\u00fcl\u00e9smentesen tudja kihelyezni, az m\u00e1r \u00f6nmag\u00e1ban gyakorlati el\u0151ny. Ha emellett a csomagol\u00e1s vizu\u00e1lisan is er\u0151s, akkor a m\u00e1rka nemcsak helyet foglal a polcon, hanem akt\u00edvan dolgozik az \u00e9rt\u00e9kes\u00edt\u00e9s\u00e9rt.<\/p><h2>Logisztika: a<a href=\"https:\/\/colorpack.hu\/2026\/05\/28\/fenntarthato-csomagolas-de-mit-jelent-ez-a-gyakorlatban\/\"> fenntarthat\u00f3bb csomagol\u00e1s<\/a> gyakran a raklapon d\u0151l el<\/h2><p>Az \u00e9lelmiszer csomagol\u00e1s fenntarthat\u00f3s\u00e1g\u00e1r\u00f3l sokan els\u0151sorban anyagokban gondolkodnak. Pap\u00edr vagy m\u0171anyag? \u00dajrahasznos\u00edtott vagy primer alapanyag? Nat\u00far vagy fel\u00fcletkezelt megjelen\u00e9s? Ezek fontos k\u00e9rd\u00e9sek, de nem adj\u00e1k ki a teljes k\u00e9pet. A csomagol\u00e1s logisztikai teljes\u00edtm\u00e9nye legal\u00e1bb ennyire meghat\u00e1roz\u00f3.<\/p><p>Egy doboz m\u00e9rete, alakja, stabilit\u00e1sa \u00e9s raklapra rendezhet\u0151s\u00e9ge k\u00f6zvetlen hat\u00e1ssal lehet arra, mennyi term\u00e9k f\u00e9r el egy sz\u00e1ll\u00edt\u00e1si egys\u00e9gben, mennyi \u00fcres t\u00e9r marad, mennyire biztons\u00e1gosan mozgathat\u00f3 az \u00e1ru, \u00e9s mennyi s\u00e9r\u00fcl\u00e9s keletkezik az ell\u00e1t\u00e1si l\u00e1ncban. Ha egy csomagol\u00e1s n\u00e9h\u00e1ny millim\u00e9terrel rosszul van optimaliz\u00e1lva, az nagy darabsz\u00e1mn\u00e1l m\u00e1r jelent\u0151s t\u00e9rfogat-, anyag- \u00e9s k\u00f6lts\u00e9ghat\u00e1st okozhat.<\/p><p>Ez\u00e9rt a csomagol\u00e1stervez\u00e9sn\u00e9l nemcsak azt kell n\u00e9zni, hogyan mutat a term\u00e9k a polcon, hanem azt is, hogyan viselkedik a rakt\u00e1rban, a raklapon, a sz\u00e1ll\u00edt\u00e1s sor\u00e1n \u00e9s a bolti kihelyez\u00e9sn\u00e9l. A j\u00f3 \u00e9lelmiszeripari csomagol\u00e1s nemcsak sz\u00e9p \u00e9s biztons\u00e1gos, hanem j\u00f3l illeszkedik a teljes ell\u00e1t\u00e1si l\u00e1nc m\u0171k\u00f6d\u00e9s\u00e9hez is.<\/p><h2>2026 f\u0151 trendjei az \u00e9lelmiszeripari csomagol\u00e1sban<\/h2><p>Az egyik leger\u0151sebb trend a szab\u00e1lyoz\u00e1si megfelel\u00e9s kor\u00e1bbi bevon\u00e1sa a csomagol\u00e1sfejleszt\u00e9sbe. A v\u00e1llalatoknak egyre kev\u00e9sb\u00e9 \u00e9ri meg a csomagol\u00e1st a folyamat v\u00e9g\u00e9n \u201er\u00e1tenni\u201d a term\u00e9kre. A csomagol\u00e1si d\u00f6nt\u00e9seknek m\u00e1r a term\u00e9kfejleszt\u00e9s, beszerz\u00e9s, fenntarthat\u00f3s\u00e1gi strat\u00e9gia \u00e9s logisztikai tervez\u00e9s sor\u00e1n szerepet kell kapniuk.<\/p><p>A m\u00e1sodik fontos trend a csomagol\u00e1sminimaliz\u00e1l\u00e1s. Ez nem azonos a gyeng\u00e9bb csomagol\u00e1ssal, hanem az indokolatlan anyaghaszn\u00e1lat cs\u00f6kkent\u00e9s\u00e9t jelenti. A jobb m\u00e9retez\u00e9s, a k\u00f6nnyebb szerkezet, a kevesebb felesleges r\u00e9teg \u00e9s az optimaliz\u00e1lt raklapkihaszn\u00e1l\u00e1s mind olyan ter\u00fclet, ahol a csomagol\u00e1s egyszerre v\u00e1lhat k\u00f6lts\u00e9ghat\u00e9konyabb\u00e1 \u00e9s fenntarthat\u00f3bb\u00e1.<\/p><p>A harmadik trend a hiteles fenntarthat\u00f3s\u00e1gi kommunik\u00e1ci\u00f3. A fogyaszt\u00f3k \u00e9s a szab\u00e1lyoz\u00f3k is egyre \u00e9rz\u00e9kenyebbek azokra az \u00e1ll\u00edt\u00e1sokra, amelyek z\u00f6ldebbnek mutatnak egy term\u00e9ket vagy csomagol\u00e1st, mint amilyen az val\u00f3j\u00e1ban. Ez\u00e9rt a csomagol\u00e1son megjelen\u0151 \u00fczeneteknek, jel\u00f6l\u00e9seknek \u00e9s vizu\u00e1lis megold\u00e1soknak \u00f6sszhangban kell lenni\u00fck a t\u00e9nyleges anyaghaszn\u00e1lattal \u00e9s \u00fajrahasznos\u00edt\u00e1si lehet\u0151s\u00e9gekkel.<\/p><p>A negyedik trend a technol\u00f3giai pontoss\u00e1g fel\u00e9rt\u00e9kel\u0151d\u00e9se. Az \u00e9lelmiszeripari csomagol\u00e1sn\u00e1l a nyomatmin\u0151s\u00e9g, a sz\u00ednpontoss\u00e1g, az olvashat\u00f3s\u00e1g, a szerkezeti stabilit\u00e1s \u00e9s a gy\u00e1rt\u00e1si ism\u00e9telhet\u0151s\u00e9g mind alapvet\u0151 elv\u00e1r\u00e1s. A m\u00e1rka\u00e9p\u00edt\u00e9s, a megfelel\u00e9s \u00e9s a gy\u00e1rt\u00e1si hat\u00e9konys\u00e1g itt nem k\u00fcl\u00f6n vil\u00e1gok, hanem ugyanannak a d\u00f6nt\u00e9si rendszernek a r\u00e9szei.<\/p><h2>Hogyan \u00e9rdemes \u00e9lelmiszer csomagol\u00e1st tervezni 2026-ban?<\/h2><p>Az els\u0151 l\u00e9p\u00e9s mindig a term\u00e9k pontos meg\u00e9rt\u00e9se. Milyen \u00e9lelmiszerr\u0151l van sz\u00f3? Milyen \u00e9rz\u00e9kenys\u00e9gei vannak? Milyen eltarthat\u00f3s\u00e1gi, kezel\u00e9si \u00e9s t\u00e1rol\u00e1si k\u00f6vetelm\u00e9nyek mer\u00fclnek fel? K\u00f6zvetlen vagy k\u00f6zvetett \u00e9lelmiszerkontaktusr\u00f3l besz\u00e9l\u00fcnk? Milyen inform\u00e1ci\u00f3knak kell megjelennie a csomagol\u00e1son? Milyen piacra ker\u00fcl a term\u00e9k?<\/p><p>A m\u00e1sodik l\u00e9p\u00e9s a csomagol\u00e1si c\u00e9l meghat\u00e1roz\u00e1sa. M\u00e1s megold\u00e1s kell egy pr\u00e9mium aj\u00e1nd\u00e9kcsomaghoz, egy nagy darabsz\u00e1m\u00fa FMCG term\u00e9khez, egy automatiz\u00e1lt t\u00f6lt\u0151sorra ker\u00fcl\u0151 dobozhoz, egy exportpiacra sz\u00e1nt csomagol\u00e1shoz vagy egy szezon\u00e1lis prom\u00f3ci\u00f3s kiszerel\u00e9shez. A j\u00f3 csomagol\u00e1s nem \u00e1ltal\u00e1nosan j\u00f3, hanem az adott c\u00e9lra megfelel\u0151.<\/p><p>A harmadik l\u00e9p\u00e9s a gy\u00e1rthat\u00f3s\u00e1g vizsg\u00e1lata. Egy l\u00e1tv\u00e1nyos szerkezet csak akkor m\u0171k\u00f6dik, ha stabilan, ism\u00e9telhet\u0151 min\u0151s\u00e9gben \u00e9s gazdas\u00e1gosan el\u0151\u00e1ll\u00edthat\u00f3. A t\u00fal bonyolult forma, a rosszul megv\u00e1lasztott alapanyag, a nem megfelel\u0151 hajt\u00e1si pontok vagy az indokolatlan fel\u00fcletnemes\u00edt\u00e9si kombin\u00e1ci\u00f3k n\u00f6velhetik a gy\u00e1rt\u00e1si kock\u00e1zatot.<\/p><p>A negyedik l\u00e9p\u00e9s a teljes rendszer \u00e1tgondol\u00e1sa. Hogyan ker\u00fcl a csomagol\u00e1s a gy\u00e1rt\u00f3sorra? Hogyan t\u00f6ltik, z\u00e1rj\u00e1k, raklapozz\u00e1k, sz\u00e1ll\u00edtj\u00e1k \u00e9s helyezik ki? Hogyan tal\u00e1lkozik vele a fogyaszt\u00f3? Mi t\u00f6rt\u00e9nik vele haszn\u00e1lat ut\u00e1n? Ezek a k\u00e9rd\u00e9sek d\u00f6ntik el, hogy a csomagol\u00e1s val\u00f3ban m\u0171k\u00f6dik-e a gyakorlatban.<\/p><h2>Az \u00e9lelmiszer csomagol\u00e1s 2026-ban m\u00e1r nem utols\u00f3 l\u00e9p\u00e9s, hanem strat\u00e9giai d\u00f6nt\u00e9s<\/h2><p>Az \u00e9lelmiszer csomagol\u00e1s 2026-ban egyszerre biztons\u00e1gi, szab\u00e1lyoz\u00e1si, fenntarthat\u00f3s\u00e1gi, logisztikai \u00e9s m\u00e1rka\u00e9p\u00edt\u00e9si k\u00e9rd\u00e9s. A l\u00e1tv\u00e1ny tov\u00e1bbra is fontos, de \u00f6nmag\u00e1ban kev\u00e9s. Egy modern \u00e9lelmiszeripari csomagol\u00e1snak v\u00e9denie kell a term\u00e9ket, t\u00e1mogatnia kell az eltarthat\u00f3s\u00e1got, biztos\u00edtania kell az inform\u00e1ci\u00f3k olvashat\u00f3s\u00e1g\u00e1t, illeszkednie kell a gy\u00e1rt\u00e1si \u00e9s logisztikai folyamatokhoz, \u00e9s k\u00f6zben meg kell felelnie az egyre szigorod\u00f3 eur\u00f3pai elv\u00e1r\u00e1soknak.<\/p><p>A legjobb megold\u00e1sok nem a folyamat v\u00e9g\u00e9n sz\u00fcletnek. Akkor j\u00f6nnek l\u00e9tre, amikor a csomagol\u00e1si szempontok m\u00e1r a term\u00e9kfejleszt\u00e9s korai szakasz\u00e1ban megjelennek. Ilyenkor van val\u00f3di mozg\u00e1st\u00e9r az anyag, a szerkezet, a m\u00e9ret, a nyomtat\u00e1si technol\u00f3gia, a fel\u00fcletnemes\u00edt\u00e9s \u00e9s a logisztikai m\u0171k\u00f6d\u00e9s optimaliz\u00e1l\u00e1s\u00e1ra.<\/p><p>Ha \u00e9lelmiszeripari term\u00e9khez keres olyan csomagol\u00e1si megold\u00e1st, amely egyszerre t\u00e1mogatja a polci megjelen\u00e9st, a gy\u00e1rthat\u00f3s\u00e1got, a term\u00e9kbiztons\u00e1got \u00e9s a v\u00e1ltoz\u00f3 piaci elv\u00e1r\u00e1sokat, \u00e9rdemes m\u00e1r a tervez\u00e9s korai szakasz\u00e1ban szak\u00e9rt\u0151 csomagol\u00e1stechnol\u00f3giai partnerrel dolgozni.<\/p><p>A <a href=\"https:\/\/colorpack.hu\/\">Color Pack csapata<\/a> gyakorlati gy\u00e1rt\u00e1si tapasztalattal, korszer\u0171 nyomdatechnol\u00f3giai h\u00e1tt\u00e9rrel \u00e9s komplex csomagol\u00e1si szeml\u00e9lettel t\u00e1mogatja az \u00e9lelmiszeripari csomagol\u00e1si projektek megval\u00f3s\u00edt\u00e1s\u00e1t a tervez\u00e9st\u0151l a k\u00e9sz megold\u00e1sig.<\/p>\t\t\t\t\t\t\t\t<\/div>\n\t\t\t\t<\/div>\n\t\t\t\t<\/div>\n\t\t\t\t<\/div>\n\t\t\t\t\t<\/div>\n\t\t\t\t<\/div>\n\t\t\t\t<\/div>\n\t\t","protected":false},"excerpt":{"rendered":"<p>Az \u00e9lelmiszeripari csomagol\u00e1s ma m\u00e1r j\u00f3val t\u00f6bbr\u0151l sz\u00f3l, mint arr\u00f3l, hogy egy term\u00e9k l\u00e1tv\u00e1nyosan jelenjen meg a polcon. Term\u00e9szetesen a design tov\u00e1bbra is fontos, hiszen a v\u00e1s\u00e1rl\u00f3i d\u00f6nt\u00e9sek jelent\u0151s r\u00e9sze n\u00e9h\u00e1ny m\u00e1sodperc alatt, vizu\u00e1lis benyom\u00e1sok alapj\u00e1n sz\u00fcletik meg. Egy j\u00f3l megtervezett doboz, c\u00edmke vagy k\u00edn\u00e1l\u00f3 csomagol\u00e1s k\u00e9pes kiemelni a term\u00e9ket a versenyt\u00e1rsak k\u00f6z\u00fcl, er\u0151s\u00edti a [&hellip;]<\/p>\n","protected":false},"author":3,"featured_media":6954,"comment_status":"closed","ping_status":"closed","sticky":false,"template":"","format":"standard","meta":{"footnotes":""},"categories":[35],"tags":[],"class_list":["post-6950","post","type-post","status-publish","format-standard","has-post-thumbnail","hentry","category-hireink"],"yoast_head":"<!-- This site is optimized with the Yoast SEO Premium plugin v28.3 (Yoast SEO v28.3) - https:\/\/yoast.com\/product\/yoast-seo-premium-wordpress\/ -->\n<title>\u00c9lelmiszer csomagol\u00e1s 2026-ban: szab\u00e1lyoz\u00e1s, trendek \u00e9s technol\u00f3giai megold\u00e1sok - Kartonpack<\/title>\n<meta name=\"robots\" content=\"index, follow, max-snippet:-1, max-image-preview:large, max-video-preview:-1\" \/>\n<link rel=\"canonical\" href=\"https:\/\/test.kartonpack.hu\/?p=6950\" \/>\n<meta property=\"og:locale\" content=\"hu_HU\" \/>\n<meta property=\"og:type\" content=\"article\" \/>\n<meta property=\"og:title\" content=\"\u00c9lelmiszer csomagol\u00e1s 2026-ban: szab\u00e1lyoz\u00e1s, trendek \u00e9s technol\u00f3giai megold\u00e1sok\" \/>\n<meta property=\"og:description\" content=\"Az \u00e9lelmiszeripari csomagol\u00e1s ma m\u00e1r j\u00f3val t\u00f6bbr\u0151l sz\u00f3l, mint arr\u00f3l, hogy egy term\u00e9k l\u00e1tv\u00e1nyosan jelenjen meg a polcon. Term\u00e9szetesen a design tov\u00e1bbra is fontos, hiszen a v\u00e1s\u00e1rl\u00f3i d\u00f6nt\u00e9sek jelent\u0151s r\u00e9sze n\u00e9h\u00e1ny m\u00e1sodperc alatt, vizu\u00e1lis benyom\u00e1sok alapj\u00e1n sz\u00fcletik meg. Egy j\u00f3l megtervezett doboz, c\u00edmke vagy k\u00edn\u00e1l\u00f3 csomagol\u00e1s k\u00e9pes kiemelni a term\u00e9ket a versenyt\u00e1rsak k\u00f6z\u00fcl, er\u0151s\u00edti a [&hellip;]\" \/>\n<meta property=\"og:url\" content=\"https:\/\/test.kartonpack.hu\/?p=6950\" \/>\n<meta property=\"og:site_name\" content=\"Kartonpack\" \/>\n<meta property=\"article:publisher\" content=\"https:\/\/www.facebook.com\/profile.php?id=100063640926339\" \/>\n<meta property=\"article:published_time\" content=\"2026-07-27T08:46:41+00:00\" \/>\n<meta property=\"article:modified_time\" content=\"2026-07-27T08:48:11+00:00\" \/>\n<meta property=\"og:image\" content=\"https:\/\/test.kartonpack.hu\/wp-content\/uploads\/2026\/07\/magnific_remove-texts_3GNila9REY.png\" \/>\n\t<meta property=\"og:image:width\" content=\"1872\" \/>\n\t<meta property=\"og:image:height\" content=\"1248\" \/>\n\t<meta property=\"og:image:type\" content=\"image\/png\" \/>\n<meta name=\"author\" content=\"De\u00e1k Norbert\" \/>\n<meta name=\"twitter:card\" content=\"summary_large_image\" \/>\n<meta name=\"twitter:label1\" content=\"Szerz\u0151:\" \/>\n\t<meta name=\"twitter:data1\" content=\"De\u00e1k Norbert\" \/>\n\t<meta name=\"twitter:label2\" content=\"Becs\u00fclt olvas\u00e1si id\u0151\" \/>\n\t<meta name=\"twitter:data2\" content=\"14 perc\" \/>\n<script type=\"application\/ld+json\" class=\"yoast-schema-graph\">{\"@context\":\"https:\\\/\\\/schema.org\",\"@graph\":[{\"@type\":\"Article\",\"@id\":\"https:\\\/\\\/test.kartonpack.hu\\\/?p=6950#article\",\"isPartOf\":{\"@id\":\"https:\\\/\\\/test.kartonpack.hu\\\/?p=6950\"},\"author\":{\"name\":\"De\u00e1k Norbert\",\"@id\":\"https:\\\/\\\/test.kartonpack.hu\\\/#\\\/schema\\\/person\\\/824dbfe0a97fa0709eaec13e4b674831\"},\"headline\":\"\u00c9lelmiszer csomagol\u00e1s 2026-ban: szab\u00e1lyoz\u00e1s, trendek \u00e9s technol\u00f3giai megold\u00e1sok\",\"datePublished\":\"2026-07-27T08:46:41+00:00\",\"dateModified\":\"2026-07-27T08:48:11+00:00\",\"mainEntityOfPage\":{\"@id\":\"https:\\\/\\\/test.kartonpack.hu\\\/?p=6950\"},\"wordCount\":3909,\"publisher\":{\"@id\":\"https:\\\/\\\/test.kartonpack.hu\\\/#organization\"},\"image\":{\"@id\":\"https:\\\/\\\/test.kartonpack.hu\\\/?p=6950#primaryimage\"},\"thumbnailUrl\":\"https:\\\/\\\/test.kartonpack.hu\\\/wp-content\\\/uploads\\\/2026\\\/07\\\/magnific_remove-texts_3GNila9REY.png\",\"articleSection\":[\"H\u00edr\"],\"inLanguage\":\"hu\"},{\"@type\":\"WebPage\",\"@id\":\"https:\\\/\\\/test.kartonpack.hu\\\/?p=6950\",\"url\":\"https:\\\/\\\/test.kartonpack.hu\\\/?p=6950\",\"name\":\"\u00c9lelmiszer csomagol\u00e1s 2026-ban: szab\u00e1lyoz\u00e1s, trendek \u00e9s technol\u00f3giai megold\u00e1sok - Kartonpack\",\"isPartOf\":{\"@id\":\"https:\\\/\\\/test.kartonpack.hu\\\/#website\"},\"primaryImageOfPage\":{\"@id\":\"https:\\\/\\\/test.kartonpack.hu\\\/?p=6950#primaryimage\"},\"image\":{\"@id\":\"https:\\\/\\\/test.kartonpack.hu\\\/?p=6950#primaryimage\"},\"thumbnailUrl\":\"https:\\\/\\\/test.kartonpack.hu\\\/wp-content\\\/uploads\\\/2026\\\/07\\\/magnific_remove-texts_3GNila9REY.png\",\"datePublished\":\"2026-07-27T08:46:41+00:00\",\"dateModified\":\"2026-07-27T08:48:11+00:00\",\"breadcrumb\":{\"@id\":\"https:\\\/\\\/test.kartonpack.hu\\\/?p=6950#breadcrumb\"},\"inLanguage\":\"hu\",\"potentialAction\":[{\"@type\":\"ReadAction\",\"target\":[\"https:\\\/\\\/test.kartonpack.hu\\\/?p=6950\"]}]},{\"@type\":\"ImageObject\",\"inLanguage\":\"hu\",\"@id\":\"https:\\\/\\\/test.kartonpack.hu\\\/?p=6950#primaryimage\",\"url\":\"https:\\\/\\\/test.kartonpack.hu\\\/wp-content\\\/uploads\\\/2026\\\/07\\\/magnific_remove-texts_3GNila9REY.png\",\"contentUrl\":\"https:\\\/\\\/test.kartonpack.hu\\\/wp-content\\\/uploads\\\/2026\\\/07\\\/magnific_remove-texts_3GNila9REY.png\",\"width\":1872,\"height\":1248},{\"@type\":\"BreadcrumbList\",\"@id\":\"https:\\\/\\\/test.kartonpack.hu\\\/?p=6950#breadcrumb\",\"itemListElement\":[{\"@type\":\"ListItem\",\"position\":1,\"name\":\"Kezd\u0151lap\",\"item\":\"https:\\\/\\\/test.kartonpack.hu\\\/\"},{\"@type\":\"ListItem\",\"position\":2,\"name\":\"\u00c9lelmiszer csomagol\u00e1s 2026-ban: szab\u00e1lyoz\u00e1s, trendek \u00e9s technol\u00f3giai megold\u00e1sok\"}]},{\"@type\":\"WebSite\",\"@id\":\"https:\\\/\\\/test.kartonpack.hu\\\/#website\",\"url\":\"https:\\\/\\\/test.kartonpack.hu\\\/\",\"name\":\"Color Pack\",\"description\":\"Dobozipari Z\u00e1rtk\u00f6r\u0171en M\u0171k\u00f6d\u0151 R\u00e9szv\u00e9nyt\u00e1rsas\u00e1g\",\"publisher\":{\"@id\":\"https:\\\/\\\/test.kartonpack.hu\\\/#organization\"},\"potentialAction\":[{\"@type\":\"SearchAction\",\"target\":{\"@type\":\"EntryPoint\",\"urlTemplate\":\"https:\\\/\\\/test.kartonpack.hu\\\/?s={search_term_string}\"},\"query-input\":{\"@type\":\"PropertyValueSpecification\",\"valueRequired\":true,\"valueName\":\"search_term_string\"}}],\"inLanguage\":\"hu\"},{\"@type\":\"Organization\",\"@id\":\"https:\\\/\\\/test.kartonpack.hu\\\/#organization\",\"name\":\"Color Pack Nyomdaipari \u00e9s Csomagol\u00f3anyag Gy\u00e1rt\u00f3 Zrt.\",\"url\":\"https:\\\/\\\/test.kartonpack.hu\\\/\",\"logo\":{\"@type\":\"ImageObject\",\"inLanguage\":\"hu\",\"@id\":\"https:\\\/\\\/test.kartonpack.hu\\\/#\\\/schema\\\/logo\\\/image\\\/\",\"url\":\"https:\\\/\\\/test.kartonpack.hu\\\/wp-content\\\/uploads\\\/2026\\\/08\\\/kartonpack_logo-yellow.svg\",\"contentUrl\":\"https:\\\/\\\/test.kartonpack.hu\\\/wp-content\\\/uploads\\\/2026\\\/08\\\/kartonpack_logo-yellow.svg\",\"width\":418.80000000000001136868377216160297393798828125,\"height\":50.89999999999999857891452847979962825775146484375,\"caption\":\"Color Pack Nyomdaipari \u00e9s Csomagol\u00f3anyag Gy\u00e1rt\u00f3 Zrt.\"},\"image\":{\"@id\":\"https:\\\/\\\/test.kartonpack.hu\\\/#\\\/schema\\\/logo\\\/image\\\/\"},\"sameAs\":[\"https:\\\/\\\/www.facebook.com\\\/profile.php?id=100063640926339\",\"https:\\\/\\\/www.linkedin.com\\\/company\\\/color-pack-co-\\\/\"],\"description\":\"A Color Pack Zrt. vil\u00e1gsz\u00ednvonal\u00fa nyomdai \u00e9s csomagol\u00f3ipari tervez\u0151 \u00e9s kivitelez\u0151i sszolg\u00e1ltat\u00e1s\u00e1t a magasan k\u00e9pzett szakembereink \u00e9s korszer\u0171 m\u0171szaki h\u00e1tter\u00fcnk teszi lehet\u0151v\u00e9. Elk\u00f6telezettek vagyunk amellett, hogy folyamatosan l\u00e9p\u00e9st tartsunk a fejl\u0151d\u00e9ssel, meg\u00fajuljunk, \u00e9s \u00e9len j\u00e1rjunk az \u00faj technol\u00f3gi\u00e1k, term\u00e9kek \u00e9s szolg\u00e1ltat\u00e1sok bevezet\u00e9s\u00e9ben \u2013 mindig partnereink ig\u00e9nyeihez igazodva.\",\"email\":\"info@test.kartonpack.hu\",\"telephone\":\"+36 (42) 433-845\",\"legalName\":\"Color Pack Zrt.\",\"foundingDate\":\"1990-12-18\",\"taxID\":\"10470222-2-15\",\"numberOfEmployees\":{\"@type\":\"QuantitativeValue\",\"minValue\":\"51\",\"maxValue\":\"200\"}},{\"@type\":\"Person\",\"@id\":\"https:\\\/\\\/test.kartonpack.hu\\\/#\\\/schema\\\/person\\\/824dbfe0a97fa0709eaec13e4b674831\",\"name\":\"De\u00e1k Norbert\",\"image\":{\"@type\":\"ImageObject\",\"inLanguage\":\"hu\",\"@id\":\"https:\\\/\\\/secure.gravatar.com\\\/avatar\\\/496396c2b978155ee4fe1110294aa48ca9497848f5de75e986e261693f982e8a?s=96&d=mm&r=g\",\"url\":\"https:\\\/\\\/secure.gravatar.com\\\/avatar\\\/496396c2b978155ee4fe1110294aa48ca9497848f5de75e986e261693f982e8a?s=96&d=mm&r=g\",\"contentUrl\":\"https:\\\/\\\/secure.gravatar.com\\\/avatar\\\/496396c2b978155ee4fe1110294aa48ca9497848f5de75e986e261693f982e8a?s=96&d=mm&r=g\",\"caption\":\"De\u00e1k Norbert\"}}]}<\/script>\n<!-- \/ Yoast SEO Premium plugin. -->","yoast_head_json":{"title":"\u00c9lelmiszer csomagol\u00e1s 2026-ban: szab\u00e1lyoz\u00e1s, trendek \u00e9s technol\u00f3giai megold\u00e1sok - Kartonpack","robots":{"index":"index","follow":"follow","max-snippet":"max-snippet:-1","max-image-preview":"max-image-preview:large","max-video-preview":"max-video-preview:-1"},"canonical":"https:\/\/test.kartonpack.hu\/?p=6950","og_locale":"hu_HU","og_type":"article","og_title":"\u00c9lelmiszer csomagol\u00e1s 2026-ban: szab\u00e1lyoz\u00e1s, trendek \u00e9s technol\u00f3giai megold\u00e1sok","og_description":"Az \u00e9lelmiszeripari csomagol\u00e1s ma m\u00e1r j\u00f3val t\u00f6bbr\u0151l sz\u00f3l, mint arr\u00f3l, hogy egy term\u00e9k l\u00e1tv\u00e1nyosan jelenjen meg a polcon. Term\u00e9szetesen a design tov\u00e1bbra is fontos, hiszen a v\u00e1s\u00e1rl\u00f3i d\u00f6nt\u00e9sek jelent\u0151s r\u00e9sze n\u00e9h\u00e1ny m\u00e1sodperc alatt, vizu\u00e1lis benyom\u00e1sok alapj\u00e1n sz\u00fcletik meg. Egy j\u00f3l megtervezett doboz, c\u00edmke vagy k\u00edn\u00e1l\u00f3 csomagol\u00e1s k\u00e9pes kiemelni a term\u00e9ket a versenyt\u00e1rsak k\u00f6z\u00fcl, er\u0151s\u00edti a [&hellip;]","og_url":"https:\/\/test.kartonpack.hu\/?p=6950","og_site_name":"Kartonpack","article_publisher":"https:\/\/www.facebook.com\/profile.php?id=100063640926339","article_published_time":"2026-07-27T08:46:41+00:00","article_modified_time":"2026-07-27T08:48:11+00:00","og_image":[{"width":1872,"height":1248,"url":"https:\/\/test.kartonpack.hu\/wp-content\/uploads\/2026\/07\/magnific_remove-texts_3GNila9REY.png","type":"image\/png"}],"author":"De\u00e1k Norbert","twitter_card":"summary_large_image","twitter_misc":{"Szerz\u0151:":"De\u00e1k Norbert","Becs\u00fclt olvas\u00e1si id\u0151":"14 perc"},"schema":{"@context":"https:\/\/schema.org","@graph":[{"@type":"Article","@id":"https:\/\/test.kartonpack.hu\/?p=6950#article","isPartOf":{"@id":"https:\/\/test.kartonpack.hu\/?p=6950"},"author":{"name":"De\u00e1k Norbert","@id":"https:\/\/test.kartonpack.hu\/#\/schema\/person\/824dbfe0a97fa0709eaec13e4b674831"},"headline":"\u00c9lelmiszer csomagol\u00e1s 2026-ban: szab\u00e1lyoz\u00e1s, trendek \u00e9s technol\u00f3giai megold\u00e1sok","datePublished":"2026-07-27T08:46:41+00:00","dateModified":"2026-07-27T08:48:11+00:00","mainEntityOfPage":{"@id":"https:\/\/test.kartonpack.hu\/?p=6950"},"wordCount":3909,"publisher":{"@id":"https:\/\/test.kartonpack.hu\/#organization"},"image":{"@id":"https:\/\/test.kartonpack.hu\/?p=6950#primaryimage"},"thumbnailUrl":"https:\/\/test.kartonpack.hu\/wp-content\/uploads\/2026\/07\/magnific_remove-texts_3GNila9REY.png","articleSection":["H\u00edr"],"inLanguage":"hu"},{"@type":"WebPage","@id":"https:\/\/test.kartonpack.hu\/?p=6950","url":"https:\/\/test.kartonpack.hu\/?p=6950","name":"\u00c9lelmiszer csomagol\u00e1s 2026-ban: szab\u00e1lyoz\u00e1s, trendek \u00e9s technol\u00f3giai megold\u00e1sok - Kartonpack","isPartOf":{"@id":"https:\/\/test.kartonpack.hu\/#website"},"primaryImageOfPage":{"@id":"https:\/\/test.kartonpack.hu\/?p=6950#primaryimage"},"image":{"@id":"https:\/\/test.kartonpack.hu\/?p=6950#primaryimage"},"thumbnailUrl":"https:\/\/test.kartonpack.hu\/wp-content\/uploads\/2026\/07\/magnific_remove-texts_3GNila9REY.png","datePublished":"2026-07-27T08:46:41+00:00","dateModified":"2026-07-27T08:48:11+00:00","breadcrumb":{"@id":"https:\/\/test.kartonpack.hu\/?p=6950#breadcrumb"},"inLanguage":"hu","potentialAction":[{"@type":"ReadAction","target":["https:\/\/test.kartonpack.hu\/?p=6950"]}]},{"@type":"ImageObject","inLanguage":"hu","@id":"https:\/\/test.kartonpack.hu\/?p=6950#primaryimage","url":"https:\/\/test.kartonpack.hu\/wp-content\/uploads\/2026\/07\/magnific_remove-texts_3GNila9REY.png","contentUrl":"https:\/\/test.kartonpack.hu\/wp-content\/uploads\/2026\/07\/magnific_remove-texts_3GNila9REY.png","width":1872,"height":1248},{"@type":"BreadcrumbList","@id":"https:\/\/test.kartonpack.hu\/?p=6950#breadcrumb","itemListElement":[{"@type":"ListItem","position":1,"name":"Kezd\u0151lap","item":"https:\/\/test.kartonpack.hu\/"},{"@type":"ListItem","position":2,"name":"\u00c9lelmiszer csomagol\u00e1s 2026-ban: szab\u00e1lyoz\u00e1s, trendek \u00e9s technol\u00f3giai megold\u00e1sok"}]},{"@type":"WebSite","@id":"https:\/\/test.kartonpack.hu\/#website","url":"https:\/\/test.kartonpack.hu\/","name":"Color Pack","description":"Dobozipari Z\u00e1rtk\u00f6r\u0171en M\u0171k\u00f6d\u0151 R\u00e9szv\u00e9nyt\u00e1rsas\u00e1g","publisher":{"@id":"https:\/\/test.kartonpack.hu\/#organization"},"potentialAction":[{"@type":"SearchAction","target":{"@type":"EntryPoint","urlTemplate":"https:\/\/test.kartonpack.hu\/?s={search_term_string}"},"query-input":{"@type":"PropertyValueSpecification","valueRequired":true,"valueName":"search_term_string"}}],"inLanguage":"hu"},{"@type":"Organization","@id":"https:\/\/test.kartonpack.hu\/#organization","name":"Color Pack Nyomdaipari \u00e9s Csomagol\u00f3anyag Gy\u00e1rt\u00f3 Zrt.","url":"https:\/\/test.kartonpack.hu\/","logo":{"@type":"ImageObject","inLanguage":"hu","@id":"https:\/\/test.kartonpack.hu\/#\/schema\/logo\/image\/","url":"https:\/\/test.kartonpack.hu\/wp-content\/uploads\/2026\/08\/kartonpack_logo-yellow.svg","contentUrl":"https:\/\/test.kartonpack.hu\/wp-content\/uploads\/2026\/08\/kartonpack_logo-yellow.svg","width":418.80000000000001136868377216160297393798828125,"height":50.89999999999999857891452847979962825775146484375,"caption":"Color Pack Nyomdaipari \u00e9s Csomagol\u00f3anyag Gy\u00e1rt\u00f3 Zrt."},"image":{"@id":"https:\/\/test.kartonpack.hu\/#\/schema\/logo\/image\/"},"sameAs":["https:\/\/www.facebook.com\/profile.php?id=100063640926339","https:\/\/www.linkedin.com\/company\/color-pack-co-\/"],"description":"A Color Pack Zrt. vil\u00e1gsz\u00ednvonal\u00fa nyomdai \u00e9s csomagol\u00f3ipari tervez\u0151 \u00e9s kivitelez\u0151i sszolg\u00e1ltat\u00e1s\u00e1t a magasan k\u00e9pzett szakembereink \u00e9s korszer\u0171 m\u0171szaki h\u00e1tter\u00fcnk teszi lehet\u0151v\u00e9. Elk\u00f6telezettek vagyunk amellett, hogy folyamatosan l\u00e9p\u00e9st tartsunk a fejl\u0151d\u00e9ssel, meg\u00fajuljunk, \u00e9s \u00e9len j\u00e1rjunk az \u00faj technol\u00f3gi\u00e1k, term\u00e9kek \u00e9s szolg\u00e1ltat\u00e1sok bevezet\u00e9s\u00e9ben \u2013 mindig partnereink ig\u00e9nyeihez igazodva.","email":"info@test.kartonpack.hu","telephone":"+36 (42) 433-845","legalName":"Color Pack Zrt.","foundingDate":"1990-12-18","taxID":"10470222-2-15","numberOfEmployees":{"@type":"QuantitativeValue","minValue":"51","maxValue":"200"}},{"@type":"Person","@id":"https:\/\/test.kartonpack.hu\/#\/schema\/person\/824dbfe0a97fa0709eaec13e4b674831","name":"De\u00e1k Norbert","image":{"@type":"ImageObject","inLanguage":"hu","@id":"https:\/\/secure.gravatar.com\/avatar\/496396c2b978155ee4fe1110294aa48ca9497848f5de75e986e261693f982e8a?s=96&d=mm&r=g","url":"https:\/\/secure.gravatar.com\/avatar\/496396c2b978155ee4fe1110294aa48ca9497848f5de75e986e261693f982e8a?s=96&d=mm&r=g","contentUrl":"https:\/\/secure.gravatar.com\/avatar\/496396c2b978155ee4fe1110294aa48ca9497848f5de75e986e261693f982e8a?s=96&d=mm&r=g","caption":"De\u00e1k Norbert"}}]}},"views":9,"_links":{"self":[{"href":"https:\/\/test.kartonpack.hu\/index.php?rest_route=\/wp\/v2\/posts\/6950","targetHints":{"allow":["GET"]}}],"collection":[{"href":"https:\/\/test.kartonpack.hu\/index.php?rest_route=\/wp\/v2\/posts"}],"about":[{"href":"https:\/\/test.kartonpack.hu\/index.php?rest_route=\/wp\/v2\/types\/post"}],"author":[{"embeddable":true,"href":"https:\/\/test.kartonpack.hu\/index.php?rest_route=\/wp\/v2\/users\/3"}],"replies":[{"embeddable":true,"href":"https:\/\/test.kartonpack.hu\/index.php?rest_route=%2Fwp%2Fv2%2Fcomments&post=6950"}],"version-history":[{"count":4,"href":"https:\/\/test.kartonpack.hu\/index.php?rest_route=\/wp\/v2\/posts\/6950\/revisions"}],"predecessor-version":[{"id":6957,"href":"https:\/\/test.kartonpack.hu\/index.php?rest_route=\/wp\/v2\/posts\/6950\/revisions\/6957"}],"wp:featuredmedia":[{"embeddable":true,"href":"https:\/\/test.kartonpack.hu\/index.php?rest_route=\/wp\/v2\/media\/6954"}],"wp:attachment":[{"href":"https:\/\/test.kartonpack.hu\/index.php?rest_route=%2Fwp%2Fv2%2Fmedia&parent=6950"}],"wp:term":[{"taxonomy":"category","embeddable":true,"href":"https:\/\/test.kartonpack.hu\/index.php?rest_route=%2Fwp%2Fv2%2Fcategories&post=6950"},{"taxonomy":"post_tag","embeddable":true,"href":"https:\/\/test.kartonpack.hu\/index.php?rest_route=%2Fwp%2Fv2%2Ftags&post=6950"}],"curies":[{"name":"wp","href":"https:\/\/api.w.org\/{rel}","templated":true}]}}