{"id":6570,"date":"2026-06-23T14:31:39","date_gmt":"2026-06-23T14:31:39","guid":{"rendered":"https:\/\/test.kartonpack.hu\/?p=6570"},"modified":"2026-07-27T08:50:06","modified_gmt":"2026-07-27T08:50:06","slug":"milyen-adatokat-erdemes-bekerni-egy-csomagolasi-projekt-lezarasa-utan","status":"publish","type":"post","link":"https:\/\/test.kartonpack.hu\/?p=6570","title":{"rendered":"Milyen adatokat \u00e9rdemes bek\u00e9rni egy csomagol\u00e1si projekt lez\u00e1r\u00e1sa ut\u00e1n?"},"content":{"rendered":"\t\t<div data-elementor-type=\"wp-post\" data-elementor-id=\"6570\" class=\"elementor elementor-6570\" data-elementor-post-type=\"post\">\n\t\t\t\t<div class=\"elementor-element elementor-element-6d422ca e-flex e-con-boxed e-con e-parent\" data-id=\"6d422ca\" data-element_type=\"container\" data-e-type=\"container\" data-settings=\"{&quot;jet_parallax_layout_list&quot;:[]}\">\n\t\t\t\t\t<div class=\"e-con-inner\">\n\t\t<div class=\"elementor-element elementor-element-7479935 e-con-full e-flex e-con e-child\" data-id=\"7479935\" data-element_type=\"container\" data-e-type=\"container\" data-settings=\"{&quot;jet_parallax_layout_list&quot;:[]}\">\n\t\t<div class=\"elementor-element elementor-element-6bbd36c e-con-full e-flex e-con e-child\" data-id=\"6bbd36c\" data-element_type=\"container\" data-e-type=\"container\" data-settings=\"{&quot;jet_parallax_layout_list&quot;:[]}\">\n\t\t\t\t<div class=\"elementor-element elementor-element-83289f1 elementor-widget elementor-widget-text-editor\" data-id=\"83289f1\" data-element_type=\"widget\" data-e-type=\"widget\" data-widget_type=\"text-editor.default\">\n\t\t\t\t<div class=\"elementor-widget-container\">\n\t\t\t\t\t\t\t\t\t<p><span style=\"font-weight: 400;\">Egy csomagol\u00e1si projektet k\u00f6nny\u0171 lez\u00e1rtnak tekinteni abban a pillanatban, amikor az elk\u00e9sz\u00fclt term\u00e9kek elhagyj\u00e1k a gy\u00e1rt\u00f3\u00fczemet. A megrendel\u00e9s teljes\u00fclt, az \u00e1ru meg\u00e9rkezett, a term\u00e9k pedig kiker\u00fclt a polcokra. \u00dczleti szempontb\u00f3l azonban \u00e9ppen ekkor kezd\u0151dik a projekt egyik leg\u00e9rt\u00e9kesebb szakasza: az eredm\u00e9nyek \u00e9rt\u00e9kel\u00e9se.<\/span><\/p><p><span style=\"font-weight: 400;\">A gy\u00e1rt\u00e1s \u00e9s a piaci bevezet\u00e9s sor\u00e1n keletkez\u0151 adatok ugyanis pontosabb k\u00e9pet adhatnak a csomagol\u00e1s val\u00f3di teljes\u00edtm\u00e9ny\u00e9r\u0151l, mint b\u00e1rmelyik el\u0151zetes prezent\u00e1ci\u00f3 vagy l\u00e1tv\u00e1nyterv. Megmutatj\u00e1k, hogy a megold\u00e1s mennyire volt stabilan gy\u00e1rthat\u00f3, milyen t\u00f6bbletk\u00f6lts\u00e9gek jelentkeztek, tartani lehetett-e az \u00fctemez\u00e9st, \u00e9s hogyan reag\u00e1ltak r\u00e1 a kereskedelmi partnerek, illetve a v\u00e1s\u00e1rl\u00f3k.<\/span><\/p><p><span style=\"font-weight: 400;\">A projektz\u00e1r\u00e1s ez\u00e9rt nem adminisztrat\u00edv formalit\u00e1s. J\u00f3 esetben olyan tanul\u00e1si pont, amelyb\u0151l a marketing, a beszerz\u00e9s, a kereskedelem \u00e9s a gy\u00e1rt\u00e1s egyar\u00e1nt haszn\u00e1lhat\u00f3 k\u00f6vetkeztet\u00e9seket vonhat le.<\/span><\/p><h2><b>Mi\u00e9rt nem el\u00e9g azt tudni, hogy a gy\u00e1rt\u00e1s elk\u00e9sz\u00fclt?<\/b><\/h2><p><span style=\"font-weight: 400;\">Egy csomagol\u00e1si projekt eredm\u00e9nyess\u00e9g\u00e9t nem lehet kiz\u00e1r\u00f3lag az alapj\u00e1n meg\u00edt\u00e9lni, hogy a megfelel\u0151 darabsz\u00e1m id\u0151ben meg\u00e9rkezett-e. A v\u00e9gs\u0151 teljes\u00edtm\u00e9nyt sz\u00e1mos olyan t\u00e9nyez\u0151 befoly\u00e1solja, amely az aj\u00e1nlatban vagy a projekttervben m\u00e9g nem felt\u00e9tlen\u00fcl l\u00e1that\u00f3.<\/span><\/p><p><span style=\"font-weight: 400;\">El\u0151fordulhat p\u00e9ld\u00e1ul, hogy a gy\u00e1rt\u00e1s hat\u00e1rid\u0151re elk\u00e9sz\u00fcl, de a tervezettn\u00e9l magasabb selejtar\u00e1ny mellett. Az is lehet, hogy a csomagol\u00e1s vizu\u00e1lisan megfelel\u0151, de az egyes gy\u00e1rt\u00e1si t\u00e9telek k\u00f6z\u00f6tt sz\u00ednelt\u00e9r\u00e9s tapasztalhat\u00f3. Egy \u00faj konstrukci\u00f3 cs\u00f6kkentheti az alapanyagk\u00f6lts\u00e9get, mik\u00f6zben a csomagol\u00e1si vagy logisztikai folyamatban t\u00f6bb id\u0151t \u00e9s munkaer\u0151t ig\u00e9nyel.<\/span><\/p><p><span style=\"font-weight: 400;\">A projekt val\u00f3di eredm\u00e9nye ez\u00e9rt csak akkor l\u00e1that\u00f3, ha a gy\u00e1rt\u00e1si, p\u00e9nz\u00fcgyi \u00e9s piaci adatokat egy\u00fcttesen vizsg\u00e1ljuk.<\/span><\/p><h2><b>Selejtar\u00e1ny: mennyi term\u00e9k nem v\u00e1lt felhaszn\u00e1lhat\u00f3v\u00e1?<\/b><\/h2><p><span style=\"font-weight: 400;\">A selejtar\u00e1ny az egyik legalapvet\u0151bb gy\u00e1rt\u00e1si mutat\u00f3, m\u00e9gis gyakran csak akkor ker\u00fcl el\u0151t\u00e9rbe, ha m\u00e1r l\u00e1tv\u00e1nyosan magas. Pedig kisebb elt\u00e9r\u00e9sek is komoly k\u00f6lts\u00e9get jelenthetnek nagy volumen\u0171 gy\u00e1rt\u00e1s eset\u00e9n.<\/span><\/p><p><span style=\"font-weight: 400;\">\u00c9rdemes bek\u00e9rni, hogy a teljes gy\u00e1rtott mennyis\u00e9gb\u0151l h\u00e1ny darab nem felelt meg a min\u0151s\u00e9gi k\u00f6vetelm\u00e9nyeknek, \u00e9s pontosan milyen okb\u00f3l v\u00e1lt selejtt\u00e9. Nem mindegy ugyanis, hogy a vesztes\u00e9get nyomtat\u00e1si elt\u00e9r\u00e9s, v\u00e1g\u00e1si hiba, hajt\u00e1si probl\u00e9ma, ragaszt\u00e1si pontatlans\u00e1g vagy alapanyaghiba okozta.<\/span><\/p><p><span style=\"font-weight: 400;\">A selejtar\u00e1nyt \u00f6nmag\u00e1ban sem \u00e9rdemes \u00e9rt\u00e9kelni. Fontos \u00f6sszevetni a kor\u00e1bbi gy\u00e1rt\u00e1sokkal, az adott technol\u00f3gia \u00e1tlagos teljes\u00edtm\u00e9ny\u00e9vel \u00e9s a projekt sor\u00e1n v\u00e1llalt min\u0151s\u00e9gi szinttel.<\/span><\/p><p><span style=\"font-weight: 400;\">Ha az adatokat k\u00f6vetkezetesen gy\u0171jtj\u00fck, id\u0151vel l\u00e1that\u00f3v\u00e1 v\u00e1lhat, hogy mely konstrukci\u00f3k, anyagok vagy gy\u00e1rt\u00e1si megold\u00e1sok okoznak rendszeresen nagyobb vesztes\u00e9get. Ez m\u00e1r k\u00f6zvetlen alapot adhat a k\u00f6vetkez\u0151 projekt optimaliz\u00e1l\u00e1s\u00e1hoz.<\/span><\/p><h2><b>Gy\u00e1rt\u00e1si elt\u00e9r\u00e9sek: mi v\u00e1ltozott az elfogadott mint\u00e1hoz k\u00e9pest?<\/b><\/h2><p><span style=\"font-weight: 400;\">A j\u00f3v\u00e1hagyott proof vagy gy\u00e1rt\u00e1si minta fontos viszony\u00edt\u00e1si pont, de a v\u00e9gleges sorozat teljes\u00edtm\u00e9ny\u00e9t k\u00fcl\u00f6n is ellen\u0151rizni kell.<\/span><\/p><p><span style=\"font-weight: 400;\">A projekt lez\u00e1r\u00e1sakor \u00e9rdemes dokument\u00e1lni, hogy jelentkezett-e elt\u00e9r\u00e9s:<\/span><\/p><ul><li style=\"font-weight: 400;\" aria-level=\"1\"><span style=\"font-weight: 400;\">a j\u00f3v\u00e1hagyott sz\u00ednekhez k\u00e9pest;<\/span><\/li><li style=\"font-weight: 400;\" aria-level=\"1\"><span style=\"font-weight: 400;\">a fel\u00fcletnemes\u00edt\u00e9s intenzit\u00e1s\u00e1ban vagy poz\u00edci\u00f3j\u00e1ban;<\/span><\/li><li style=\"font-weight: 400;\" aria-level=\"1\"><span style=\"font-weight: 400;\">a v\u00e1g\u00e1sok, hajt\u00e1sok \u00e9s ragaszt\u00e1sok pontoss\u00e1g\u00e1ban;<\/span><\/li><li style=\"font-weight: 400;\" aria-level=\"1\"><span style=\"font-weight: 400;\">az alapanyag tapint\u00e1s\u00e1ban, vastags\u00e1g\u00e1ban vagy \u00e1rnyalat\u00e1ban;<\/span><\/li><li style=\"font-weight: 400;\" aria-level=\"1\"><span style=\"font-weight: 400;\">az egyes gy\u00e1rt\u00e1si t\u00e9telek k\u00f6z\u00f6tt;<\/span><\/li><li style=\"font-weight: 400;\" aria-level=\"1\"><span style=\"font-weight: 400;\">a k\u00fcl\u00f6nb\u00f6z\u0151 term\u00e9kv\u00e1ltozatok megjelen\u00e9s\u00e9ben.<\/span><\/li><\/ul><p><span style=\"font-weight: 400;\">Egy kisebb sz\u00ednelt\u00e9r\u00e9s \u00f6nmag\u00e1ban tal\u00e1n nem t\u0171nik jelent\u0151s probl\u00e9m\u00e1nak. Ha azonban az elt\u00e9r\u0151 gy\u00e1rt\u00e1si t\u00e9telek egyszerre ker\u00fclnek a polcra, a k\u00fcl\u00f6nbs\u00e9g m\u00e1r ronthatja a term\u00e9kcsal\u00e1d egys\u00e9ges megjelen\u00e9s\u00e9t.<\/span><\/p><p><span style=\"font-weight: 400;\">A gy\u00e1rt\u00e1si elt\u00e9r\u00e9sek dokument\u00e1l\u00e1sa nem kiz\u00e1r\u00f3lag reklam\u00e1ci\u00f3s c\u00e9lokat szolg\u00e1l. Seg\u00edt pontos\u00edtani a k\u00e9s\u0151bbi sz\u00ednreferenci\u00e1kat, anyagv\u00e1laszt\u00e1st, proofol\u00e1si elj\u00e1r\u00e1st \u00e9s min\u0151s\u00e9g-ellen\u0151rz\u00e9si pontokat is.<\/span><\/p><h2><b>A t\u00e9nyleges k\u00f6lts\u00e9g: mennyibe ker\u00fclt v\u00e9g\u00fcl a teljes projekt?<\/b><\/h2><p><span style=\"font-weight: 400;\">A csomagol\u00e1s k\u00f6lts\u00e9g\u00e9t gyakran az egys\u00e9g\u00e1r alapj\u00e1n \u00e9rt\u00e9kelj\u00fck, mik\u00f6zben a t\u00e9nyleges beker\u00fcl\u00e9si k\u00f6lts\u00e9g enn\u00e9l j\u00f3val \u00f6sszetettebb.<\/span><\/p><p><span style=\"font-weight: 400;\">A projekt lez\u00e1r\u00e1sa ut\u00e1n ez\u00e9rt \u00e9rdemes \u00f6sszevetni az eredeti k\u00f6lts\u00e9gtervet a t\u00e9nyleges r\u00e1ford\u00edt\u00e1sokkal. Az alapanyag- \u00e9s gy\u00e1rt\u00e1si k\u00f6lts\u00e9gek mellett ide tartozhatnak a m\u00f3dos\u00edt\u00e1sok, az extra proofok, a s\u00fcrg\u0151ss\u00e9gi gy\u00e1rt\u00e1s, az ism\u00e9telt sz\u00e1ll\u00edt\u00e1s, a p\u00f3trendel\u00e9s vagy az \u00fajragy\u00e1rt\u00e1s k\u00f6lts\u00e9gei is.<\/span><\/p><p><span style=\"font-weight: 400;\">A teljes k\u00f6lts\u00e9g vizsg\u00e1latakor a bels\u0151 r\u00e1ford\u00edt\u00e1sokat sem szabad figyelmen k\u00edv\u00fcl hagyni. Ha egy projekt a v\u00e1rtn\u00e1l t\u00f6bb j\u00f3v\u00e1hagy\u00e1si k\u00f6rt, egyeztet\u00e9st vagy f\u00e1jlkorrekci\u00f3t ig\u00e9nyelt, az a marketing-, beszerz\u00e9si \u00e9s grafikai csapat oldal\u00e1n is t\u00f6bbletmunk\u00e1t okozott.<\/span><\/p><p><span style=\"font-weight: 400;\">A megfelel\u0151 k\u00e9rd\u00e9s teh\u00e1t nem az, hogy mennyi volt a csomagol\u00e1s egys\u00e9g\u00e1ra. Sokkal ink\u00e1bb az, hogy a teljes projekt mennyibe ker\u00fclt a v\u00e1llalatnak az els\u0151 brief elk\u00e9sz\u00edt\u00e9s\u00e9t\u0151l a polcra ker\u00fcl\u00e9sig.<\/span><\/p><h2><b>\u00c1tfut\u00e1si id\u0151: hol telt el a legt\u00f6bb id\u0151?<\/b><\/h2><p><span style=\"font-weight: 400;\">A projekt teljes id\u0151tartama mellett \u00e9rdemes k\u00fcl\u00f6n vizsg\u00e1lni az egyes szakaszok \u00e1tfut\u00e1si idej\u00e9t is.<\/span><\/p><p><span style=\"font-weight: 400;\">Mennyi id\u0151 telt el a brief \u00e1tad\u00e1s\u00e1t\u00f3l az els\u0151 m\u0171szaki visszajelz\u00e9sig? H\u00e1ny napot vett ig\u00e9nybe az anyagv\u00e1laszt\u00e1s, a proofol\u00e1s, a j\u00f3v\u00e1hagy\u00e1s \u00e9s maga a gy\u00e1rt\u00e1s? Hol alakultak ki v\u00e1rakoz\u00e1si id\u0151k? Melyik d\u00f6nt\u00e9si pontn\u00e1l volt sz\u00fcks\u00e9g a legt\u00f6bb egyeztet\u00e9sre?<\/span><\/p><p><span style=\"font-weight: 400;\">Ezek az adatok k\u00fcl\u00f6n\u00f6sen fontosak prom\u00f3ci\u00f3s, szezon\u00e1lis vagy gyors term\u00e9kbevezet\u00e9sekn\u00e9l. Sok esetben ugyanis nem maga a gy\u00e1rt\u00e1s okozza a cs\u00fasz\u00e1st, hanem a hi\u00e1nyos brief, a k\u00e9s\u0151n \u00e9rkez\u0151 grafikai f\u00e1jl, a t\u00f6bbk\u00f6r\u00f6s j\u00f3v\u00e1hagy\u00e1s vagy egy olyan technol\u00f3giai ig\u00e9ny, amelyr\u0151l csak a folyamat v\u00e9g\u00e9n der\u00fcl ki, hogy m\u00f3dos\u00edtani kell.<\/span><\/p><p><span style=\"font-weight: 400;\">Az \u00e1tfut\u00e1si id\u0151 elemz\u00e9se seg\u00edthet re\u00e1lisabb projekttervet k\u00e9sz\u00edteni, pontosabban meghat\u00e1rozni a felel\u0151ss\u00e9gi k\u00f6r\u00f6ket \u00e9s id\u0151ben bevonni a gy\u00e1rt\u00f3partnert.<\/span><\/p><h2><b>Retail visszajelz\u00e9sek: hogyan m\u0171k\u00f6d\u00f6tt a csomagol\u00e1s a val\u00f3di k\u00f6rnyezet\u00e9ben?<\/b><\/h2><p><span style=\"font-weight: 400;\">A csomagol\u00e1s v\u00e9gs\u0151 tesztje nem a t\u00e1rgyal\u00f3ban, hanem a kereskedelmi k\u00f6rnyezetben t\u00f6rt\u00e9nik.<\/span><\/p><p><span style=\"font-weight: 400;\">\u00c9rdemes ez\u00e9rt visszajelz\u00e9st k\u00e9rni az \u00e9rt\u00e9kes\u00edt\u00e9si csapatt\u00f3l, a kereskedelmi partnerekt\u0151l \u00e9s lehet\u0151s\u00e9g szerint magukt\u00f3l az \u00fczletekt\u0151l is. J\u00f3l kezelhet\u0151 volt-e a term\u00e9k a polcfelt\u00f6lt\u00e9s sor\u00e1n? K\u00f6nnyen azonos\u00edthat\u00f3k voltak-e az egyes term\u00e9kv\u00e1ltozatok? Megfelel\u0151 volt-e a csomagol\u00e1s stabilit\u00e1sa \u00e9s m\u00e9rete? Jelentkezett-e s\u00e9r\u00fcl\u00e9s a sz\u00e1ll\u00edt\u00e1s vagy a bolti kezel\u00e9s sor\u00e1n?<\/span><\/p><p><span style=\"font-weight: 400;\">A retail visszajelz\u00e9s a vizu\u00e1lis teljes\u00edtm\u00e9nyr\u0151l is \u00e9rt\u00e9kes inform\u00e1ci\u00f3t adhat. Kit\u0171nt-e a term\u00e9k a kateg\u00f3ri\u00e1j\u00e1b\u00f3l? K\u00f6nnyen \u00e9rtelmezhet\u0151 volt-e a f\u0151 \u00fczenet? A term\u00e9kcsal\u00e1d egys\u00e9ges k\u00e9pet mutatott-e a polcon? Nem takart-e el fontos inform\u00e1ci\u00f3t az \u00e1rjelz\u00e9s, a polcs\u00edn vagy a kihelyez\u00e9s m\u00f3dja?<\/span><\/p><p><span style=\"font-weight: 400;\">Ezek a tapasztalatok sok esetben olyan probl\u00e9m\u00e1kat t\u00e1rnak fel, amelyek sem a digit\u00e1lis l\u00e1tv\u00e1nyterven, sem a gy\u00e1rt\u00e1si mint\u00e1n nem l\u00e1that\u00f3k.<\/span><\/p><h2><b>\u00c9rt\u00e9kes\u00edt\u00e9si adatok: javult-e a csomagol\u00e1s kereskedelmi teljes\u00edtm\u00e9nye?<\/b><\/h2><p><span style=\"font-weight: 400;\">A csomagol\u00e1s \u00e9rt\u00e9kes\u00edt\u00e9si hat\u00e1s\u00e1t neh\u00e9z egyetlen mutat\u00f3val elk\u00fcl\u00f6n\u00edteni, hiszen az elad\u00e1sokat az \u00e1r, a prom\u00f3ci\u00f3, a disztrib\u00faci\u00f3 \u00e9s sz\u00e1mos m\u00e1s t\u00e9nyez\u0151 is befoly\u00e1solja. Ett\u0151l f\u00fcggetlen\u00fcl a projekt el\u0151tti \u00e9s ut\u00e1ni adatok \u00f6sszevet\u00e9se fontos t\u00e1mpontokat adhat.<\/span><\/p><p><span style=\"font-weight: 400;\">Vizsg\u00e1lhat\u00f3 p\u00e9ld\u00e1ul:<\/span><\/p><ul><li style=\"font-weight: 400;\" aria-level=\"1\"><span style=\"font-weight: 400;\">az \u00e9rt\u00e9kes\u00edt\u00e9si volumen v\u00e1ltoz\u00e1sa;<\/span><\/li><li style=\"font-weight: 400;\" aria-level=\"1\"><span style=\"font-weight: 400;\">az egy \u00fczletre jut\u00f3 elad\u00e1s;<\/span><\/li><li style=\"font-weight: 400;\" aria-level=\"1\"><span style=\"font-weight: 400;\">az els\u0151 v\u00e1s\u00e1rl\u00e1sok \u00e9s az ism\u00e9telt v\u00e1s\u00e1rl\u00e1sok ar\u00e1nya;<\/span><\/li><li style=\"font-weight: 400;\" aria-level=\"1\"><span style=\"font-weight: 400;\">a prom\u00f3ci\u00f3s id\u0151szak eredm\u00e9nye;<\/span><\/li><li style=\"font-weight: 400;\" aria-level=\"1\"><span style=\"font-weight: 400;\">az egyes kiszerel\u00e9sek teljes\u00edtm\u00e9nye;<\/span><\/li><li style=\"font-weight: 400;\" aria-level=\"1\"><span style=\"font-weight: 400;\">az \u00faj \u00e9s a r\u00e9gi csomagol\u00e1s kifut\u00e1si sebess\u00e9ge;<\/span><\/li><li style=\"font-weight: 400;\" aria-level=\"1\"><span style=\"font-weight: 400;\">az export- vagy csatornaspecifikus v\u00e1ltozatok eredm\u00e9nye.<\/span><\/li><\/ul><p><span style=\"font-weight: 400;\">Az adatok \u00e9rtelmez\u00e9s\u00e9n\u00e9l nemcsak a n\u00f6veked\u00e9st \u00e9rdemes keresni. Az is fontos inform\u00e1ci\u00f3 lehet, ha egy \u00faj csomagol\u00e1s nem hozott v\u00e1ltoz\u00e1st, vagy ha az egyik term\u00e9kv\u00e1ltozat jelent\u0151sen jobban teljes\u00edtett a t\u00f6bbin\u00e9l.<\/span><\/p><p><span style=\"font-weight: 400;\">A kereskedelmi eredm\u00e9nyek alapj\u00e1n pontosabban meg\u00edt\u00e9lhet\u0151, hogy mely vizu\u00e1lis, inform\u00e1ci\u00f3s vagy konstrukci\u00f3s megold\u00e1sokat \u00e9rdemes tov\u00e1bbvinni a k\u00f6vetkez\u0151 fejleszt\u00e9sekbe.<\/span><\/p><h2><b>Az adatokat nem k\u00fcl\u00f6n-k\u00fcl\u00f6n, hanem \u00f6sszef\u00fcgg\u00e9seikben \u00e9rdemes vizsg\u00e1lni<\/b><\/h2><p><span style=\"font-weight: 400;\">A projektz\u00e1r\u00e1s legnagyobb \u00e9rt\u00e9ke nem az egyes sz\u00e1mok \u00f6sszegy\u0171jt\u00e9s\u00e9ben, hanem azok \u00f6sszekapcsol\u00e1s\u00e1ban rejlik.<\/span><\/p><p><span style=\"font-weight: 400;\">Egy magasabb egys\u00e9g\u00e1r p\u00e9ld\u00e1ul indokolhat\u00f3 lehet, ha k\u00f6zben cs\u00f6kkent a selejt, r\u00f6vid\u00fclt az \u00e1tfut\u00e1si id\u0151 \u00e9s kevesebb min\u0151s\u00e9gi reklam\u00e1ci\u00f3 \u00e9rkezett. Egy olcs\u00f3bb alapanyag viszont nem jelent val\u00f3di megtakar\u00edt\u00e1st, ha t\u00f6bb s\u00e9r\u00fclt term\u00e9ket, nehezebb csomagol\u00e1st vagy magasabb logisztikai vesztes\u00e9get okozott.<\/span><\/p><p><span style=\"font-weight: 400;\">Ugyan\u00edgy egy l\u00e1tv\u00e1nyos redesign sem tekinthet\u0151 automatikusan sikeresnek, ha a retail visszajelz\u00e9sek szerint romlott a term\u00e9k felismerhet\u0151s\u00e9ge, vagy az \u00e9rt\u00e9kes\u00edt\u00e9si adatok nem igazolt\u00e1k vissza a v\u00e1ltoztat\u00e1st.<\/span><\/p><p><span style=\"font-weight: 400;\">A marketing-, kereskedelmi, beszerz\u00e9si \u00e9s gy\u00e1rt\u00e1si adatok k\u00f6z\u00f6s \u00e9rt\u00e9kel\u00e9se seg\u00edt elker\u00fclni, hogy minden ter\u00fclet kiz\u00e1r\u00f3lag a saj\u00e1t r\u00e9szmutat\u00f3i alapj\u00e1n \u00edt\u00e9lje meg a projektet.<\/span><\/p><h2><b>Hogyan \u00e9rdemes lez\u00e1rni egy csomagol\u00e1si projektet?<\/b><\/h2><p><span style=\"font-weight: 400;\">A legjobb eredm\u00e9nyt egy r\u00f6vid, struktur\u00e1lt projektz\u00e1r\u00f3 \u00e9rt\u00e9kel\u00e9s adja, amelybe minden \u00e9rintett ter\u00fclet bekapcsol\u00f3dik. Nem sz\u00fcks\u00e9ges hossz\u00fa riportot k\u00e9sz\u00edteni, de a legfontosabb adatokat \u00e9s tapasztalatokat \u00e9rdemes \u00edr\u00e1sban r\u00f6gz\u00edteni.<\/span><\/p><p><span style=\"font-weight: 400;\">A z\u00e1r\u00f3\u00e9rt\u00e9kel\u00e9s t\u00e9rjen ki arra, hogy:<\/span><\/p><ul><li style=\"font-weight: 400;\" aria-level=\"1\"><span style=\"font-weight: 400;\">mi teljes\u00fclt az eredeti c\u00e9lokb\u00f3l;<\/span><\/li><li style=\"font-weight: 400;\" aria-level=\"1\"><span style=\"font-weight: 400;\">hol volt elt\u00e9r\u00e9s a tervhez k\u00e9pest;<\/span><\/li><li style=\"font-weight: 400;\" aria-level=\"1\"><span style=\"font-weight: 400;\">milyen gy\u00e1rt\u00e1si vagy min\u0151s\u00e9gi probl\u00e9m\u00e1k jelentkeztek;<\/span><\/li><li style=\"font-weight: 400;\" aria-level=\"1\"><span style=\"font-weight: 400;\">hogyan alakult a t\u00e9nyleges k\u00f6lts\u00e9g \u00e9s \u00e1tfut\u00e1si id\u0151;<\/span><\/li><li style=\"font-weight: 400;\" aria-level=\"1\"><span style=\"font-weight: 400;\">milyen visszajelz\u00e9sek \u00e9rkeztek a kereskedelemb\u0151l;<\/span><\/li><li style=\"font-weight: 400;\" aria-level=\"1\"><span style=\"font-weight: 400;\">mit mutatnak az els\u0151 \u00e9rt\u00e9kes\u00edt\u00e9si adatok;<\/span><\/li><li style=\"font-weight: 400;\" aria-level=\"1\"><span style=\"font-weight: 400;\">mely megold\u00e1sokat \u00e9rdemes megtartani vagy m\u00f3dos\u00edtani.<\/span><\/li><\/ul><p><span style=\"font-weight: 400;\">A tanuls\u00e1gokat c\u00e9lszer\u0171 nemcsak archiv\u00e1lni, hanem be\u00e9p\u00edteni a k\u00f6vetkez\u0151 briefbe, tenderbe vagy gy\u00e1rt\u00e1si specifik\u00e1ci\u00f3ba. En\u00e9lk\u00fcl ugyanazok a probl\u00e9m\u00e1k k\u00f6nnyen \u00fajra megjelenhetnek egy k\u00f6vetkez\u0151 term\u00e9kv\u00e1ltozat vagy kamp\u00e1nycsomagol\u00e1s eset\u00e9n.<\/span><\/p><h2><b>A projekt v\u00e9ge egyben a k\u00f6vetkez\u0151 d\u00f6nt\u00e9s kezdete<\/b><\/h2><p><span style=\"font-weight: 400;\">Egy csomagol\u00e1si projekt akkor teremt igaz\u00e1n hossz\u00fa t\u00e1v\u00fa \u00e9rt\u00e9ket, ha a lez\u00e1r\u00e1s ut\u00e1n nemcsak a k\u00e9sz term\u00e9k marad meg, hanem a megszerzett tud\u00e1s is.<\/span><\/p><p><span style=\"font-weight: 400;\">A selejtar\u00e1ny, a gy\u00e1rt\u00e1si elt\u00e9r\u00e9sek, a t\u00e9nyleges k\u00f6lts\u00e9gek, az \u00e1tfut\u00e1si id\u0151k, a retail tapasztalatok \u00e9s az \u00e9rt\u00e9kes\u00edt\u00e9si eredm\u00e9nyek egy\u00fctt mutatj\u00e1k meg, hogy a csomagol\u00e1s val\u00f3ban el\u00e9rte-e a kit\u0171z\u00f6tt \u00fczleti c\u00e9lokat.<\/span><\/p><p><span style=\"font-weight: 400;\">A <\/span><a href=\"https:\/\/test.kartonpack.hu\/\"><span style=\"font-weight: 400;\">Color Pack szak\u00e9rt\u0151i<\/span><\/a><span style=\"font-weight: 400;\"> nemcsak a gy\u00e1rt\u00e1s megval\u00f3s\u00edt\u00e1s\u00e1ban, hanem a tapasztalatok \u00e9rt\u00e9kel\u00e9s\u00e9ben \u00e9s a k\u00f6vetkez\u0151 projektek optimaliz\u00e1l\u00e1s\u00e1ban is t\u00e1mogatj\u00e1k partnereiket. Ha a k\u00f6vetkez\u0151 csomagol\u00e1si d\u00f6nt\u00e9st m\u00e1r nem felt\u00e9telez\u00e9sekre, hanem val\u00f3s gy\u00e1rt\u00e1si \u00e9s piaci adatokra szeretn\u00e9tek alapozni, \u00e9rdemes a projektz\u00e1r\u00e1st is tudatosan megtervezni.<\/span><\/p>\t\t\t\t\t\t\t\t<\/div>\n\t\t\t\t<\/div>\n\t\t\t\t<\/div>\n\t\t\t\t<\/div>\n\t\t\t\t\t<\/div>\n\t\t\t\t<\/div>\n\t\t\t\t<\/div>\n\t\t","protected":false},"excerpt":{"rendered":"<p>Egy csomagol\u00e1si projektet k\u00f6nny\u0171 lez\u00e1rtnak tekinteni abban a pillanatban, amikor az elk\u00e9sz\u00fclt term\u00e9kek elhagyj\u00e1k a gy\u00e1rt\u00f3\u00fczemet. A megrendel\u00e9s teljes\u00fclt, az \u00e1ru meg\u00e9rkezett, a term\u00e9k pedig kiker\u00fclt a polcokra. \u00dczleti szempontb\u00f3l azonban \u00e9ppen ekkor kezd\u0151dik a projekt egyik leg\u00e9rt\u00e9kesebb szakasza: az eredm\u00e9nyek \u00e9rt\u00e9kel\u00e9se. A gy\u00e1rt\u00e1s \u00e9s a piaci bevezet\u00e9s sor\u00e1n keletkez\u0151 adatok ugyanis pontosabb k\u00e9pet adhatnak [&hellip;]<\/p>\n","protected":false},"author":2,"featured_media":6952,"comment_status":"closed","ping_status":"closed","sticky":false,"template":"","format":"standard","meta":{"footnotes":""},"categories":[35],"tags":[],"class_list":["post-6570","post","type-post","status-publish","format-standard","has-post-thumbnail","hentry","category-hireink"],"yoast_head":"<!-- This site is optimized with the Yoast SEO Premium plugin v28.3 (Yoast SEO v28.3) - https:\/\/yoast.com\/product\/yoast-seo-premium-wordpress\/ -->\n<title>Milyen adatokat \u00e9rdemes bek\u00e9rni egy csomagol\u00e1si projekt lez\u00e1r\u00e1sa ut\u00e1n? - Kartonpack<\/title>\n<meta name=\"robots\" content=\"index, follow, max-snippet:-1, max-image-preview:large, max-video-preview:-1\" \/>\n<link rel=\"canonical\" href=\"https:\/\/test.kartonpack.hu\/?p=6570\" \/>\n<meta property=\"og:locale\" content=\"hu_HU\" \/>\n<meta property=\"og:type\" content=\"article\" \/>\n<meta property=\"og:title\" content=\"Milyen adatokat \u00e9rdemes bek\u00e9rni egy csomagol\u00e1si projekt lez\u00e1r\u00e1sa ut\u00e1n?\" \/>\n<meta property=\"og:description\" content=\"Egy csomagol\u00e1si projektet k\u00f6nny\u0171 lez\u00e1rtnak tekinteni abban a pillanatban, amikor az elk\u00e9sz\u00fclt term\u00e9kek elhagyj\u00e1k a gy\u00e1rt\u00f3\u00fczemet. A megrendel\u00e9s teljes\u00fclt, az \u00e1ru meg\u00e9rkezett, a term\u00e9k pedig kiker\u00fclt a polcokra. \u00dczleti szempontb\u00f3l azonban \u00e9ppen ekkor kezd\u0151dik a projekt egyik leg\u00e9rt\u00e9kesebb szakasza: az eredm\u00e9nyek \u00e9rt\u00e9kel\u00e9se. A gy\u00e1rt\u00e1s \u00e9s a piaci bevezet\u00e9s sor\u00e1n keletkez\u0151 adatok ugyanis pontosabb k\u00e9pet adhatnak [&hellip;]\" \/>\n<meta property=\"og:url\" content=\"https:\/\/test.kartonpack.hu\/?p=6570\" \/>\n<meta property=\"og:site_name\" content=\"Kartonpack\" \/>\n<meta property=\"article:publisher\" content=\"https:\/\/www.facebook.com\/profile.php?id=100063640926339\" \/>\n<meta property=\"article:published_time\" content=\"2026-06-23T14:31:39+00:00\" \/>\n<meta property=\"article:modified_time\" content=\"2026-07-27T08:50:06+00:00\" \/>\n<meta property=\"og:image\" content=\"https:\/\/test.kartonpack.hu\/wp-content\/uploads\/2026\/07\/data-charts-and-graphs-for-business-analysis-2026-01-07-01-34-41-utc-1-scaled.jpg\" \/>\n\t<meta property=\"og:image:width\" content=\"2560\" \/>\n\t<meta property=\"og:image:height\" content=\"1707\" \/>\n\t<meta property=\"og:image:type\" content=\"image\/jpeg\" \/>\n<meta name=\"author\" content=\"Barna Gergely\" \/>\n<meta name=\"twitter:card\" content=\"summary_large_image\" \/>\n<meta name=\"twitter:label1\" content=\"Szerz\u0151:\" \/>\n\t<meta name=\"twitter:data1\" content=\"Barna Gergely\" \/>\n\t<meta name=\"twitter:label2\" content=\"Becs\u00fclt olvas\u00e1si id\u0151\" \/>\n\t<meta name=\"twitter:data2\" content=\"8 perc\" \/>\n<script type=\"application\/ld+json\" class=\"yoast-schema-graph\">{\"@context\":\"https:\\\/\\\/schema.org\",\"@graph\":[{\"@type\":\"Article\",\"@id\":\"https:\\\/\\\/test.kartonpack.hu\\\/?p=6570#article\",\"isPartOf\":{\"@id\":\"https:\\\/\\\/test.kartonpack.hu\\\/?p=6570\"},\"author\":{\"name\":\"Barna Gergely\",\"@id\":\"https:\\\/\\\/test.kartonpack.hu\\\/#\\\/schema\\\/person\\\/228a55ed9bb92c0bae2e7a97a835ffad\"},\"headline\":\"Milyen adatokat \u00e9rdemes bek\u00e9rni egy csomagol\u00e1si projekt lez\u00e1r\u00e1sa ut\u00e1n?\",\"datePublished\":\"2026-06-23T14:31:39+00:00\",\"dateModified\":\"2026-07-27T08:50:06+00:00\",\"mainEntityOfPage\":{\"@id\":\"https:\\\/\\\/test.kartonpack.hu\\\/?p=6570\"},\"wordCount\":2168,\"publisher\":{\"@id\":\"https:\\\/\\\/test.kartonpack.hu\\\/#organization\"},\"image\":{\"@id\":\"https:\\\/\\\/test.kartonpack.hu\\\/?p=6570#primaryimage\"},\"thumbnailUrl\":\"https:\\\/\\\/test.kartonpack.hu\\\/wp-content\\\/uploads\\\/2026\\\/07\\\/data-charts-and-graphs-for-business-analysis-2026-01-07-01-34-41-utc-1-scaled.jpg\",\"articleSection\":[\"H\u00edr\"],\"inLanguage\":\"hu\"},{\"@type\":\"WebPage\",\"@id\":\"https:\\\/\\\/test.kartonpack.hu\\\/?p=6570\",\"url\":\"https:\\\/\\\/test.kartonpack.hu\\\/?p=6570\",\"name\":\"Milyen adatokat \u00e9rdemes bek\u00e9rni egy csomagol\u00e1si projekt lez\u00e1r\u00e1sa ut\u00e1n? - Kartonpack\",\"isPartOf\":{\"@id\":\"https:\\\/\\\/test.kartonpack.hu\\\/#website\"},\"primaryImageOfPage\":{\"@id\":\"https:\\\/\\\/test.kartonpack.hu\\\/?p=6570#primaryimage\"},\"image\":{\"@id\":\"https:\\\/\\\/test.kartonpack.hu\\\/?p=6570#primaryimage\"},\"thumbnailUrl\":\"https:\\\/\\\/test.kartonpack.hu\\\/wp-content\\\/uploads\\\/2026\\\/07\\\/data-charts-and-graphs-for-business-analysis-2026-01-07-01-34-41-utc-1-scaled.jpg\",\"datePublished\":\"2026-06-23T14:31:39+00:00\",\"dateModified\":\"2026-07-27T08:50:06+00:00\",\"breadcrumb\":{\"@id\":\"https:\\\/\\\/test.kartonpack.hu\\\/?p=6570#breadcrumb\"},\"inLanguage\":\"hu\",\"potentialAction\":[{\"@type\":\"ReadAction\",\"target\":[\"https:\\\/\\\/test.kartonpack.hu\\\/?p=6570\"]}]},{\"@type\":\"ImageObject\",\"inLanguage\":\"hu\",\"@id\":\"https:\\\/\\\/test.kartonpack.hu\\\/?p=6570#primaryimage\",\"url\":\"https:\\\/\\\/test.kartonpack.hu\\\/wp-content\\\/uploads\\\/2026\\\/07\\\/data-charts-and-graphs-for-business-analysis-2026-01-07-01-34-41-utc-1-scaled.jpg\",\"contentUrl\":\"https:\\\/\\\/test.kartonpack.hu\\\/wp-content\\\/uploads\\\/2026\\\/07\\\/data-charts-and-graphs-for-business-analysis-2026-01-07-01-34-41-utc-1-scaled.jpg\",\"width\":2560,\"height\":1707},{\"@type\":\"BreadcrumbList\",\"@id\":\"https:\\\/\\\/test.kartonpack.hu\\\/?p=6570#breadcrumb\",\"itemListElement\":[{\"@type\":\"ListItem\",\"position\":1,\"name\":\"Kezd\u0151lap\",\"item\":\"https:\\\/\\\/test.kartonpack.hu\\\/\"},{\"@type\":\"ListItem\",\"position\":2,\"name\":\"Milyen adatokat \u00e9rdemes bek\u00e9rni egy csomagol\u00e1si projekt lez\u00e1r\u00e1sa ut\u00e1n?\"}]},{\"@type\":\"WebSite\",\"@id\":\"https:\\\/\\\/test.kartonpack.hu\\\/#website\",\"url\":\"https:\\\/\\\/test.kartonpack.hu\\\/\",\"name\":\"Color Pack\",\"description\":\"Dobozipari Z\u00e1rtk\u00f6r\u0171en M\u0171k\u00f6d\u0151 R\u00e9szv\u00e9nyt\u00e1rsas\u00e1g\",\"publisher\":{\"@id\":\"https:\\\/\\\/test.kartonpack.hu\\\/#organization\"},\"potentialAction\":[{\"@type\":\"SearchAction\",\"target\":{\"@type\":\"EntryPoint\",\"urlTemplate\":\"https:\\\/\\\/test.kartonpack.hu\\\/?s={search_term_string}\"},\"query-input\":{\"@type\":\"PropertyValueSpecification\",\"valueRequired\":true,\"valueName\":\"search_term_string\"}}],\"inLanguage\":\"hu\"},{\"@type\":\"Organization\",\"@id\":\"https:\\\/\\\/test.kartonpack.hu\\\/#organization\",\"name\":\"Color Pack Nyomdaipari \u00e9s Csomagol\u00f3anyag Gy\u00e1rt\u00f3 Zrt.\",\"url\":\"https:\\\/\\\/test.kartonpack.hu\\\/\",\"logo\":{\"@type\":\"ImageObject\",\"inLanguage\":\"hu\",\"@id\":\"https:\\\/\\\/test.kartonpack.hu\\\/#\\\/schema\\\/logo\\\/image\\\/\",\"url\":\"https:\\\/\\\/test.kartonpack.hu\\\/wp-content\\\/uploads\\\/2026\\\/08\\\/kartonpack_logo-yellow.svg\",\"contentUrl\":\"https:\\\/\\\/test.kartonpack.hu\\\/wp-content\\\/uploads\\\/2026\\\/08\\\/kartonpack_logo-yellow.svg\",\"width\":418.80000000000001136868377216160297393798828125,\"height\":50.89999999999999857891452847979962825775146484375,\"caption\":\"Color Pack Nyomdaipari \u00e9s Csomagol\u00f3anyag Gy\u00e1rt\u00f3 Zrt.\"},\"image\":{\"@id\":\"https:\\\/\\\/test.kartonpack.hu\\\/#\\\/schema\\\/logo\\\/image\\\/\"},\"sameAs\":[\"https:\\\/\\\/www.facebook.com\\\/profile.php?id=100063640926339\",\"https:\\\/\\\/www.linkedin.com\\\/company\\\/color-pack-co-\\\/\"],\"description\":\"A Color Pack Zrt. vil\u00e1gsz\u00ednvonal\u00fa nyomdai \u00e9s csomagol\u00f3ipari tervez\u0151 \u00e9s kivitelez\u0151i sszolg\u00e1ltat\u00e1s\u00e1t a magasan k\u00e9pzett szakembereink \u00e9s korszer\u0171 m\u0171szaki h\u00e1tter\u00fcnk teszi lehet\u0151v\u00e9. Elk\u00f6telezettek vagyunk amellett, hogy folyamatosan l\u00e9p\u00e9st tartsunk a fejl\u0151d\u00e9ssel, meg\u00fajuljunk, \u00e9s \u00e9len j\u00e1rjunk az \u00faj technol\u00f3gi\u00e1k, term\u00e9kek \u00e9s szolg\u00e1ltat\u00e1sok bevezet\u00e9s\u00e9ben \u2013 mindig partnereink ig\u00e9nyeihez igazodva.\",\"email\":\"info@test.kartonpack.hu\",\"telephone\":\"+36 (42) 433-845\",\"legalName\":\"Color Pack Zrt.\",\"foundingDate\":\"1990-12-18\",\"taxID\":\"10470222-2-15\",\"numberOfEmployees\":{\"@type\":\"QuantitativeValue\",\"minValue\":\"51\",\"maxValue\":\"200\"}},{\"@type\":\"Person\",\"@id\":\"https:\\\/\\\/test.kartonpack.hu\\\/#\\\/schema\\\/person\\\/228a55ed9bb92c0bae2e7a97a835ffad\",\"name\":\"Barna Gergely\",\"image\":{\"@type\":\"ImageObject\",\"inLanguage\":\"hu\",\"@id\":\"https:\\\/\\\/secure.gravatar.com\\\/avatar\\\/96e5d6f2c4b9b3646689c3adbbb2ebd98a2a9f181a2aa78230b269c350e79595?s=96&d=mm&r=g\",\"url\":\"https:\\\/\\\/secure.gravatar.com\\\/avatar\\\/96e5d6f2c4b9b3646689c3adbbb2ebd98a2a9f181a2aa78230b269c350e79595?s=96&d=mm&r=g\",\"contentUrl\":\"https:\\\/\\\/secure.gravatar.com\\\/avatar\\\/96e5d6f2c4b9b3646689c3adbbb2ebd98a2a9f181a2aa78230b269c350e79595?s=96&d=mm&r=g\",\"caption\":\"Barna Gergely\"}}]}<\/script>\n<!-- \/ Yoast SEO Premium plugin. -->","yoast_head_json":{"title":"Milyen adatokat \u00e9rdemes bek\u00e9rni egy csomagol\u00e1si projekt lez\u00e1r\u00e1sa ut\u00e1n? - Kartonpack","robots":{"index":"index","follow":"follow","max-snippet":"max-snippet:-1","max-image-preview":"max-image-preview:large","max-video-preview":"max-video-preview:-1"},"canonical":"https:\/\/test.kartonpack.hu\/?p=6570","og_locale":"hu_HU","og_type":"article","og_title":"Milyen adatokat \u00e9rdemes bek\u00e9rni egy csomagol\u00e1si projekt lez\u00e1r\u00e1sa ut\u00e1n?","og_description":"Egy csomagol\u00e1si projektet k\u00f6nny\u0171 lez\u00e1rtnak tekinteni abban a pillanatban, amikor az elk\u00e9sz\u00fclt term\u00e9kek elhagyj\u00e1k a gy\u00e1rt\u00f3\u00fczemet. A megrendel\u00e9s teljes\u00fclt, az \u00e1ru meg\u00e9rkezett, a term\u00e9k pedig kiker\u00fclt a polcokra. \u00dczleti szempontb\u00f3l azonban \u00e9ppen ekkor kezd\u0151dik a projekt egyik leg\u00e9rt\u00e9kesebb szakasza: az eredm\u00e9nyek \u00e9rt\u00e9kel\u00e9se. A gy\u00e1rt\u00e1s \u00e9s a piaci bevezet\u00e9s sor\u00e1n keletkez\u0151 adatok ugyanis pontosabb k\u00e9pet adhatnak [&hellip;]","og_url":"https:\/\/test.kartonpack.hu\/?p=6570","og_site_name":"Kartonpack","article_publisher":"https:\/\/www.facebook.com\/profile.php?id=100063640926339","article_published_time":"2026-06-23T14:31:39+00:00","article_modified_time":"2026-07-27T08:50:06+00:00","og_image":[{"width":2560,"height":1707,"url":"https:\/\/test.kartonpack.hu\/wp-content\/uploads\/2026\/07\/data-charts-and-graphs-for-business-analysis-2026-01-07-01-34-41-utc-1-scaled.jpg","type":"image\/jpeg"}],"author":"Barna Gergely","twitter_card":"summary_large_image","twitter_misc":{"Szerz\u0151:":"Barna Gergely","Becs\u00fclt olvas\u00e1si id\u0151":"8 perc"},"schema":{"@context":"https:\/\/schema.org","@graph":[{"@type":"Article","@id":"https:\/\/test.kartonpack.hu\/?p=6570#article","isPartOf":{"@id":"https:\/\/test.kartonpack.hu\/?p=6570"},"author":{"name":"Barna Gergely","@id":"https:\/\/test.kartonpack.hu\/#\/schema\/person\/228a55ed9bb92c0bae2e7a97a835ffad"},"headline":"Milyen adatokat \u00e9rdemes bek\u00e9rni egy csomagol\u00e1si projekt lez\u00e1r\u00e1sa ut\u00e1n?","datePublished":"2026-06-23T14:31:39+00:00","dateModified":"2026-07-27T08:50:06+00:00","mainEntityOfPage":{"@id":"https:\/\/test.kartonpack.hu\/?p=6570"},"wordCount":2168,"publisher":{"@id":"https:\/\/test.kartonpack.hu\/#organization"},"image":{"@id":"https:\/\/test.kartonpack.hu\/?p=6570#primaryimage"},"thumbnailUrl":"https:\/\/test.kartonpack.hu\/wp-content\/uploads\/2026\/07\/data-charts-and-graphs-for-business-analysis-2026-01-07-01-34-41-utc-1-scaled.jpg","articleSection":["H\u00edr"],"inLanguage":"hu"},{"@type":"WebPage","@id":"https:\/\/test.kartonpack.hu\/?p=6570","url":"https:\/\/test.kartonpack.hu\/?p=6570","name":"Milyen adatokat \u00e9rdemes bek\u00e9rni egy csomagol\u00e1si projekt lez\u00e1r\u00e1sa ut\u00e1n? - Kartonpack","isPartOf":{"@id":"https:\/\/test.kartonpack.hu\/#website"},"primaryImageOfPage":{"@id":"https:\/\/test.kartonpack.hu\/?p=6570#primaryimage"},"image":{"@id":"https:\/\/test.kartonpack.hu\/?p=6570#primaryimage"},"thumbnailUrl":"https:\/\/test.kartonpack.hu\/wp-content\/uploads\/2026\/07\/data-charts-and-graphs-for-business-analysis-2026-01-07-01-34-41-utc-1-scaled.jpg","datePublished":"2026-06-23T14:31:39+00:00","dateModified":"2026-07-27T08:50:06+00:00","breadcrumb":{"@id":"https:\/\/test.kartonpack.hu\/?p=6570#breadcrumb"},"inLanguage":"hu","potentialAction":[{"@type":"ReadAction","target":["https:\/\/test.kartonpack.hu\/?p=6570"]}]},{"@type":"ImageObject","inLanguage":"hu","@id":"https:\/\/test.kartonpack.hu\/?p=6570#primaryimage","url":"https:\/\/test.kartonpack.hu\/wp-content\/uploads\/2026\/07\/data-charts-and-graphs-for-business-analysis-2026-01-07-01-34-41-utc-1-scaled.jpg","contentUrl":"https:\/\/test.kartonpack.hu\/wp-content\/uploads\/2026\/07\/data-charts-and-graphs-for-business-analysis-2026-01-07-01-34-41-utc-1-scaled.jpg","width":2560,"height":1707},{"@type":"BreadcrumbList","@id":"https:\/\/test.kartonpack.hu\/?p=6570#breadcrumb","itemListElement":[{"@type":"ListItem","position":1,"name":"Kezd\u0151lap","item":"https:\/\/test.kartonpack.hu\/"},{"@type":"ListItem","position":2,"name":"Milyen adatokat \u00e9rdemes bek\u00e9rni egy csomagol\u00e1si projekt lez\u00e1r\u00e1sa ut\u00e1n?"}]},{"@type":"WebSite","@id":"https:\/\/test.kartonpack.hu\/#website","url":"https:\/\/test.kartonpack.hu\/","name":"Color Pack","description":"Dobozipari Z\u00e1rtk\u00f6r\u0171en M\u0171k\u00f6d\u0151 R\u00e9szv\u00e9nyt\u00e1rsas\u00e1g","publisher":{"@id":"https:\/\/test.kartonpack.hu\/#organization"},"potentialAction":[{"@type":"SearchAction","target":{"@type":"EntryPoint","urlTemplate":"https:\/\/test.kartonpack.hu\/?s={search_term_string}"},"query-input":{"@type":"PropertyValueSpecification","valueRequired":true,"valueName":"search_term_string"}}],"inLanguage":"hu"},{"@type":"Organization","@id":"https:\/\/test.kartonpack.hu\/#organization","name":"Color Pack Nyomdaipari \u00e9s Csomagol\u00f3anyag Gy\u00e1rt\u00f3 Zrt.","url":"https:\/\/test.kartonpack.hu\/","logo":{"@type":"ImageObject","inLanguage":"hu","@id":"https:\/\/test.kartonpack.hu\/#\/schema\/logo\/image\/","url":"https:\/\/test.kartonpack.hu\/wp-content\/uploads\/2026\/08\/kartonpack_logo-yellow.svg","contentUrl":"https:\/\/test.kartonpack.hu\/wp-content\/uploads\/2026\/08\/kartonpack_logo-yellow.svg","width":418.80000000000001136868377216160297393798828125,"height":50.89999999999999857891452847979962825775146484375,"caption":"Color Pack Nyomdaipari \u00e9s Csomagol\u00f3anyag Gy\u00e1rt\u00f3 Zrt."},"image":{"@id":"https:\/\/test.kartonpack.hu\/#\/schema\/logo\/image\/"},"sameAs":["https:\/\/www.facebook.com\/profile.php?id=100063640926339","https:\/\/www.linkedin.com\/company\/color-pack-co-\/"],"description":"A Color Pack Zrt. vil\u00e1gsz\u00ednvonal\u00fa nyomdai \u00e9s csomagol\u00f3ipari tervez\u0151 \u00e9s kivitelez\u0151i sszolg\u00e1ltat\u00e1s\u00e1t a magasan k\u00e9pzett szakembereink \u00e9s korszer\u0171 m\u0171szaki h\u00e1tter\u00fcnk teszi lehet\u0151v\u00e9. Elk\u00f6telezettek vagyunk amellett, hogy folyamatosan l\u00e9p\u00e9st tartsunk a fejl\u0151d\u00e9ssel, meg\u00fajuljunk, \u00e9s \u00e9len j\u00e1rjunk az \u00faj technol\u00f3gi\u00e1k, term\u00e9kek \u00e9s szolg\u00e1ltat\u00e1sok bevezet\u00e9s\u00e9ben \u2013 mindig partnereink ig\u00e9nyeihez igazodva.","email":"info@test.kartonpack.hu","telephone":"+36 (42) 433-845","legalName":"Color Pack Zrt.","foundingDate":"1990-12-18","taxID":"10470222-2-15","numberOfEmployees":{"@type":"QuantitativeValue","minValue":"51","maxValue":"200"}},{"@type":"Person","@id":"https:\/\/test.kartonpack.hu\/#\/schema\/person\/228a55ed9bb92c0bae2e7a97a835ffad","name":"Barna Gergely","image":{"@type":"ImageObject","inLanguage":"hu","@id":"https:\/\/secure.gravatar.com\/avatar\/96e5d6f2c4b9b3646689c3adbbb2ebd98a2a9f181a2aa78230b269c350e79595?s=96&d=mm&r=g","url":"https:\/\/secure.gravatar.com\/avatar\/96e5d6f2c4b9b3646689c3adbbb2ebd98a2a9f181a2aa78230b269c350e79595?s=96&d=mm&r=g","contentUrl":"https:\/\/secure.gravatar.com\/avatar\/96e5d6f2c4b9b3646689c3adbbb2ebd98a2a9f181a2aa78230b269c350e79595?s=96&d=mm&r=g","caption":"Barna Gergely"}}]}},"views":7,"_links":{"self":[{"href":"https:\/\/test.kartonpack.hu\/index.php?rest_route=\/wp\/v2\/posts\/6570","targetHints":{"allow":["GET"]}}],"collection":[{"href":"https:\/\/test.kartonpack.hu\/index.php?rest_route=\/wp\/v2\/posts"}],"about":[{"href":"https:\/\/test.kartonpack.hu\/index.php?rest_route=\/wp\/v2\/types\/post"}],"author":[{"embeddable":true,"href":"https:\/\/test.kartonpack.hu\/index.php?rest_route=\/wp\/v2\/users\/2"}],"replies":[{"embeddable":true,"href":"https:\/\/test.kartonpack.hu\/index.php?rest_route=%2Fwp%2Fv2%2Fcomments&post=6570"}],"version-history":[{"count":7,"href":"https:\/\/test.kartonpack.hu\/index.php?rest_route=\/wp\/v2\/posts\/6570\/revisions"}],"predecessor-version":[{"id":6577,"href":"https:\/\/test.kartonpack.hu\/index.php?rest_route=\/wp\/v2\/posts\/6570\/revisions\/6577"}],"wp:featuredmedia":[{"embeddable":true,"href":"https:\/\/test.kartonpack.hu\/index.php?rest_route=\/wp\/v2\/media\/6952"}],"wp:attachment":[{"href":"https:\/\/test.kartonpack.hu\/index.php?rest_route=%2Fwp%2Fv2%2Fmedia&parent=6570"}],"wp:term":[{"taxonomy":"category","embeddable":true,"href":"https:\/\/test.kartonpack.hu\/index.php?rest_route=%2Fwp%2Fv2%2Fcategories&post=6570"},{"taxonomy":"post_tag","embeddable":true,"href":"https:\/\/test.kartonpack.hu\/index.php?rest_route=%2Fwp%2Fv2%2Ftags&post=6570"}],"curies":[{"name":"wp","href":"https:\/\/api.w.org\/{rel}","templated":true}]}}