{"id":6559,"date":"2026-06-12T15:32:03","date_gmt":"2026-06-12T15:32:03","guid":{"rendered":"https:\/\/test.kartonpack.hu\/?p=6559"},"modified":"2026-06-15T02:51:09","modified_gmt":"2026-06-15T02:51:09","slug":"a-csomagolas-szerepe-az-ertekesitesben","status":"publish","type":"post","link":"https:\/\/test.kartonpack.hu\/?p=6559","title":{"rendered":"A csomagolas szerepe az \u00e9rt\u00e9kes\u00edt\u00e9sben: hogyan befoly\u00e1solja a v\u00e1s\u00e1rl\u00f3i d\u00f6nt\u00e9st?"},"content":{"rendered":"\t\t<div data-elementor-type=\"wp-post\" data-elementor-id=\"6559\" class=\"elementor elementor-6559\" data-elementor-post-type=\"post\">\n\t\t\t\t<div class=\"elementor-element elementor-element-121ab09 e-flex e-con-boxed e-con e-parent\" data-id=\"121ab09\" data-element_type=\"container\" data-e-type=\"container\" data-settings=\"{&quot;jet_parallax_layout_list&quot;:[]}\">\n\t\t\t\t\t<div class=\"e-con-inner\">\n\t\t<div class=\"elementor-element elementor-element-a1dfadb e-con-full e-flex e-con e-child\" data-id=\"a1dfadb\" data-element_type=\"container\" data-e-type=\"container\" data-settings=\"{&quot;jet_parallax_layout_list&quot;:[]}\">\n\t\t<div class=\"elementor-element elementor-element-ea0e54d e-con-full e-flex e-con e-child\" data-id=\"ea0e54d\" data-element_type=\"container\" data-e-type=\"container\" data-settings=\"{&quot;jet_parallax_layout_list&quot;:[]}\">\n\t\t\t\t<div class=\"elementor-element elementor-element-232669b elementor-widget elementor-widget-text-editor\" data-id=\"232669b\" data-element_type=\"widget\" data-e-type=\"widget\" data-widget_type=\"text-editor.default\">\n\t\t\t\t<div class=\"elementor-widget-container\">\n\t\t\t\t\t\t\t\t\t<p><span style=\"font-weight: 400;\">A csomagol\u00e1s sok v\u00e1llalatn\u00e1l m\u00e9g mindig a term\u00e9kfejleszt\u00e9s utols\u00f3 \u00e1llom\u00e1sa. Elk\u00e9sz\u00fcl a term\u00e9k, megsz\u00fcletik a m\u00e1rkan\u00e9v, kialakul az \u00e1rpoz\u00edci\u00f3, majd a v\u00e9g\u00e9n felmer\u00fcl a k\u00e9rd\u00e9s: milyen dobozba, c\u00edmk\u00e9be vagy k\u00fcls\u0151 burkolatba ker\u00fclj\u00f6n? Ez a sorrend azonban gyakran f\u00e9lreviszi a d\u00f6nt\u00e9st. A csomagol\u00e1s ugyanis nem puszt\u00e1n technikai feladat, nem csak arra szolg\u00e1l, hogy megv\u00e9dje a term\u00e9ket a sz\u00e1ll\u00edt\u00e1s vagy t\u00e1rol\u00e1s sor\u00e1n. Legal\u00e1bb ennyire fontos szerepe van abban is, hogy a v\u00e1s\u00e1rl\u00f3 \u00e9szrevegye, meg\u00e9rtse, vonz\u00f3nak tal\u00e1lja \u00e9s v\u00e9g\u00fcl megv\u00e1s\u00e1rolja a term\u00e9ket.<\/span><\/p><p><span style=\"font-weight: 400;\">A modern kereskedelmi k\u00f6rnyezetben a csomagol\u00e1s az \u00e9rt\u00e9kes\u00edt\u00e9s egyik legfontosabb csendes szerepl\u0151je. Ott van a bolti polcon, a webshop term\u00e9kfot\u00f3j\u00e1n, a kisz\u00e1ll\u00edtott csomagban, az unboxing \u00e9lm\u00e9nyben, s\u0151t sok esetben a k\u00f6z\u00f6ss\u00e9gi m\u00e9di\u00e1ban is. A v\u00e1s\u00e1rl\u00f3 gyakran m\u00e9g azel\u0151tt kialak\u00edt egy benyom\u00e1st a term\u00e9kr\u0151l, hogy b\u00e1rmit tudna annak \u00f6sszet\u00e9tel\u00e9r\u0151l, m\u0171k\u00f6d\u00e9s\u00e9r\u0151l vagy val\u00f3di min\u0151s\u00e9g\u00e9r\u0151l. Ezt az els\u0151 benyom\u00e1st pedig nagyon sokszor a csomagol\u00e1s teremti meg. L\u00e1ssuk, mi\u00e9rt is nevezik a csomagol\u00e1st a \u201cn\u00e9ma \u00e9rt\u00e9kes\u00edt\u0151nek\u201d!<\/span><\/p><h2><b>A csomagol\u00e1s mint els\u0151 benyom\u00e1s<\/b><\/h2><p><span style=\"font-weight: 400;\">A v\u00e1s\u00e1rl\u00f3i d\u00f6nt\u00e9s sokszor nem tudatos m\u00e9rlegel\u00e9sk\u00e9nt indul. A term\u00e9k el\u0151sz\u00f6r vizu\u00e1lisan jelenik meg: sz\u00ednek, forma, grafika, anyaghaszn\u00e1lat, fel\u00fclet, tipogr\u00e1fia, c\u00edmke, dobozszerkezet. Ezek egy\u00fctt azonnal \u00fczennek valamit a m\u00e1rk\u00e1r\u00f3l. Pr\u00e9mium? Megb\u00edzhat\u00f3? Modern? Term\u00e9szetes? Praktikus? Olcs\u00f3? Innovat\u00edv? A v\u00e1s\u00e1rl\u00f3 ezekre a jelekre gyakran n\u00e9h\u00e1ny m\u00e1sodperc alatt reag\u00e1l.<\/span><\/p><p><span style=\"font-weight: 400;\">Ez k\u00fcl\u00f6n\u00f6sen igaz azokban a kateg\u00f3ri\u00e1kban, ahol sok hasonl\u00f3 term\u00e9k versenyez egym\u00e1ssal. \u00c9lelmiszerek, kozmetikumok, \u00e9trend-kieg\u00e9sz\u00edt\u0151k, aj\u00e1nd\u00e9kterm\u00e9kek, h\u00e1ztart\u00e1si cikkek vagy ak\u00e1r non-food pr\u00e9mium term\u00e9kek eset\u00e9ben a polcon val\u00f3 megjelen\u00e9s komoly versenyel\u0151nyt jelenthet. Ha a csomagol\u00e1s nem el\u00e9g karakteres, a term\u00e9k k\u00f6nnyen beleolvad a k\u00f6rnyezet\u00e9be. Ha viszont a design, a forma \u00e9s a kivitelez\u00e9s j\u00f3l m\u0171k\u00f6dik egy\u00fctt, a csomagol\u00e1s k\u00e9pes meg\u00e1ll\u00edtani a tekintetet.<\/span><\/p><p><span style=\"font-weight: 400;\">A j\u00f3 csomagol\u00e1s nem felt\u00e9tlen\u00fcl hars\u00e1ny. Nem az a c\u00e9l, hogy minden\u00e1ron hangosabb legyen a konkurenci\u00e1n\u00e1l. Sokkal ink\u00e1bb az, hogy pontosan azt az \u00fczenetet k\u00f6zvet\u00edtse, amit a m\u00e1rka k\u00e9pvisel. Egy pr\u00e9mium kozmetikum eset\u00e9ben lehet, hogy a visszafogott sz\u00ednvil\u00e1g, a finom pr\u00e9gel\u00e9s \u00e9s a soft touch fel\u00fclet adja meg a megfelel\u0151 \u00e9rzetet. Egy fast food term\u00e9kn\u00e9l a praktikus forma, az er\u0151s m\u00e1rkajelenl\u00e9t \u00e9s a k\u00f6nny\u0171 kezelhet\u0151s\u00e9g lehet a d\u00f6nt\u0151. Egy pharma vagy eg\u00e9szs\u00e9gipari csomagol\u00e1sn\u00e1l pedig a tisztas\u00e1g, az olvashat\u00f3s\u00e1g \u00e9s a pontoss\u00e1g teremti meg a bizalmat.<\/span><\/p><p>\u00a0<\/p><h2><b>A polcon a csomagol\u00e1s \u00e9rt\u00e9kes\u00edt<\/b><\/h2><p><span style=\"font-weight: 400;\">A bolti k\u00f6rnyezetben a csomagol\u00e1s gyakran ott dolgozik, ahol m\u00e1r nincs \u00e9rt\u00e9kes\u00edt\u0151, nincs hirdet\u00e9s, nincs r\u00e9szletes magyar\u00e1zat. A v\u00e1s\u00e1rl\u00f3 a polc el\u0151tt \u00e1ll, \u00f6sszehasonl\u00edt, m\u00e9rlegel, majd d\u00f6nt. Ebben a helyzetben a csomagol\u00e1snak egyszerre kell figyelmet keltenie, inform\u00e1ci\u00f3t adnia \u00e9s bizalmat \u00e9p\u00edtenie.<\/span><\/p><p><span style=\"font-weight: 400;\">A polchat\u00e1s ez\u00e9rt nem puszt\u00e1n eszt\u00e9tikai k\u00e9rd\u00e9s. A csomagol\u00e1snak l\u00e1that\u00f3nak kell lennie, de nem lehet zavaros. Figyelemfelkelt\u0151nek kell lennie, de nem v\u00e1lhat hiteltelenn\u00e9. El kell k\u00fcl\u00f6n\u00fclnie a versenyt\u00e1rsakt\u00f3l, mik\u00f6zben illeszkednie kell a kateg\u00f3ria elv\u00e1r\u00e1saihoz. Egy t\u00fal \u00e1ltal\u00e1nos csomagol\u00e1s k\u00f6nnyen elveszik a polcon, egy t\u00fal bonyolult design viszont megnehez\u00edtheti a gyors d\u00f6nt\u00e9st.<\/span><\/p><p><span style=\"font-weight: 400;\">Erre j\u00f3 p\u00e9lda az ablakos dobozok haszn\u00e1lata. Bizonyos term\u00e9kekn\u00e9l kifejezetten er\u0151s \u00e9rt\u00e9kes\u00edt\u00e9si eszk\u00f6z, ha a v\u00e1s\u00e1rl\u00f3 l\u00e1tja a tartalmat. \u00c9dess\u00e9gek, p\u00e9k\u00e1ruk, aj\u00e1nd\u00e9kterm\u00e9kek vagy kozmetikai szettek eset\u00e9ben az \u00e1tl\u00e1that\u00f3 r\u00e9sz cs\u00f6kkentheti a bizonytalans\u00e1got, hiszen a vev\u0151 nemcsak \u00edg\u00e9retet l\u00e1t, hanem mag\u00e1t a term\u00e9ket is. M\u00e1s esetben viszont a teljesen z\u00e1rt, pr\u00e9mium d\u00edszdoboz teremthet nagyobb \u00e9rt\u00e9k\u00e9rzetet, mert \u00e9ppen a sejtet\u00e9s, a kibont\u00e1s \u00e9lm\u00e9nye er\u0151s\u00edti a m\u00e1rk\u00e1t.<\/span><\/p><p><span style=\"font-weight: 400;\">A fel\u00fcletnemes\u00edt\u00e9s szint\u00e9n fontos szerepet j\u00e1tszhat a polcon. Az UV lakkoz\u00e1s, a pr\u00e9gel\u00e9s, a dombornyom\u00e1s vagy a lamin\u00e1l\u00e1s nem \u00f6nmag\u00e1\u00e9rt \u00e9rdekes, hanem az\u00e9rt, mert \u00e9rz\u00e9kelhet\u0151 k\u00fcl\u00f6nbs\u00e9get teremt. Egy j\u00f3l elhelyezett f\u00e9nyes r\u00e9szlet kiemelheti a log\u00f3t, egy finom dombornyom\u00e1s pr\u00e9mium tapint\u00e1st adhat, egy met\u00e1lf\u00f3lia pedig azonnal m\u00e1s poz\u00edci\u00f3ba helyezheti a term\u00e9ket. A l\u00e9nyeg itt sem a t\u00falz\u00e1s, hanem a pontos haszn\u00e1lat.<\/span><\/p><h2><b>A csomagol\u00e1s bizalmat \u00e9p\u00edt<\/b><\/h2><p><span style=\"font-weight: 400;\">A v\u00e1s\u00e1rl\u00f3 a csomagol\u00e1s alapj\u00e1n sokszor k\u00f6vetkeztet a term\u00e9k min\u0151s\u00e9g\u00e9re. Ha a doboz gyenge, a c\u00edmke pontatlan, a nyomat \u00e9letlen, a sz\u00ednek nem egys\u00e9gesek, vagy a fel\u00fclet k\u00f6nnyen s\u00e9r\u00fcl, az a term\u00e9kr\u0151l is rossz benyom\u00e1st kelthet. Hi\u00e1ba j\u00f3 maga a term\u00e9k, ha a csomagol\u00e1s nem t\u00fckr\u00f6zi ezt a min\u0151s\u00e9get.<\/span><\/p><p><span style=\"font-weight: 400;\">Ez k\u00fcl\u00f6n\u00f6sen fontos olyan piacokon, ahol a v\u00e1s\u00e1rl\u00f3 kock\u00e1zatot \u00e9rz\u00e9kel. Egy \u00e9trend-kieg\u00e9sz\u00edt\u0151n\u00e9l, gy\u00f3gyszeripari term\u00e9kn\u00e9l, pr\u00e9mium \u00e9lelmiszern\u00e9l vagy kozmetikumn\u00e1l a csomagol\u00e1snak biztons\u00e1got \u00e9s megb\u00edzhat\u00f3s\u00e1got kell sug\u00e1roznia. Az olvashat\u00f3 inform\u00e1ci\u00f3k, a pontos nyomtat\u00e1s, a rendezett grafikai hierarchia \u00e9s a stabil szerkezet mind azt \u00fczenik: ez a m\u00e1rka figyel a r\u00e9szletekre.<\/span><\/p><p><span style=\"font-weight: 400;\">A bizalom\u00e9p\u00edt\u00e9s nem csak a v\u00e9gfelhaszn\u00e1l\u00f3n\u00e1l sz\u00e1m\u00edt. B2B oldalon a keresked\u0151k, disztrib\u00fatorok \u00e9s beszerz\u0151k sz\u00e1m\u00e1ra is fontos, hogy a csomagol\u00e1s professzion\u00e1lis legyen. Egy j\u00f3l kezelhet\u0151, stabilan gy\u00e1rthat\u00f3, logisztikailag \u00e1tgondolt csomagol\u00e1s kevesebb probl\u00e9m\u00e1t okoz a teljes ell\u00e1t\u00e1si l\u00e1ncban. Ez\u00e9rt a csomagol\u00e1s min\u0151s\u00e9ge nemcsak marketing-, hanem \u00fczleti bizalmi k\u00e9rd\u00e9s is.<\/span><\/p><h2><b>A design \u00e9s a funkcionalit\u00e1s egy\u00fctt m\u0171k\u00f6dik<\/b><\/h2><p><span style=\"font-weight: 400;\">Sok csomagol\u00e1si projekt ott cs\u00faszik f\u00e9lre, hogy a design \u00e9s a funkcionalit\u00e1s k\u00fcl\u00f6n \u00faton halad. A grafikai terv l\u00e1tv\u00e1nyos, de nehezen gy\u00e1rthat\u00f3. A doboz sz\u00e9p, de nem raklapolhat\u00f3 hat\u00e9konyan. A szerkezet k\u00fcl\u00f6nleges, de lass\u00edtja a t\u00f6lt\u00e9st. A pr\u00e9mium fel\u00fcletnemes\u00edt\u00e9s j\u00f3l mutat, de az adott term\u00e9kkateg\u00f3ri\u00e1ban nem t\u00e9r\u00fcl meg.<\/span><\/p><p><span style=\"font-weight: 400;\">A j\u00f3 csomagol\u00e1s ezzel szemben egyszerre gondolkodik m\u00e1rk\u00e1ban, gy\u00e1rt\u00e1sban, logisztik\u00e1ban \u00e9s v\u00e1s\u00e1rl\u00f3i \u00e9lm\u00e9nyben. Nem el\u00e9g, hogy egy doboz j\u00f3l n\u00e9z ki a l\u00e1tv\u00e1nyterven. M\u0171k\u00f6dnie kell a gy\u00e1rt\u00f3soron, a rakt\u00e1rban, a sz\u00e1ll\u00edt\u00e1s sor\u00e1n, a polcon \u00e9s a v\u00e1s\u00e1rl\u00f3 kez\u00e9ben is.<\/span><\/p><p><span style=\"font-weight: 400;\">Egy term\u00e9kcsal\u00e1d eset\u00e9ben ez m\u00e9g fontosabb. Ha t\u00f6bb \u00edz, m\u00e9ret vagy kiszerel\u00e9s jelenik meg, a csomagol\u00e1snak rendszert kell alkotnia. A v\u00e1s\u00e1rl\u00f3nak azonnal l\u00e1tnia kell, hogy az egyes term\u00e9kek ugyanahhoz a m\u00e1rk\u00e1hoz tartoznak, de azt is gyorsan meg kell \u00e9rtenie, miben k\u00fcl\u00f6nb\u00f6znek egym\u00e1st\u00f3l. Ilyenkor a sz\u00ednk\u00f3dol\u00e1s, a grafikai hierarchia, a tipogr\u00e1fia \u00e9s a dobozm\u00e9retek logik\u00e1ja k\u00f6zvetlen\u00fcl t\u00e1mogatja az \u00e9rt\u00e9kes\u00edt\u00e9st.<\/span><\/p><h2><b>Az unboxing \u00e9lm\u00e9ny \u00faj \u00e9rt\u00e9kes\u00edt\u00e9si fel\u00fclet<\/b><\/h2><p><span style=\"font-weight: 400;\">Az online kereskedelem \u00e9s a k\u00f6z\u00f6ss\u00e9gi m\u00e9dia miatt a csomagol\u00e1s szerepe t\u00faln\u0151tt a bolti polcon. Egyre t\u00f6bb term\u00e9kn\u00e9l a kibont\u00e1s pillanata is a m\u00e1rka\u00e9lm\u00e9ny r\u00e9sze. Ez k\u00fcl\u00f6n\u00f6sen igaz non-food, pr\u00e9mium, kozmetikai, aj\u00e1nd\u00e9k- vagy elektronikai term\u00e9kekn\u00e9l, ahol a v\u00e1s\u00e1rl\u00f3 nemcsak haszn\u00e1lati t\u00e1rgyat vesz, hanem \u00e9lm\u00e9nyt is v\u00e1r.<\/span><\/p><p><span style=\"font-weight: 400;\">Az unboxing \u00e9lm\u00e9ny nem azt jelenti, hogy minden csomagol\u00e1snak luxusdoboznak kell lennie. Ink\u00e1bb azt jelenti, hogy a kibont\u00e1s folyamata ne okozzon csal\u00f3d\u00e1st. Legyen rendezett, k\u00e9nyelmes, m\u00e1rkaazonos \u00e9s ar\u00e1nyos a term\u00e9k poz\u00edci\u00f3j\u00e1val. Egy j\u00f3l kialak\u00edtott nyit\u00e1si megold\u00e1s, egy ig\u00e9nyes bels\u0151 elrendez\u00e9s, egy sz\u00e9p nyomat vagy egy apr\u00f3 fel\u00fcletnemes\u00edt\u00e9si r\u00e9szlet sokat adhat hozz\u00e1 a v\u00e1s\u00e1rl\u00f3i \u00e9lm\u00e9nyhez.<\/span><\/p><p><span style=\"font-weight: 400;\">Ez az \u00e9lm\u00e9ny r\u00e1ad\u00e1sul k\u00f6nnyen tov\u00e1bb \u00e9lhet digit\u00e1lis t\u00e9rben is. Ha a csomagol\u00e1s fot\u00f3zhat\u00f3, eszt\u00e9tikus \u00e9s felismerhet\u0151, nagyobb es\u00e9llyel jelenik meg k\u00f6z\u00f6ss\u00e9gi m\u00e9di\u00e1s tartalmakban. Ilyenkor a csomagol\u00e1s nemcsak az adott v\u00e1s\u00e1rl\u00f3nak kommunik\u00e1l, hanem \u00fajabb potenci\u00e1lis v\u00e1s\u00e1rl\u00f3khoz is eljut.<\/span><\/p><h2><b>A csomagol\u00e1s hat\u00e1ssal van az \u00e1r\u00e9rzetre<\/b><\/h2><p><span style=\"font-weight: 400;\">A csomagol\u00e1s egyik legfontosabb, m\u00e9gis sokszor alul\u00e9rt\u00e9kelt szerepe, hogy befoly\u00e1solja a term\u00e9k \u00e9rz\u00e9kelt \u00e9rt\u00e9k\u00e9t. Ugyanaz a term\u00e9k m\u00e1s \u00e1rpoz\u00edci\u00f3t sugallhat egy \u00e1tlagos dobozban, mint egy ig\u00e9nyesen megtervezett, j\u00f3l kivitelezett csomagol\u00e1sban.<\/span><\/p><p><span style=\"font-weight: 400;\">Ez nem manipul\u00e1ci\u00f3, hanem pozicion\u00e1l\u00e1s. A v\u00e1s\u00e1rl\u00f3 a csomagol\u00e1s alapj\u00e1n is \u00e9rtelmezi, milyen kateg\u00f3ri\u00e1ba tartozik a term\u00e9k. Egy d\u00edszdoboz, egy k\u00fcl\u00f6nleges forma, egy eleg\u00e1ns c\u00edmke vagy egy finom fel\u00fcletnemes\u00edt\u00e9s azt \u00fczeni: ez a term\u00e9k nagyobb figyelmet kapott, magasabb min\u0151s\u00e9gi szintet k\u00e9pvisel, \u00e9s t\u00f6bbet \u00e9rhet.<\/span><\/p><p><span style=\"font-weight: 400;\">Term\u00e9szetesen a csomagol\u00e1snak \u00f6sszhangban kell lennie a term\u00e9k val\u00f3di \u00e9rt\u00e9k\u00e9vel. Ha a csomagol\u00e1s t\u00f6bbet \u00edg\u00e9r, mint amit a term\u00e9k teljes\u00edt, az hossz\u00fa t\u00e1von bizalomveszt\u00e9shez vezethet. Ha viszont a csomagol\u00e1s m\u00e9lt\u00f3 m\u00f3don t\u00e1mogatja a term\u00e9k min\u0151s\u00e9g\u00e9t, akkor az \u00e9rt\u00e9kes\u00edt\u00e9sben is komoly szerepet j\u00e1tszhat.<\/span><\/p><h2><b>Mi\u00e9rt \u00e9rdemes m\u00e1r a tervez\u00e9s elej\u00e9n csomagol\u00e1si partnerrel dolgozni?<\/b><\/h2><p><span style=\"font-weight: 400;\">A csomagol\u00e1s akkor tud val\u00f3ban \u00e9rt\u00e9kes\u00edt\u00e9si eszk\u00f6zz\u00e9 v\u00e1lni, ha nem a folyamat v\u00e9g\u00e9n ker\u00fcl sz\u00f3ba. M\u00e1r a term\u00e9kfejleszt\u00e9s, a m\u00e1rkapozicion\u00e1l\u00e1s \u00e9s az \u00e9rt\u00e9kes\u00edt\u00e9si csatorn\u00e1k tervez\u00e9se sor\u00e1n \u00e9rdemes \u00e1tgondolni, milyen csomagol\u00e1sra lesz sz\u00fcks\u00e9g.<\/span><\/p><p><span style=\"font-weight: 400;\">M\u00e1s megold\u00e1s kell retail k\u00f6rnyezetbe, m\u00e1s webshopos kisz\u00e1ll\u00edt\u00e1shoz, m\u00e1s prom\u00f3ci\u00f3s csomaghoz \u00e9s m\u00e1s pr\u00e9mium term\u00e9kbevezet\u00e9shez. M\u00e1s szempontok fontosak food, non-food vagy pharma ter\u00fcleten. M\u00e1s m\u0171k\u00f6dik nagy volumen\u0171 gy\u00e1rt\u00e1sn\u00e1l, \u00e9s m\u00e1s limit\u00e1lt sz\u00e9ri\u00e1n\u00e1l.<\/span><\/p><p><span style=\"font-weight: 400;\">Egy tapasztalt csomagol\u00e1si partner nemcsak legy\u00e1rtja a dobozt, hanem seg\u00edt abban is, hogy a csomagol\u00e1s gy\u00e1rthat\u00f3, gazdas\u00e1gos, eszt\u00e9tikus \u00e9s \u00fczletileg is \u00e9rtelmezhet\u0151 legyen. A megfelel\u0151 szerkezet, anyag, nyomtat\u00e1si technol\u00f3gia \u00e9s fel\u00fcletnemes\u00edt\u00e9s kiv\u00e1laszt\u00e1sa mind hozz\u00e1j\u00e1rul ahhoz, hogy a csomagol\u00e1s ne csup\u00e1n k\u00f6lts\u00e9gt\u00e9telk\u00e9nt jelenjen meg, hanem val\u00f3di \u00e9rt\u00e9ket teremtsen.<\/span><\/p><h2><b>A csomagol\u00e1s nem k\u00f6lts\u00e9g, hanem \u00e9rt\u00e9kes\u00edt\u00e9si t\u00e9nyez\u0151<\/b><\/h2><p><span style=\"font-weight: 400;\">A csomagol\u00e1s szerepe ma m\u00e1r j\u00f3val t\u00falmutat a term\u00e9kv\u00e9delemen. Hat\u00e1ssal van arra, hogy a v\u00e1s\u00e1rl\u00f3 \u00e9szreveszi-e a term\u00e9ket, meg\u00e9rti-e az \u00fczenet\u00e9t, megb\u00edzik-e benne, \u00e9s hajland\u00f3-e \u00e9rte fizetni. Befoly\u00e1solja a polcon val\u00f3 megjelen\u00e9st, az \u00e1r\u00e9rzetet, az unboxing \u00e9lm\u00e9nyt, a m\u00e1rka\u00e9p\u00edt\u00e9st \u00e9s sok esetben a logisztikai hat\u00e9konys\u00e1got is.<\/span><\/p><p><span style=\"font-weight: 400;\">A j\u00f3l megtervezett csomagol\u00e1s teh\u00e1t nem ut\u00f3lagos d\u00edsz\u00edt\u00e9s. A term\u00e9kstrat\u00e9gia r\u00e9sze. Akkor m\u0171k\u00f6dik igaz\u00e1n, ha a design, a funkcionalit\u00e1s, a gy\u00e1rthat\u00f3s\u00e1g \u00e9s az \u00e9rt\u00e9kes\u00edt\u00e9si c\u00e9lok egyszerre jelennek meg benne.<\/span><\/p><p><span style=\"font-weight: 400;\">Ha \u00faj term\u00e9kcsomagol\u00e1son dolgozol, vagy szeretn\u00e9d er\u0151sebb\u00e9 tenni megl\u00e9v\u0151 csomagol\u00e1sodat, \u00e9rdemes szakmai szemmel is \u00e1tgondolni a lehet\u0151s\u00e9geket.<\/span><\/p><p><span style=\"font-weight: 400;\">Vedd fel a kapcsolatot a <\/span><a href=\"https:\/\/test.kartonpack.hu\/\"><b>Color Pack csapat\u00e1val<\/b><\/a><span style=\"font-weight: 400;\">, \u00e9s n\u00e9zz\u00fck meg egy\u00fctt, hogyan v\u00e1lhat a csomagol\u00e1sod val\u00f3di \u00e9rt\u00e9kes\u00edt\u00e9si el\u0151nny\u00e9.<\/span><\/p><p><br \/><br \/><\/p>\t\t\t\t\t\t\t\t<\/div>\n\t\t\t\t<\/div>\n\t\t\t\t<\/div>\n\t\t\t\t<\/div>\n\t\t\t\t\t<\/div>\n\t\t\t\t<\/div>\n\t\t\t\t<\/div>\n\t\t","protected":false},"excerpt":{"rendered":"<p>A csomagol\u00e1s sok v\u00e1llalatn\u00e1l m\u00e9g mindig a term\u00e9kfejleszt\u00e9s utols\u00f3 \u00e1llom\u00e1sa. Elk\u00e9sz\u00fcl a term\u00e9k, megsz\u00fcletik a m\u00e1rkan\u00e9v, kialakul az \u00e1rpoz\u00edci\u00f3, majd a v\u00e9g\u00e9n felmer\u00fcl a k\u00e9rd\u00e9s: milyen dobozba, c\u00edmk\u00e9be vagy k\u00fcls\u0151 burkolatba ker\u00fclj\u00f6n? Ez a sorrend azonban gyakran f\u00e9lreviszi a d\u00f6nt\u00e9st. A csomagol\u00e1s ugyanis nem puszt\u00e1n technikai feladat, nem csak arra szolg\u00e1l, hogy megv\u00e9dje a term\u00e9ket [&hellip;]<\/p>\n","protected":false},"author":2,"featured_media":6567,"comment_status":"closed","ping_status":"closed","sticky":false,"template":"","format":"standard","meta":{"footnotes":""},"categories":[35],"tags":[],"class_list":["post-6559","post","type-post","status-publish","format-standard","has-post-thumbnail","hentry","category-hireink"],"yoast_head":"<!-- This site is optimized with the Yoast SEO Premium plugin v28.3 (Yoast SEO v28.3) - https:\/\/yoast.com\/product\/yoast-seo-premium-wordpress\/ -->\n<title>A csomagolas szerepe az \u00e9rt\u00e9kes\u00edt\u00e9sben: hogyan befoly\u00e1solja a v\u00e1s\u00e1rl\u00f3i d\u00f6nt\u00e9st? - Kartonpack<\/title>\n<meta name=\"robots\" content=\"index, follow, max-snippet:-1, max-image-preview:large, max-video-preview:-1\" \/>\n<link rel=\"canonical\" href=\"https:\/\/test.kartonpack.hu\/?p=6559\" \/>\n<meta property=\"og:locale\" content=\"hu_HU\" \/>\n<meta property=\"og:type\" content=\"article\" \/>\n<meta property=\"og:title\" content=\"A csomagolas szerepe az \u00e9rt\u00e9kes\u00edt\u00e9sben: hogyan befoly\u00e1solja a v\u00e1s\u00e1rl\u00f3i d\u00f6nt\u00e9st?\" \/>\n<meta property=\"og:description\" content=\"A csomagol\u00e1s sok v\u00e1llalatn\u00e1l m\u00e9g mindig a term\u00e9kfejleszt\u00e9s utols\u00f3 \u00e1llom\u00e1sa. Elk\u00e9sz\u00fcl a term\u00e9k, megsz\u00fcletik a m\u00e1rkan\u00e9v, kialakul az \u00e1rpoz\u00edci\u00f3, majd a v\u00e9g\u00e9n felmer\u00fcl a k\u00e9rd\u00e9s: milyen dobozba, c\u00edmk\u00e9be vagy k\u00fcls\u0151 burkolatba ker\u00fclj\u00f6n? Ez a sorrend azonban gyakran f\u00e9lreviszi a d\u00f6nt\u00e9st. A csomagol\u00e1s ugyanis nem puszt\u00e1n technikai feladat, nem csak arra szolg\u00e1l, hogy megv\u00e9dje a term\u00e9ket [&hellip;]\" \/>\n<meta property=\"og:url\" content=\"https:\/\/test.kartonpack.hu\/?p=6559\" \/>\n<meta property=\"og:site_name\" content=\"Kartonpack\" \/>\n<meta property=\"article:publisher\" content=\"https:\/\/www.facebook.com\/profile.php?id=100063640926339\" \/>\n<meta property=\"article:published_time\" content=\"2026-06-12T15:32:03+00:00\" \/>\n<meta property=\"article:modified_time\" content=\"2026-06-15T02:51:09+00:00\" \/>\n<meta property=\"og:image\" content=\"https:\/\/test.kartonpack.hu\/wp-content\/uploads\/2026\/06\/36ec3883-64ff-4a24-bbda-42ee55514faf-1024x599.png\" \/>\n\t<meta property=\"og:image:width\" content=\"1024\" \/>\n\t<meta property=\"og:image:height\" content=\"599\" \/>\n\t<meta property=\"og:image:type\" content=\"image\/png\" \/>\n<meta name=\"author\" content=\"Barna Gergely\" \/>\n<meta name=\"twitter:card\" content=\"summary_large_image\" \/>\n<meta name=\"twitter:label1\" content=\"Szerz\u0151:\" \/>\n\t<meta name=\"twitter:data1\" content=\"Barna Gergely\" \/>\n\t<meta name=\"twitter:label2\" content=\"Becs\u00fclt olvas\u00e1si id\u0151\" \/>\n\t<meta name=\"twitter:data2\" content=\"8 perc\" \/>\n<script type=\"application\/ld+json\" class=\"yoast-schema-graph\">{\"@context\":\"https:\\\/\\\/schema.org\",\"@graph\":[{\"@type\":\"Article\",\"@id\":\"https:\\\/\\\/test.kartonpack.hu\\\/?p=6559#article\",\"isPartOf\":{\"@id\":\"https:\\\/\\\/test.kartonpack.hu\\\/?p=6559\"},\"author\":{\"name\":\"Barna Gergely\",\"@id\":\"https:\\\/\\\/test.kartonpack.hu\\\/#\\\/schema\\\/person\\\/228a55ed9bb92c0bae2e7a97a835ffad\"},\"headline\":\"A csomagolas szerepe az \u00e9rt\u00e9kes\u00edt\u00e9sben: hogyan befoly\u00e1solja a v\u00e1s\u00e1rl\u00f3i d\u00f6nt\u00e9st?\",\"datePublished\":\"2026-06-12T15:32:03+00:00\",\"dateModified\":\"2026-06-15T02:51:09+00:00\",\"mainEntityOfPage\":{\"@id\":\"https:\\\/\\\/test.kartonpack.hu\\\/?p=6559\"},\"wordCount\":2203,\"publisher\":{\"@id\":\"https:\\\/\\\/test.kartonpack.hu\\\/#organization\"},\"image\":{\"@id\":\"https:\\\/\\\/test.kartonpack.hu\\\/?p=6559#primaryimage\"},\"thumbnailUrl\":\"https:\\\/\\\/test.kartonpack.hu\\\/wp-content\\\/uploads\\\/2026\\\/06\\\/36ec3883-64ff-4a24-bbda-42ee55514faf.png\",\"articleSection\":[\"H\u00edr\"],\"inLanguage\":\"hu\"},{\"@type\":\"WebPage\",\"@id\":\"https:\\\/\\\/test.kartonpack.hu\\\/?p=6559\",\"url\":\"https:\\\/\\\/test.kartonpack.hu\\\/?p=6559\",\"name\":\"A csomagolas szerepe az \u00e9rt\u00e9kes\u00edt\u00e9sben: hogyan befoly\u00e1solja a v\u00e1s\u00e1rl\u00f3i d\u00f6nt\u00e9st? - Kartonpack\",\"isPartOf\":{\"@id\":\"https:\\\/\\\/test.kartonpack.hu\\\/#website\"},\"primaryImageOfPage\":{\"@id\":\"https:\\\/\\\/test.kartonpack.hu\\\/?p=6559#primaryimage\"},\"image\":{\"@id\":\"https:\\\/\\\/test.kartonpack.hu\\\/?p=6559#primaryimage\"},\"thumbnailUrl\":\"https:\\\/\\\/test.kartonpack.hu\\\/wp-content\\\/uploads\\\/2026\\\/06\\\/36ec3883-64ff-4a24-bbda-42ee55514faf.png\",\"datePublished\":\"2026-06-12T15:32:03+00:00\",\"dateModified\":\"2026-06-15T02:51:09+00:00\",\"breadcrumb\":{\"@id\":\"https:\\\/\\\/test.kartonpack.hu\\\/?p=6559#breadcrumb\"},\"inLanguage\":\"hu\",\"potentialAction\":[{\"@type\":\"ReadAction\",\"target\":[\"https:\\\/\\\/test.kartonpack.hu\\\/?p=6559\"]}]},{\"@type\":\"ImageObject\",\"inLanguage\":\"hu\",\"@id\":\"https:\\\/\\\/test.kartonpack.hu\\\/?p=6559#primaryimage\",\"url\":\"https:\\\/\\\/test.kartonpack.hu\\\/wp-content\\\/uploads\\\/2026\\\/06\\\/36ec3883-64ff-4a24-bbda-42ee55514faf.png\",\"contentUrl\":\"https:\\\/\\\/test.kartonpack.hu\\\/wp-content\\\/uploads\\\/2026\\\/06\\\/36ec3883-64ff-4a24-bbda-42ee55514faf.png\",\"width\":2048,\"height\":1197},{\"@type\":\"BreadcrumbList\",\"@id\":\"https:\\\/\\\/test.kartonpack.hu\\\/?p=6559#breadcrumb\",\"itemListElement\":[{\"@type\":\"ListItem\",\"position\":1,\"name\":\"Kezd\u0151lap\",\"item\":\"https:\\\/\\\/test.kartonpack.hu\\\/\"},{\"@type\":\"ListItem\",\"position\":2,\"name\":\"A csomagolas szerepe az \u00e9rt\u00e9kes\u00edt\u00e9sben: hogyan befoly\u00e1solja a v\u00e1s\u00e1rl\u00f3i d\u00f6nt\u00e9st?\"}]},{\"@type\":\"WebSite\",\"@id\":\"https:\\\/\\\/test.kartonpack.hu\\\/#website\",\"url\":\"https:\\\/\\\/test.kartonpack.hu\\\/\",\"name\":\"Color Pack\",\"description\":\"Dobozipari Z\u00e1rtk\u00f6r\u0171en M\u0171k\u00f6d\u0151 R\u00e9szv\u00e9nyt\u00e1rsas\u00e1g\",\"publisher\":{\"@id\":\"https:\\\/\\\/test.kartonpack.hu\\\/#organization\"},\"potentialAction\":[{\"@type\":\"SearchAction\",\"target\":{\"@type\":\"EntryPoint\",\"urlTemplate\":\"https:\\\/\\\/test.kartonpack.hu\\\/?s={search_term_string}\"},\"query-input\":{\"@type\":\"PropertyValueSpecification\",\"valueRequired\":true,\"valueName\":\"search_term_string\"}}],\"inLanguage\":\"hu\"},{\"@type\":\"Organization\",\"@id\":\"https:\\\/\\\/test.kartonpack.hu\\\/#organization\",\"name\":\"Color Pack Nyomdaipari \u00e9s Csomagol\u00f3anyag Gy\u00e1rt\u00f3 Zrt.\",\"url\":\"https:\\\/\\\/test.kartonpack.hu\\\/\",\"logo\":{\"@type\":\"ImageObject\",\"inLanguage\":\"hu\",\"@id\":\"https:\\\/\\\/test.kartonpack.hu\\\/#\\\/schema\\\/logo\\\/image\\\/\",\"url\":\"https:\\\/\\\/test.kartonpack.hu\\\/wp-content\\\/uploads\\\/2026\\\/08\\\/kartonpack_logo-yellow.svg\",\"contentUrl\":\"https:\\\/\\\/test.kartonpack.hu\\\/wp-content\\\/uploads\\\/2026\\\/08\\\/kartonpack_logo-yellow.svg\",\"width\":418.80000000000001136868377216160297393798828125,\"height\":50.89999999999999857891452847979962825775146484375,\"caption\":\"Color Pack Nyomdaipari \u00e9s Csomagol\u00f3anyag Gy\u00e1rt\u00f3 Zrt.\"},\"image\":{\"@id\":\"https:\\\/\\\/test.kartonpack.hu\\\/#\\\/schema\\\/logo\\\/image\\\/\"},\"sameAs\":[\"https:\\\/\\\/www.facebook.com\\\/profile.php?id=100063640926339\",\"https:\\\/\\\/www.linkedin.com\\\/company\\\/color-pack-co-\\\/\"],\"description\":\"A Color Pack Zrt. vil\u00e1gsz\u00ednvonal\u00fa nyomdai \u00e9s csomagol\u00f3ipari tervez\u0151 \u00e9s kivitelez\u0151i sszolg\u00e1ltat\u00e1s\u00e1t a magasan k\u00e9pzett szakembereink \u00e9s korszer\u0171 m\u0171szaki h\u00e1tter\u00fcnk teszi lehet\u0151v\u00e9. Elk\u00f6telezettek vagyunk amellett, hogy folyamatosan l\u00e9p\u00e9st tartsunk a fejl\u0151d\u00e9ssel, meg\u00fajuljunk, \u00e9s \u00e9len j\u00e1rjunk az \u00faj technol\u00f3gi\u00e1k, term\u00e9kek \u00e9s szolg\u00e1ltat\u00e1sok bevezet\u00e9s\u00e9ben \u2013 mindig partnereink ig\u00e9nyeihez igazodva.\",\"email\":\"info@test.kartonpack.hu\",\"telephone\":\"+36 (42) 433-845\",\"legalName\":\"Color Pack Zrt.\",\"foundingDate\":\"1990-12-18\",\"taxID\":\"10470222-2-15\",\"numberOfEmployees\":{\"@type\":\"QuantitativeValue\",\"minValue\":\"51\",\"maxValue\":\"200\"}},{\"@type\":\"Person\",\"@id\":\"https:\\\/\\\/test.kartonpack.hu\\\/#\\\/schema\\\/person\\\/228a55ed9bb92c0bae2e7a97a835ffad\",\"name\":\"Barna Gergely\",\"image\":{\"@type\":\"ImageObject\",\"inLanguage\":\"hu\",\"@id\":\"https:\\\/\\\/secure.gravatar.com\\\/avatar\\\/96e5d6f2c4b9b3646689c3adbbb2ebd98a2a9f181a2aa78230b269c350e79595?s=96&d=mm&r=g\",\"url\":\"https:\\\/\\\/secure.gravatar.com\\\/avatar\\\/96e5d6f2c4b9b3646689c3adbbb2ebd98a2a9f181a2aa78230b269c350e79595?s=96&d=mm&r=g\",\"contentUrl\":\"https:\\\/\\\/secure.gravatar.com\\\/avatar\\\/96e5d6f2c4b9b3646689c3adbbb2ebd98a2a9f181a2aa78230b269c350e79595?s=96&d=mm&r=g\",\"caption\":\"Barna Gergely\"}}]}<\/script>\n<!-- \/ Yoast SEO Premium plugin. -->","yoast_head_json":{"title":"A csomagolas szerepe az \u00e9rt\u00e9kes\u00edt\u00e9sben: hogyan befoly\u00e1solja a v\u00e1s\u00e1rl\u00f3i d\u00f6nt\u00e9st? - Kartonpack","robots":{"index":"index","follow":"follow","max-snippet":"max-snippet:-1","max-image-preview":"max-image-preview:large","max-video-preview":"max-video-preview:-1"},"canonical":"https:\/\/test.kartonpack.hu\/?p=6559","og_locale":"hu_HU","og_type":"article","og_title":"A csomagolas szerepe az \u00e9rt\u00e9kes\u00edt\u00e9sben: hogyan befoly\u00e1solja a v\u00e1s\u00e1rl\u00f3i d\u00f6nt\u00e9st?","og_description":"A csomagol\u00e1s sok v\u00e1llalatn\u00e1l m\u00e9g mindig a term\u00e9kfejleszt\u00e9s utols\u00f3 \u00e1llom\u00e1sa. Elk\u00e9sz\u00fcl a term\u00e9k, megsz\u00fcletik a m\u00e1rkan\u00e9v, kialakul az \u00e1rpoz\u00edci\u00f3, majd a v\u00e9g\u00e9n felmer\u00fcl a k\u00e9rd\u00e9s: milyen dobozba, c\u00edmk\u00e9be vagy k\u00fcls\u0151 burkolatba ker\u00fclj\u00f6n? Ez a sorrend azonban gyakran f\u00e9lreviszi a d\u00f6nt\u00e9st. A csomagol\u00e1s ugyanis nem puszt\u00e1n technikai feladat, nem csak arra szolg\u00e1l, hogy megv\u00e9dje a term\u00e9ket [&hellip;]","og_url":"https:\/\/test.kartonpack.hu\/?p=6559","og_site_name":"Kartonpack","article_publisher":"https:\/\/www.facebook.com\/profile.php?id=100063640926339","article_published_time":"2026-06-12T15:32:03+00:00","article_modified_time":"2026-06-15T02:51:09+00:00","og_image":[{"width":1024,"height":599,"url":"https:\/\/test.kartonpack.hu\/wp-content\/uploads\/2026\/06\/36ec3883-64ff-4a24-bbda-42ee55514faf-1024x599.png","type":"image\/png"}],"author":"Barna Gergely","twitter_card":"summary_large_image","twitter_misc":{"Szerz\u0151:":"Barna Gergely","Becs\u00fclt olvas\u00e1si id\u0151":"8 perc"},"schema":{"@context":"https:\/\/schema.org","@graph":[{"@type":"Article","@id":"https:\/\/test.kartonpack.hu\/?p=6559#article","isPartOf":{"@id":"https:\/\/test.kartonpack.hu\/?p=6559"},"author":{"name":"Barna Gergely","@id":"https:\/\/test.kartonpack.hu\/#\/schema\/person\/228a55ed9bb92c0bae2e7a97a835ffad"},"headline":"A csomagolas szerepe az \u00e9rt\u00e9kes\u00edt\u00e9sben: hogyan befoly\u00e1solja a v\u00e1s\u00e1rl\u00f3i d\u00f6nt\u00e9st?","datePublished":"2026-06-12T15:32:03+00:00","dateModified":"2026-06-15T02:51:09+00:00","mainEntityOfPage":{"@id":"https:\/\/test.kartonpack.hu\/?p=6559"},"wordCount":2203,"publisher":{"@id":"https:\/\/test.kartonpack.hu\/#organization"},"image":{"@id":"https:\/\/test.kartonpack.hu\/?p=6559#primaryimage"},"thumbnailUrl":"https:\/\/test.kartonpack.hu\/wp-content\/uploads\/2026\/06\/36ec3883-64ff-4a24-bbda-42ee55514faf.png","articleSection":["H\u00edr"],"inLanguage":"hu"},{"@type":"WebPage","@id":"https:\/\/test.kartonpack.hu\/?p=6559","url":"https:\/\/test.kartonpack.hu\/?p=6559","name":"A csomagolas szerepe az \u00e9rt\u00e9kes\u00edt\u00e9sben: hogyan befoly\u00e1solja a v\u00e1s\u00e1rl\u00f3i d\u00f6nt\u00e9st? - Kartonpack","isPartOf":{"@id":"https:\/\/test.kartonpack.hu\/#website"},"primaryImageOfPage":{"@id":"https:\/\/test.kartonpack.hu\/?p=6559#primaryimage"},"image":{"@id":"https:\/\/test.kartonpack.hu\/?p=6559#primaryimage"},"thumbnailUrl":"https:\/\/test.kartonpack.hu\/wp-content\/uploads\/2026\/06\/36ec3883-64ff-4a24-bbda-42ee55514faf.png","datePublished":"2026-06-12T15:32:03+00:00","dateModified":"2026-06-15T02:51:09+00:00","breadcrumb":{"@id":"https:\/\/test.kartonpack.hu\/?p=6559#breadcrumb"},"inLanguage":"hu","potentialAction":[{"@type":"ReadAction","target":["https:\/\/test.kartonpack.hu\/?p=6559"]}]},{"@type":"ImageObject","inLanguage":"hu","@id":"https:\/\/test.kartonpack.hu\/?p=6559#primaryimage","url":"https:\/\/test.kartonpack.hu\/wp-content\/uploads\/2026\/06\/36ec3883-64ff-4a24-bbda-42ee55514faf.png","contentUrl":"https:\/\/test.kartonpack.hu\/wp-content\/uploads\/2026\/06\/36ec3883-64ff-4a24-bbda-42ee55514faf.png","width":2048,"height":1197},{"@type":"BreadcrumbList","@id":"https:\/\/test.kartonpack.hu\/?p=6559#breadcrumb","itemListElement":[{"@type":"ListItem","position":1,"name":"Kezd\u0151lap","item":"https:\/\/test.kartonpack.hu\/"},{"@type":"ListItem","position":2,"name":"A csomagolas szerepe az \u00e9rt\u00e9kes\u00edt\u00e9sben: hogyan befoly\u00e1solja a v\u00e1s\u00e1rl\u00f3i d\u00f6nt\u00e9st?"}]},{"@type":"WebSite","@id":"https:\/\/test.kartonpack.hu\/#website","url":"https:\/\/test.kartonpack.hu\/","name":"Color Pack","description":"Dobozipari Z\u00e1rtk\u00f6r\u0171en M\u0171k\u00f6d\u0151 R\u00e9szv\u00e9nyt\u00e1rsas\u00e1g","publisher":{"@id":"https:\/\/test.kartonpack.hu\/#organization"},"potentialAction":[{"@type":"SearchAction","target":{"@type":"EntryPoint","urlTemplate":"https:\/\/test.kartonpack.hu\/?s={search_term_string}"},"query-input":{"@type":"PropertyValueSpecification","valueRequired":true,"valueName":"search_term_string"}}],"inLanguage":"hu"},{"@type":"Organization","@id":"https:\/\/test.kartonpack.hu\/#organization","name":"Color Pack Nyomdaipari \u00e9s Csomagol\u00f3anyag Gy\u00e1rt\u00f3 Zrt.","url":"https:\/\/test.kartonpack.hu\/","logo":{"@type":"ImageObject","inLanguage":"hu","@id":"https:\/\/test.kartonpack.hu\/#\/schema\/logo\/image\/","url":"https:\/\/test.kartonpack.hu\/wp-content\/uploads\/2026\/08\/kartonpack_logo-yellow.svg","contentUrl":"https:\/\/test.kartonpack.hu\/wp-content\/uploads\/2026\/08\/kartonpack_logo-yellow.svg","width":418.80000000000001136868377216160297393798828125,"height":50.89999999999999857891452847979962825775146484375,"caption":"Color Pack Nyomdaipari \u00e9s Csomagol\u00f3anyag Gy\u00e1rt\u00f3 Zrt."},"image":{"@id":"https:\/\/test.kartonpack.hu\/#\/schema\/logo\/image\/"},"sameAs":["https:\/\/www.facebook.com\/profile.php?id=100063640926339","https:\/\/www.linkedin.com\/company\/color-pack-co-\/"],"description":"A Color Pack Zrt. vil\u00e1gsz\u00ednvonal\u00fa nyomdai \u00e9s csomagol\u00f3ipari tervez\u0151 \u00e9s kivitelez\u0151i sszolg\u00e1ltat\u00e1s\u00e1t a magasan k\u00e9pzett szakembereink \u00e9s korszer\u0171 m\u0171szaki h\u00e1tter\u00fcnk teszi lehet\u0151v\u00e9. Elk\u00f6telezettek vagyunk amellett, hogy folyamatosan l\u00e9p\u00e9st tartsunk a fejl\u0151d\u00e9ssel, meg\u00fajuljunk, \u00e9s \u00e9len j\u00e1rjunk az \u00faj technol\u00f3gi\u00e1k, term\u00e9kek \u00e9s szolg\u00e1ltat\u00e1sok bevezet\u00e9s\u00e9ben \u2013 mindig partnereink ig\u00e9nyeihez igazodva.","email":"info@test.kartonpack.hu","telephone":"+36 (42) 433-845","legalName":"Color Pack Zrt.","foundingDate":"1990-12-18","taxID":"10470222-2-15","numberOfEmployees":{"@type":"QuantitativeValue","minValue":"51","maxValue":"200"}},{"@type":"Person","@id":"https:\/\/test.kartonpack.hu\/#\/schema\/person\/228a55ed9bb92c0bae2e7a97a835ffad","name":"Barna Gergely","image":{"@type":"ImageObject","inLanguage":"hu","@id":"https:\/\/secure.gravatar.com\/avatar\/96e5d6f2c4b9b3646689c3adbbb2ebd98a2a9f181a2aa78230b269c350e79595?s=96&d=mm&r=g","url":"https:\/\/secure.gravatar.com\/avatar\/96e5d6f2c4b9b3646689c3adbbb2ebd98a2a9f181a2aa78230b269c350e79595?s=96&d=mm&r=g","contentUrl":"https:\/\/secure.gravatar.com\/avatar\/96e5d6f2c4b9b3646689c3adbbb2ebd98a2a9f181a2aa78230b269c350e79595?s=96&d=mm&r=g","caption":"Barna Gergely"}}]}},"views":28,"_links":{"self":[{"href":"https:\/\/test.kartonpack.hu\/index.php?rest_route=\/wp\/v2\/posts\/6559","targetHints":{"allow":["GET"]}}],"collection":[{"href":"https:\/\/test.kartonpack.hu\/index.php?rest_route=\/wp\/v2\/posts"}],"about":[{"href":"https:\/\/test.kartonpack.hu\/index.php?rest_route=\/wp\/v2\/types\/post"}],"author":[{"embeddable":true,"href":"https:\/\/test.kartonpack.hu\/index.php?rest_route=\/wp\/v2\/users\/2"}],"replies":[{"embeddable":true,"href":"https:\/\/test.kartonpack.hu\/index.php?rest_route=%2Fwp%2Fv2%2Fcomments&post=6559"}],"version-history":[{"count":7,"href":"https:\/\/test.kartonpack.hu\/index.php?rest_route=\/wp\/v2\/posts\/6559\/revisions"}],"predecessor-version":[{"id":6566,"href":"https:\/\/test.kartonpack.hu\/index.php?rest_route=\/wp\/v2\/posts\/6559\/revisions\/6566"}],"wp:featuredmedia":[{"embeddable":true,"href":"https:\/\/test.kartonpack.hu\/index.php?rest_route=\/wp\/v2\/media\/6567"}],"wp:attachment":[{"href":"https:\/\/test.kartonpack.hu\/index.php?rest_route=%2Fwp%2Fv2%2Fmedia&parent=6559"}],"wp:term":[{"taxonomy":"category","embeddable":true,"href":"https:\/\/test.kartonpack.hu\/index.php?rest_route=%2Fwp%2Fv2%2Fcategories&post=6559"},{"taxonomy":"post_tag","embeddable":true,"href":"https:\/\/test.kartonpack.hu\/index.php?rest_route=%2Fwp%2Fv2%2Ftags&post=6559"}],"curies":[{"name":"wp","href":"https:\/\/api.w.org\/{rel}","templated":true}]}}