{"id":6547,"date":"2026-05-28T11:44:13","date_gmt":"2026-05-28T11:44:13","guid":{"rendered":"https:\/\/test.kartonpack.hu\/?p=6547"},"modified":"2026-05-28T11:52:23","modified_gmt":"2026-05-28T11:52:23","slug":"fenntarthato-csomagolas-de-mit-jelent-ez-a-gyakorlatban","status":"publish","type":"post","link":"https:\/\/test.kartonpack.hu\/?p=6547","title":{"rendered":"Fenntarthat\u00f3 csomagol\u00e1s? De mit jelent ez a gyakorlatban?"},"content":{"rendered":"\t\t<div data-elementor-type=\"wp-post\" data-elementor-id=\"6547\" class=\"elementor elementor-6547\" data-elementor-post-type=\"post\">\n\t\t\t\t<div class=\"elementor-element elementor-element-bf7238d e-flex e-con-boxed e-con e-parent\" data-id=\"bf7238d\" data-element_type=\"container\" data-e-type=\"container\" data-settings=\"{&quot;jet_parallax_layout_list&quot;:[]}\">\n\t\t\t\t\t<div class=\"e-con-inner\">\n\t\t<div class=\"elementor-element elementor-element-32d0dc3 e-con-full e-flex e-con e-child\" data-id=\"32d0dc3\" data-element_type=\"container\" data-e-type=\"container\" data-settings=\"{&quot;jet_parallax_layout_list&quot;:[]}\">\n\t\t<div class=\"elementor-element elementor-element-94f0f24 e-con-full e-flex e-con e-child\" data-id=\"94f0f24\" data-element_type=\"container\" data-e-type=\"container\" data-settings=\"{&quot;jet_parallax_layout_list&quot;:[]}\">\n\t\t\t\t<div class=\"elementor-element elementor-element-993cf9c elementor-widget elementor-widget-text-editor\" data-id=\"993cf9c\" data-element_type=\"widget\" data-e-type=\"widget\" data-widget_type=\"text-editor.default\">\n\t\t\t\t<div class=\"elementor-widget-container\">\n\t\t\t\t\t\t\t\t\t<p>A fenntarthat\u00f3s\u00e1g ma m\u00e1r megker\u00fclhetetlen t\u00e9ma a csomagol\u00f3iparban. Egyre t\u00f6bb v\u00e1llalat kommunik\u00e1l \u201ez\u00f6ld\u201d megold\u00e1sokr\u00f3l, de a gyakorlatban sokszor nem egy\u00e9rtelm\u0171, mit is jelent ez val\u00f3j\u00e1ban. A fenntarthat\u00f3 csomagol\u00e1s nem egyetlen d\u00f6nt\u00e9s vagy anyag k\u00e9rd\u00e9se. Ink\u00e1bb egy \u00f6sszetett szeml\u00e9let, amely a teljes \u00e9letciklust figyelembe veszi, a gy\u00e1rt\u00e1st\u00f3l eg\u00e9szen a felhaszn\u00e1l\u00e1sig \u00e9s az \u00fajrahasznos\u00edt\u00e1sig. A k\u00f6vetkez\u0151 cikk\u00fcnkben ezt a t\u00e9m\u00e1t j\u00e1rjuk k\u00f6r\u00fcl.<\/p><h2><b>Nem minden \u201ez\u00f6ld\u201d, ami annak l\u00e1tszik<\/b><\/h2><p>Az egyik leggyakoribb f\u00e9lre\u00e9rt\u00e9s, hogy a fenntarthat\u00f3s\u00e1g kiz\u00e1r\u00f3lag az alapanyagr\u00f3l sz\u00f3l. Sokan automatikusan a \u201em\u0171anyag helyett pap\u00edr\u201d ir\u00e1nyba indulnak el, de ez \u00f6nmag\u00e1ban m\u00e9g nem jelent fenntarthat\u00f3bb megold\u00e1st. A val\u00f3s\u00e1gban egy csomagol\u00e1s k\u00f6rnyezeti hat\u00e1s\u00e1t t\u00f6bb t\u00e9nyez\u0151 egy\u00fctt hat\u00e1rozza meg: az alapanyag, a gy\u00e1rt\u00e1si folyamat, a sz\u00e1ll\u00edt\u00e1s \u00e9s a felhaszn\u00e1l\u00e1s m\u00f3dja is.<\/p><p>Egy t\u00f6bb r\u00e9teg\u0171 pap\u00edralap\u00fa csomagol\u00e1s \u2013 amelyet p\u00e9ld\u00e1ul extra merevs\u00e9g vagy pr\u00e9mium \u00e9rzet miatt haszn\u00e1lnak \u2013 gy\u00e1rt\u00e1sa \u00e9s sz\u00e1ll\u00edt\u00e1sa bizonyos esetekben nagyobb k\u00f6rnyezeti terhel\u00e9st jelenthet, mint egy v\u00e9kony, optimaliz\u00e1lt m\u0171anyag megold\u00e1s.<\/p><p>Egy m\u00e1sik gyakori helyzet az FMCG szektorban, amikor a csomagol\u00e1st t\u00falm\u00e9retezik a \u201el\u00e1tv\u00e1ny\u201d miatt. A nagyobb doboz t\u00f6bb alapanyagot ig\u00e9nyel, \u00e9s feleslegesen n\u00f6veli a sz\u00e1ll\u00edtott t\u00e9rfogatot is.<\/p><h2><b>A kevesebb sokszor t\u00f6bb<\/b><\/h2><p>A fenntarthat\u00f3 csomagol\u00e1s egyik alapelve a <b>minimaliz\u00e1l\u00e1s<\/b>. Kevesebb anyag, kevesebb felesleges r\u00e9teg, kevesebb pazarl\u00e1s.<\/p><p>Ez nemcsak k\u00f6rnyezeti szempontb\u00f3l el\u0151ny\u00f6s, hanem gazdas\u00e1gilag is. Az optimaliz\u00e1lt szerkezet \u00e9s anyaghaszn\u00e1lat cs\u00f6kkenti a k\u00f6lts\u00e9geket \u00e9s a sz\u00e1ll\u00edt\u00e1si ig\u00e9nyt is.<\/p><p>Egy csomagol\u00e1s vastags\u00e1g\u00e1nak vagy m\u00e9ret\u00e9nek ak\u00e1r n\u00e9h\u00e1ny millim\u00e9teres cs\u00f6kkent\u00e9se is jelent\u0151s megtakar\u00edt\u00e1st eredm\u00e9nyezhet nagy darabsz\u00e1m eset\u00e9n. T\u00f6bb term\u00e9k f\u00e9r el egy raklapon, kevesebb sz\u00e1ll\u00edt\u00e1s sz\u00fcks\u00e9ges, \u00edgy cs\u00f6kken a k\u00f6lts\u00e9g \u00e9s a k\u00f6rnyezeti terhel\u00e9s is.<\/p><p>A j\u00f3l megtervezett csomagol\u00e1s teh\u00e1t nemcsak \u201ez\u00f6ldebb\u201d, hanem hat\u00e9konyabb is.<\/p><h2><b>A gy\u00e1rt\u00e1s szerepe kulcsfontoss\u00e1g\u00fa<\/b><\/h2><p>A fenntarthat\u00f3s\u00e1g nem \u00e1ll meg az anyagv\u00e1laszt\u00e1sn\u00e1l. A gy\u00e1rt\u00e1si technol\u00f3gia is meghat\u00e1roz\u00f3.<\/p><p>Az energiahat\u00e9kony folyamatok, a modern nyomtat\u00e1si technol\u00f3gi\u00e1k, valamint az olyan megold\u00e1sok, mint az alacsony migr\u00e1ci\u00f3j\u00fa fest\u00e9kek vagy a tudatos fest\u00e9khaszn\u00e1lat mind hozz\u00e1j\u00e1rulnak a k\u00f6rnyezeti terhel\u00e9s cs\u00f6kkent\u00e9s\u00e9hez.<\/p><p>Az \u00e9lelmiszeripari csomagol\u00e1sokn\u00e1l egyre gyakrabban haszn\u00e1lt alacsony migr\u00e1ci\u00f3j\u00fa fest\u00e9kek nemcsak biztons\u00e1gosabbak, hanem pontosabb gy\u00e1rt\u00e1st \u00e9s kevesebb selejtet is eredm\u00e9nyezhetnek. Ez k\u00f6zvetve cs\u00f6kkenti a hullad\u00e9k mennyis\u00e9g\u00e9t.<\/p><p>Egy j\u00f3l optimaliz\u00e1lt gy\u00e1rt\u00e1si folyamat teh\u00e1t nemcsak min\u0151s\u00e9gi, hanem fenntarthat\u00f3s\u00e1gi k\u00e9rd\u00e9s is.<\/p><h2><b>A logisztika is r\u00e9sze a k\u00e9pletnek<\/b><\/h2><p>Egy csomagol\u00e1s akkor fenntarthat\u00f3 igaz\u00e1n, ha nemcsak a gy\u00e1rt\u00e1s sor\u00e1n, hanem a sz\u00e1ll\u00edt\u00e1s \u00e9s rakt\u00e1roz\u00e1s sor\u00e1n is hat\u00e9kony.<\/p><p>A j\u00f3l optimaliz\u00e1lt m\u00e9ret, a megfelel\u0151 rakodhat\u00f3s\u00e1g \u00e9s a tudatos k\u00e9szletkezel\u00e9s mind cs\u00f6kkenthetik a sz\u00e1ll\u00edt\u00e1si ig\u00e9nyt \u00e9s a k\u00f6rnyezeti terhel\u00e9st.<\/p><p>Ha egy doboz kialak\u00edt\u00e1sa miatt a raklapkihaszn\u00e1lts\u00e1g csak 70\u201380%, ugyanannyi term\u00e9khez t\u00f6bb fuvar sz\u00fcks\u00e9ges. Egy optimaliz\u00e1lt szerkezettel viszont ak\u00e1r 10\u201320%-kal is jav\u00edthat\u00f3 a kihaszn\u00e1lts\u00e1g, ami k\u00f6zvetlen k\u00f6lts\u00e9g- \u00e9s kibocs\u00e1t\u00e1scs\u00f6kken\u00e9st jelent.<\/p><p>Ez az a pont, ahol a csomagol\u00e1s m\u00e1r t\u00falmutat \u00f6nmag\u00e1n, \u00e9s a teljes ell\u00e1t\u00e1si l\u00e1nc r\u00e9sz\u00e9v\u00e9 v\u00e1lik.<\/p><h2><b>Mit jelent ez a gyakorlatban?<\/b><\/h2><p>A fenntarthat\u00f3 csomagol\u00e1s nem egy \u201eegy l\u00e9p\u00e9ses\u201d megold\u00e1s. Sokkal ink\u00e1bb egy folyamatos optimaliz\u00e1l\u00e1si folyamat, ahol a c\u00e9l az, hogy a csomagol\u00e1s a lehet\u0151 legkisebb k\u00f6rnyezeti terhel\u00e9s mellett m\u0171k\u00f6dj\u00f6n.<\/p><p>Ez gyakran kompromisszumokkal j\u00e1r, de a j\u00f3l \u00e1tgondolt d\u00f6nt\u00e9sek hossz\u00fa t\u00e1von mind k\u00f6rnyezeti, mind \u00fczleti szempontb\u00f3l megt\u00e9r\u00fclnek.<\/p><p>A k\u00e9rd\u00e9s teh\u00e1t nem az, hogy egy megold\u00e1s \u201ez\u00f6ld-e\u201d, hanem az, hogy <b>az adott rendszerben mennyire hat\u00e9kony<\/b>.<\/p><p>A fenntarthat\u00f3 csomagol\u00e1s nem trend, hanem egy \u00faj szeml\u00e9let a csomagol\u00e1s tervez\u00e9s\u00e9ben \u00e9s gy\u00e1rt\u00e1s\u00e1ban.<\/p><p>Nem az sz\u00e1m\u00edt, hogy egy megold\u00e1s \u201ez\u00f6ldnek t\u0171nik\u201d, hanem az, hogy a teljes rendszerben mennyire m\u0171k\u00f6dik hat\u00e9konyan.<\/p><p>A legjobb eredm\u00e9nyeket mindig azok a c\u00e9gek \u00e9rik el, amelyek nem egyetlen t\u00e9nyez\u0151t optimaliz\u00e1lnak, hanem a teljes folyamatot.<\/p><p>Ha szeretn\u00e9d \u00e1tgondolni, hogyan lehet a csomagol\u00e1sod egyszerre fenntarthat\u00f3 \u00e9s gazdas\u00e1gos, \u00e9rdemes szak\u00e9rt\u0151i szemmel is megvizsg\u00e1lni a lehet\u0151s\u00e9geket.<\/p><h2><b>Hogyan csin\u00e1ljuk mi?<\/b><\/h2><p>A Color Pack Zrt. sz\u00e1m\u00e1ra a fenntarthat\u00f3s\u00e1g nem csup\u00e1n egy c\u00e9l, hanem a m\u0171k\u00f6d\u00e9s\u00fcnk alapvet\u0151 \u00e9rt\u00e9ke, amely minden tev\u00e9kenys\u00e9g\u00fcnket \u00e9s d\u00f6nt\u00e9s\u00fcnket \u00e1thatja. Partnereinkkel egy\u00fcttm\u0171k\u00f6dve elk\u00f6telezettek vagyunk a k\u00f6rnyezeti \u00e9s t\u00e1rsadalmi felel\u0151ss\u00e9gv\u00e1llal\u00e1s ir\u00e1nt, amely m\u00e1r a kezdetekt\u0151l meghat\u00e1rozza fejl\u0151d\u00e9si ir\u00e1nyunkat.<\/p><p>C\u00e9g\u00fcnk b\u00fcszk\u00e9n viseli az FSC (Forest Stewardship Council) \u00e9s PEFC (Programme for the Endorsement of Forest Certification) tan\u00fas\u00edtv\u00e1nyokat, amelyek garant\u00e1lj\u00e1k, hogy gy\u00e1rt\u00e1si folyamataink sor\u00e1n kiz\u00e1r\u00f3lag fenntarthat\u00f3 forr\u00e1sb\u00f3l sz\u00e1rmaz\u00f3 fa sz\u00e1rmaz\u00e9kokat haszn\u00e1lunk fel. Ezzel akt\u00edvan v\u00e9dj\u00fck a term\u00e9szetes erd\u0151ket \u00e9s a biodiverzit\u00e1st, amely mindannyiunk k\u00f6z\u00f6s kincse.<\/p><p>Az ISO 14001 szabv\u00e1ny szerinti min\u0151s\u00edt\u00e9s\u00fcnk \u00e9s az EcoVadis tan\u00fas\u00edtv\u00e1nyunk tov\u00e1bbi bizony\u00edt\u00e9kai annak, hogy k\u00f6rnyezetv\u00e9delmi, etikai \u00e9s munka\u00fcgyi gyakorlataink magas sz\u00ednvonalon m\u0171k\u00f6dnek. BRC tan\u00fas\u00edtv\u00e1nyunkkal pedig garant\u00e1ljuk, hogy term\u00e9keink megfelelnek a legszigor\u00fabb \u00e9lelmiszerbiztons\u00e1gi el\u0151\u00edr\u00e1soknak, biztos\u00edtva partnereink \u00e9s v\u00e9gfelhaszn\u00e1l\u00f3ink biztons\u00e1g\u00e1t \u00e9s el\u00e9gedetts\u00e9g\u00e9t.<\/p><p>Fenntarthat\u00f3s\u00e1gi t\u00f6rekv\u00e9seink r\u00e9sze a meg\u00fajul\u00f3 energiaforr\u00e1sok haszn\u00e1lata, p\u00e9ld\u00e1ul a napelemparkok ki\u00e9p\u00edt\u00e9se, valamint az energiahat\u00e9konys\u00e1g n\u00f6vel\u00e9se \u00e9s az er\u0151forr\u00e1sok tudatos, pazarl\u00e1smentes felhaszn\u00e1l\u00e1sa. Az automatiz\u00e1l\u00e1s \u00e9s digitaliz\u00e1ci\u00f3 r\u00e9v\u00e9n optimaliz\u00e1ljuk termel\u00e9si folyamatainkat, hogy min\u00e9l kisebb \u00f6kol\u00f3giai l\u00e1bnyomot hagyjunk magunk ut\u00e1n.<\/p><p>Emellett nagy hangs\u00falyt fektet\u00fcnk a t\u00e1rsadalmi felel\u0151ss\u00e9gv\u00e1llal\u00e1sra is: munkat\u00e1rsaink sz\u00e1m\u00e1ra biztons\u00e1gos, inspir\u00e1l\u00f3 \u00e9s t\u00e1mogat\u00f3 munkak\u00f6rnyezetet teremt\u00fcnk, ahol szakmai fejl\u0151d\u00e9s\u00fcket \u00e9s j\u00f3l\u00e9t\u00fcket kiemelten kezelj\u00fck. Hisz\u00fcnk benne, hogy el\u00e9gedett, motiv\u00e1lt csapat n\u00e9lk\u00fcl nincs hossz\u00fa t\u00e1v\u00fa siker.<\/p><p>A Color Pack Zrt. nem csup\u00e1n k\u00f6rnyezettudatos v\u00e1llalat, hanem megb\u00edzhat\u00f3 partner, amely hossz\u00fa t\u00e1von fenntarthat\u00f3 \u00fczleti modellj\u00e9vel \u00e9rt\u00e9ket teremt \u00fcgyfelei, dolgoz\u00f3i \u00e9s a t\u00e1rsadalom sz\u00e1m\u00e1ra egyar\u00e1nt. Vel\u00fcnk egy\u00fcttm\u0171k\u00f6dve partnereink nem csak \u00fczleti sikert \u00e9rnek el, hanem egy felel\u0151ss\u00e9gteljes \u00e9s \u00e9rt\u00e9kteremt\u0151 j\u00f6v\u0151ben vehetnek r\u00e9szt.<\/p><p>Vedd fel a kapcsolatot a <a href=\"https:\/\/www.google.com\/url?source=gmail&amp;sa=E&amp;q=https:\/\/test.kartonpack.hu\/\"><b>Color Pack csapat\u00e1val<\/b><\/a>, \u00e9s seg\u00edt\u00fcnk olyan csomagol\u00e1si megold\u00e1st kialak\u00edtani, amely hossz\u00fa t\u00e1von is m\u0171k\u00f6dik.<\/p>\t\t\t\t\t\t\t\t<\/div>\n\t\t\t\t<\/div>\n\t\t\t\t<\/div>\n\t\t\t\t<\/div>\n\t\t\t\t\t<\/div>\n\t\t\t\t<\/div>\n\t\t\t\t<\/div>\n\t\t","protected":false},"excerpt":{"rendered":"<p>A fenntarthat\u00f3s\u00e1g ma m\u00e1r megker\u00fclhetetlen t\u00e9ma a csomagol\u00f3iparban. Egyre t\u00f6bb v\u00e1llalat kommunik\u00e1l \u201ez\u00f6ld\u201d megold\u00e1sokr\u00f3l, de a gyakorlatban sokszor nem egy\u00e9rtelm\u0171, mit is jelent ez val\u00f3j\u00e1ban. A fenntarthat\u00f3 csomagol\u00e1s nem egyetlen d\u00f6nt\u00e9s vagy anyag k\u00e9rd\u00e9se. Ink\u00e1bb egy \u00f6sszetett szeml\u00e9let, amely a teljes \u00e9letciklust figyelembe veszi, a gy\u00e1rt\u00e1st\u00f3l eg\u00e9szen a felhaszn\u00e1l\u00e1sig \u00e9s az \u00fajrahasznos\u00edt\u00e1sig. A k\u00f6vetkez\u0151 cikk\u00fcnkben [&hellip;]<\/p>\n","protected":false},"author":2,"featured_media":6548,"comment_status":"closed","ping_status":"closed","sticky":false,"template":"","format":"standard","meta":{"footnotes":""},"categories":[35],"tags":[],"class_list":["post-6547","post","type-post","status-publish","format-standard","has-post-thumbnail","hentry","category-hireink"],"yoast_head":"<!-- This site is optimized with the Yoast SEO Premium plugin v28.3 (Yoast SEO v28.3) - https:\/\/yoast.com\/product\/yoast-seo-premium-wordpress\/ -->\n<title>Fenntarthat\u00f3 csomagol\u00e1s? De mit jelent ez a gyakorlatban? - Kartonpack<\/title>\n<meta name=\"robots\" content=\"index, follow, max-snippet:-1, max-image-preview:large, max-video-preview:-1\" \/>\n<link rel=\"canonical\" href=\"https:\/\/test.kartonpack.hu\/?p=6547\" \/>\n<meta property=\"og:locale\" content=\"hu_HU\" \/>\n<meta property=\"og:type\" content=\"article\" \/>\n<meta property=\"og:title\" content=\"Fenntarthat\u00f3 csomagol\u00e1s? De mit jelent ez a gyakorlatban?\" \/>\n<meta property=\"og:description\" content=\"A fenntarthat\u00f3s\u00e1g ma m\u00e1r megker\u00fclhetetlen t\u00e9ma a csomagol\u00f3iparban. Egyre t\u00f6bb v\u00e1llalat kommunik\u00e1l \u201ez\u00f6ld\u201d megold\u00e1sokr\u00f3l, de a gyakorlatban sokszor nem egy\u00e9rtelm\u0171, mit is jelent ez val\u00f3j\u00e1ban. A fenntarthat\u00f3 csomagol\u00e1s nem egyetlen d\u00f6nt\u00e9s vagy anyag k\u00e9rd\u00e9se. Ink\u00e1bb egy \u00f6sszetett szeml\u00e9let, amely a teljes \u00e9letciklust figyelembe veszi, a gy\u00e1rt\u00e1st\u00f3l eg\u00e9szen a felhaszn\u00e1l\u00e1sig \u00e9s az \u00fajrahasznos\u00edt\u00e1sig. A k\u00f6vetkez\u0151 cikk\u00fcnkben [&hellip;]\" \/>\n<meta property=\"og:url\" content=\"https:\/\/test.kartonpack.hu\/?p=6547\" \/>\n<meta property=\"og:site_name\" content=\"Kartonpack\" \/>\n<meta property=\"article:publisher\" content=\"https:\/\/www.facebook.com\/profile.php?id=100063640926339\" \/>\n<meta property=\"article:published_time\" content=\"2026-05-28T11:44:13+00:00\" \/>\n<meta property=\"article:modified_time\" content=\"2026-05-28T11:52:23+00:00\" \/>\n<meta property=\"og:image\" content=\"https:\/\/test.kartonpack.hu\/wp-content\/uploads\/2026\/05\/ochir-erdene-oyunmedeg-nHVrk02meXs-unsplash-scaled.jpg\" \/>\n\t<meta property=\"og:image:width\" content=\"2560\" \/>\n\t<meta property=\"og:image:height\" content=\"1707\" \/>\n\t<meta property=\"og:image:type\" content=\"image\/jpeg\" \/>\n<meta name=\"author\" content=\"Barna Gergely\" \/>\n<meta name=\"twitter:card\" content=\"summary_large_image\" \/>\n<meta name=\"twitter:label1\" content=\"Szerz\u0151:\" \/>\n\t<meta name=\"twitter:data1\" content=\"Barna Gergely\" \/>\n\t<meta name=\"twitter:label2\" content=\"Becs\u00fclt olvas\u00e1si id\u0151\" \/>\n\t<meta name=\"twitter:data2\" content=\"5 perc\" \/>\n<script type=\"application\/ld+json\" class=\"yoast-schema-graph\">{\"@context\":\"https:\\\/\\\/schema.org\",\"@graph\":[{\"@type\":\"Article\",\"@id\":\"https:\\\/\\\/test.kartonpack.hu\\\/?p=6547#article\",\"isPartOf\":{\"@id\":\"https:\\\/\\\/test.kartonpack.hu\\\/?p=6547\"},\"author\":{\"name\":\"Barna Gergely\",\"@id\":\"https:\\\/\\\/test.kartonpack.hu\\\/#\\\/schema\\\/person\\\/228a55ed9bb92c0bae2e7a97a835ffad\"},\"headline\":\"Fenntarthat\u00f3 csomagol\u00e1s? De mit jelent ez a gyakorlatban?\",\"datePublished\":\"2026-05-28T11:44:13+00:00\",\"dateModified\":\"2026-05-28T11:52:23+00:00\",\"mainEntityOfPage\":{\"@id\":\"https:\\\/\\\/test.kartonpack.hu\\\/?p=6547\"},\"wordCount\":1348,\"publisher\":{\"@id\":\"https:\\\/\\\/test.kartonpack.hu\\\/#organization\"},\"image\":{\"@id\":\"https:\\\/\\\/test.kartonpack.hu\\\/?p=6547#primaryimage\"},\"thumbnailUrl\":\"https:\\\/\\\/test.kartonpack.hu\\\/wp-content\\\/uploads\\\/2026\\\/05\\\/ochir-erdene-oyunmedeg-nHVrk02meXs-unsplash-scaled.jpg\",\"articleSection\":[\"H\u00edr\"],\"inLanguage\":\"hu\"},{\"@type\":\"WebPage\",\"@id\":\"https:\\\/\\\/test.kartonpack.hu\\\/?p=6547\",\"url\":\"https:\\\/\\\/test.kartonpack.hu\\\/?p=6547\",\"name\":\"Fenntarthat\u00f3 csomagol\u00e1s? De mit jelent ez a gyakorlatban? - Kartonpack\",\"isPartOf\":{\"@id\":\"https:\\\/\\\/test.kartonpack.hu\\\/#website\"},\"primaryImageOfPage\":{\"@id\":\"https:\\\/\\\/test.kartonpack.hu\\\/?p=6547#primaryimage\"},\"image\":{\"@id\":\"https:\\\/\\\/test.kartonpack.hu\\\/?p=6547#primaryimage\"},\"thumbnailUrl\":\"https:\\\/\\\/test.kartonpack.hu\\\/wp-content\\\/uploads\\\/2026\\\/05\\\/ochir-erdene-oyunmedeg-nHVrk02meXs-unsplash-scaled.jpg\",\"datePublished\":\"2026-05-28T11:44:13+00:00\",\"dateModified\":\"2026-05-28T11:52:23+00:00\",\"breadcrumb\":{\"@id\":\"https:\\\/\\\/test.kartonpack.hu\\\/?p=6547#breadcrumb\"},\"inLanguage\":\"hu\",\"potentialAction\":[{\"@type\":\"ReadAction\",\"target\":[\"https:\\\/\\\/test.kartonpack.hu\\\/?p=6547\"]}]},{\"@type\":\"ImageObject\",\"inLanguage\":\"hu\",\"@id\":\"https:\\\/\\\/test.kartonpack.hu\\\/?p=6547#primaryimage\",\"url\":\"https:\\\/\\\/test.kartonpack.hu\\\/wp-content\\\/uploads\\\/2026\\\/05\\\/ochir-erdene-oyunmedeg-nHVrk02meXs-unsplash-scaled.jpg\",\"contentUrl\":\"https:\\\/\\\/test.kartonpack.hu\\\/wp-content\\\/uploads\\\/2026\\\/05\\\/ochir-erdene-oyunmedeg-nHVrk02meXs-unsplash-scaled.jpg\",\"width\":2560,\"height\":1707},{\"@type\":\"BreadcrumbList\",\"@id\":\"https:\\\/\\\/test.kartonpack.hu\\\/?p=6547#breadcrumb\",\"itemListElement\":[{\"@type\":\"ListItem\",\"position\":1,\"name\":\"Kezd\u0151lap\",\"item\":\"https:\\\/\\\/test.kartonpack.hu\\\/\"},{\"@type\":\"ListItem\",\"position\":2,\"name\":\"Fenntarthat\u00f3 csomagol\u00e1s? De mit jelent ez a gyakorlatban?\"}]},{\"@type\":\"WebSite\",\"@id\":\"https:\\\/\\\/test.kartonpack.hu\\\/#website\",\"url\":\"https:\\\/\\\/test.kartonpack.hu\\\/\",\"name\":\"Color Pack\",\"description\":\"Dobozipari Z\u00e1rtk\u00f6r\u0171en M\u0171k\u00f6d\u0151 R\u00e9szv\u00e9nyt\u00e1rsas\u00e1g\",\"publisher\":{\"@id\":\"https:\\\/\\\/test.kartonpack.hu\\\/#organization\"},\"potentialAction\":[{\"@type\":\"SearchAction\",\"target\":{\"@type\":\"EntryPoint\",\"urlTemplate\":\"https:\\\/\\\/test.kartonpack.hu\\\/?s={search_term_string}\"},\"query-input\":{\"@type\":\"PropertyValueSpecification\",\"valueRequired\":true,\"valueName\":\"search_term_string\"}}],\"inLanguage\":\"hu\"},{\"@type\":\"Organization\",\"@id\":\"https:\\\/\\\/test.kartonpack.hu\\\/#organization\",\"name\":\"Color Pack Nyomdaipari \u00e9s Csomagol\u00f3anyag Gy\u00e1rt\u00f3 Zrt.\",\"url\":\"https:\\\/\\\/test.kartonpack.hu\\\/\",\"logo\":{\"@type\":\"ImageObject\",\"inLanguage\":\"hu\",\"@id\":\"https:\\\/\\\/test.kartonpack.hu\\\/#\\\/schema\\\/logo\\\/image\\\/\",\"url\":\"https:\\\/\\\/test.kartonpack.hu\\\/wp-content\\\/uploads\\\/2026\\\/08\\\/kartonpack_logo-yellow.svg\",\"contentUrl\":\"https:\\\/\\\/test.kartonpack.hu\\\/wp-content\\\/uploads\\\/2026\\\/08\\\/kartonpack_logo-yellow.svg\",\"width\":418.80000000000001136868377216160297393798828125,\"height\":50.89999999999999857891452847979962825775146484375,\"caption\":\"Color Pack Nyomdaipari \u00e9s Csomagol\u00f3anyag Gy\u00e1rt\u00f3 Zrt.\"},\"image\":{\"@id\":\"https:\\\/\\\/test.kartonpack.hu\\\/#\\\/schema\\\/logo\\\/image\\\/\"},\"sameAs\":[\"https:\\\/\\\/www.facebook.com\\\/profile.php?id=100063640926339\",\"https:\\\/\\\/www.linkedin.com\\\/company\\\/color-pack-co-\\\/\"],\"description\":\"A Color Pack Zrt. vil\u00e1gsz\u00ednvonal\u00fa nyomdai \u00e9s csomagol\u00f3ipari tervez\u0151 \u00e9s kivitelez\u0151i sszolg\u00e1ltat\u00e1s\u00e1t a magasan k\u00e9pzett szakembereink \u00e9s korszer\u0171 m\u0171szaki h\u00e1tter\u00fcnk teszi lehet\u0151v\u00e9. Elk\u00f6telezettek vagyunk amellett, hogy folyamatosan l\u00e9p\u00e9st tartsunk a fejl\u0151d\u00e9ssel, meg\u00fajuljunk, \u00e9s \u00e9len j\u00e1rjunk az \u00faj technol\u00f3gi\u00e1k, term\u00e9kek \u00e9s szolg\u00e1ltat\u00e1sok bevezet\u00e9s\u00e9ben \u2013 mindig partnereink ig\u00e9nyeihez igazodva.\",\"email\":\"info@test.kartonpack.hu\",\"telephone\":\"+36 (42) 433-845\",\"legalName\":\"Color Pack Zrt.\",\"foundingDate\":\"1990-12-18\",\"taxID\":\"10470222-2-15\",\"numberOfEmployees\":{\"@type\":\"QuantitativeValue\",\"minValue\":\"51\",\"maxValue\":\"200\"}},{\"@type\":\"Person\",\"@id\":\"https:\\\/\\\/test.kartonpack.hu\\\/#\\\/schema\\\/person\\\/228a55ed9bb92c0bae2e7a97a835ffad\",\"name\":\"Barna Gergely\",\"image\":{\"@type\":\"ImageObject\",\"inLanguage\":\"hu\",\"@id\":\"https:\\\/\\\/secure.gravatar.com\\\/avatar\\\/96e5d6f2c4b9b3646689c3adbbb2ebd98a2a9f181a2aa78230b269c350e79595?s=96&d=mm&r=g\",\"url\":\"https:\\\/\\\/secure.gravatar.com\\\/avatar\\\/96e5d6f2c4b9b3646689c3adbbb2ebd98a2a9f181a2aa78230b269c350e79595?s=96&d=mm&r=g\",\"contentUrl\":\"https:\\\/\\\/secure.gravatar.com\\\/avatar\\\/96e5d6f2c4b9b3646689c3adbbb2ebd98a2a9f181a2aa78230b269c350e79595?s=96&d=mm&r=g\",\"caption\":\"Barna Gergely\"}}]}<\/script>\n<!-- \/ Yoast SEO Premium plugin. -->","yoast_head_json":{"title":"Fenntarthat\u00f3 csomagol\u00e1s? De mit jelent ez a gyakorlatban? - Kartonpack","robots":{"index":"index","follow":"follow","max-snippet":"max-snippet:-1","max-image-preview":"max-image-preview:large","max-video-preview":"max-video-preview:-1"},"canonical":"https:\/\/test.kartonpack.hu\/?p=6547","og_locale":"hu_HU","og_type":"article","og_title":"Fenntarthat\u00f3 csomagol\u00e1s? De mit jelent ez a gyakorlatban?","og_description":"A fenntarthat\u00f3s\u00e1g ma m\u00e1r megker\u00fclhetetlen t\u00e9ma a csomagol\u00f3iparban. Egyre t\u00f6bb v\u00e1llalat kommunik\u00e1l \u201ez\u00f6ld\u201d megold\u00e1sokr\u00f3l, de a gyakorlatban sokszor nem egy\u00e9rtelm\u0171, mit is jelent ez val\u00f3j\u00e1ban. A fenntarthat\u00f3 csomagol\u00e1s nem egyetlen d\u00f6nt\u00e9s vagy anyag k\u00e9rd\u00e9se. Ink\u00e1bb egy \u00f6sszetett szeml\u00e9let, amely a teljes \u00e9letciklust figyelembe veszi, a gy\u00e1rt\u00e1st\u00f3l eg\u00e9szen a felhaszn\u00e1l\u00e1sig \u00e9s az \u00fajrahasznos\u00edt\u00e1sig. A k\u00f6vetkez\u0151 cikk\u00fcnkben [&hellip;]","og_url":"https:\/\/test.kartonpack.hu\/?p=6547","og_site_name":"Kartonpack","article_publisher":"https:\/\/www.facebook.com\/profile.php?id=100063640926339","article_published_time":"2026-05-28T11:44:13+00:00","article_modified_time":"2026-05-28T11:52:23+00:00","og_image":[{"width":2560,"height":1707,"url":"https:\/\/test.kartonpack.hu\/wp-content\/uploads\/2026\/05\/ochir-erdene-oyunmedeg-nHVrk02meXs-unsplash-scaled.jpg","type":"image\/jpeg"}],"author":"Barna Gergely","twitter_card":"summary_large_image","twitter_misc":{"Szerz\u0151:":"Barna Gergely","Becs\u00fclt olvas\u00e1si id\u0151":"5 perc"},"schema":{"@context":"https:\/\/schema.org","@graph":[{"@type":"Article","@id":"https:\/\/test.kartonpack.hu\/?p=6547#article","isPartOf":{"@id":"https:\/\/test.kartonpack.hu\/?p=6547"},"author":{"name":"Barna Gergely","@id":"https:\/\/test.kartonpack.hu\/#\/schema\/person\/228a55ed9bb92c0bae2e7a97a835ffad"},"headline":"Fenntarthat\u00f3 csomagol\u00e1s? De mit jelent ez a gyakorlatban?","datePublished":"2026-05-28T11:44:13+00:00","dateModified":"2026-05-28T11:52:23+00:00","mainEntityOfPage":{"@id":"https:\/\/test.kartonpack.hu\/?p=6547"},"wordCount":1348,"publisher":{"@id":"https:\/\/test.kartonpack.hu\/#organization"},"image":{"@id":"https:\/\/test.kartonpack.hu\/?p=6547#primaryimage"},"thumbnailUrl":"https:\/\/test.kartonpack.hu\/wp-content\/uploads\/2026\/05\/ochir-erdene-oyunmedeg-nHVrk02meXs-unsplash-scaled.jpg","articleSection":["H\u00edr"],"inLanguage":"hu"},{"@type":"WebPage","@id":"https:\/\/test.kartonpack.hu\/?p=6547","url":"https:\/\/test.kartonpack.hu\/?p=6547","name":"Fenntarthat\u00f3 csomagol\u00e1s? De mit jelent ez a gyakorlatban? - Kartonpack","isPartOf":{"@id":"https:\/\/test.kartonpack.hu\/#website"},"primaryImageOfPage":{"@id":"https:\/\/test.kartonpack.hu\/?p=6547#primaryimage"},"image":{"@id":"https:\/\/test.kartonpack.hu\/?p=6547#primaryimage"},"thumbnailUrl":"https:\/\/test.kartonpack.hu\/wp-content\/uploads\/2026\/05\/ochir-erdene-oyunmedeg-nHVrk02meXs-unsplash-scaled.jpg","datePublished":"2026-05-28T11:44:13+00:00","dateModified":"2026-05-28T11:52:23+00:00","breadcrumb":{"@id":"https:\/\/test.kartonpack.hu\/?p=6547#breadcrumb"},"inLanguage":"hu","potentialAction":[{"@type":"ReadAction","target":["https:\/\/test.kartonpack.hu\/?p=6547"]}]},{"@type":"ImageObject","inLanguage":"hu","@id":"https:\/\/test.kartonpack.hu\/?p=6547#primaryimage","url":"https:\/\/test.kartonpack.hu\/wp-content\/uploads\/2026\/05\/ochir-erdene-oyunmedeg-nHVrk02meXs-unsplash-scaled.jpg","contentUrl":"https:\/\/test.kartonpack.hu\/wp-content\/uploads\/2026\/05\/ochir-erdene-oyunmedeg-nHVrk02meXs-unsplash-scaled.jpg","width":2560,"height":1707},{"@type":"BreadcrumbList","@id":"https:\/\/test.kartonpack.hu\/?p=6547#breadcrumb","itemListElement":[{"@type":"ListItem","position":1,"name":"Kezd\u0151lap","item":"https:\/\/test.kartonpack.hu\/"},{"@type":"ListItem","position":2,"name":"Fenntarthat\u00f3 csomagol\u00e1s? De mit jelent ez a gyakorlatban?"}]},{"@type":"WebSite","@id":"https:\/\/test.kartonpack.hu\/#website","url":"https:\/\/test.kartonpack.hu\/","name":"Color Pack","description":"Dobozipari Z\u00e1rtk\u00f6r\u0171en M\u0171k\u00f6d\u0151 R\u00e9szv\u00e9nyt\u00e1rsas\u00e1g","publisher":{"@id":"https:\/\/test.kartonpack.hu\/#organization"},"potentialAction":[{"@type":"SearchAction","target":{"@type":"EntryPoint","urlTemplate":"https:\/\/test.kartonpack.hu\/?s={search_term_string}"},"query-input":{"@type":"PropertyValueSpecification","valueRequired":true,"valueName":"search_term_string"}}],"inLanguage":"hu"},{"@type":"Organization","@id":"https:\/\/test.kartonpack.hu\/#organization","name":"Color Pack Nyomdaipari \u00e9s Csomagol\u00f3anyag Gy\u00e1rt\u00f3 Zrt.","url":"https:\/\/test.kartonpack.hu\/","logo":{"@type":"ImageObject","inLanguage":"hu","@id":"https:\/\/test.kartonpack.hu\/#\/schema\/logo\/image\/","url":"https:\/\/test.kartonpack.hu\/wp-content\/uploads\/2026\/08\/kartonpack_logo-yellow.svg","contentUrl":"https:\/\/test.kartonpack.hu\/wp-content\/uploads\/2026\/08\/kartonpack_logo-yellow.svg","width":418.80000000000001136868377216160297393798828125,"height":50.89999999999999857891452847979962825775146484375,"caption":"Color Pack Nyomdaipari \u00e9s Csomagol\u00f3anyag Gy\u00e1rt\u00f3 Zrt."},"image":{"@id":"https:\/\/test.kartonpack.hu\/#\/schema\/logo\/image\/"},"sameAs":["https:\/\/www.facebook.com\/profile.php?id=100063640926339","https:\/\/www.linkedin.com\/company\/color-pack-co-\/"],"description":"A Color Pack Zrt. vil\u00e1gsz\u00ednvonal\u00fa nyomdai \u00e9s csomagol\u00f3ipari tervez\u0151 \u00e9s kivitelez\u0151i sszolg\u00e1ltat\u00e1s\u00e1t a magasan k\u00e9pzett szakembereink \u00e9s korszer\u0171 m\u0171szaki h\u00e1tter\u00fcnk teszi lehet\u0151v\u00e9. Elk\u00f6telezettek vagyunk amellett, hogy folyamatosan l\u00e9p\u00e9st tartsunk a fejl\u0151d\u00e9ssel, meg\u00fajuljunk, \u00e9s \u00e9len j\u00e1rjunk az \u00faj technol\u00f3gi\u00e1k, term\u00e9kek \u00e9s szolg\u00e1ltat\u00e1sok bevezet\u00e9s\u00e9ben \u2013 mindig partnereink ig\u00e9nyeihez igazodva.","email":"info@test.kartonpack.hu","telephone":"+36 (42) 433-845","legalName":"Color Pack Zrt.","foundingDate":"1990-12-18","taxID":"10470222-2-15","numberOfEmployees":{"@type":"QuantitativeValue","minValue":"51","maxValue":"200"}},{"@type":"Person","@id":"https:\/\/test.kartonpack.hu\/#\/schema\/person\/228a55ed9bb92c0bae2e7a97a835ffad","name":"Barna Gergely","image":{"@type":"ImageObject","inLanguage":"hu","@id":"https:\/\/secure.gravatar.com\/avatar\/96e5d6f2c4b9b3646689c3adbbb2ebd98a2a9f181a2aa78230b269c350e79595?s=96&d=mm&r=g","url":"https:\/\/secure.gravatar.com\/avatar\/96e5d6f2c4b9b3646689c3adbbb2ebd98a2a9f181a2aa78230b269c350e79595?s=96&d=mm&r=g","contentUrl":"https:\/\/secure.gravatar.com\/avatar\/96e5d6f2c4b9b3646689c3adbbb2ebd98a2a9f181a2aa78230b269c350e79595?s=96&d=mm&r=g","caption":"Barna Gergely"}}]}},"views":54,"_links":{"self":[{"href":"https:\/\/test.kartonpack.hu\/index.php?rest_route=\/wp\/v2\/posts\/6547","targetHints":{"allow":["GET"]}}],"collection":[{"href":"https:\/\/test.kartonpack.hu\/index.php?rest_route=\/wp\/v2\/posts"}],"about":[{"href":"https:\/\/test.kartonpack.hu\/index.php?rest_route=\/wp\/v2\/types\/post"}],"author":[{"embeddable":true,"href":"https:\/\/test.kartonpack.hu\/index.php?rest_route=\/wp\/v2\/users\/2"}],"replies":[{"embeddable":true,"href":"https:\/\/test.kartonpack.hu\/index.php?rest_route=%2Fwp%2Fv2%2Fcomments&post=6547"}],"version-history":[{"count":8,"href":"https:\/\/test.kartonpack.hu\/index.php?rest_route=\/wp\/v2\/posts\/6547\/revisions"}],"predecessor-version":[{"id":6557,"href":"https:\/\/test.kartonpack.hu\/index.php?rest_route=\/wp\/v2\/posts\/6547\/revisions\/6557"}],"wp:featuredmedia":[{"embeddable":true,"href":"https:\/\/test.kartonpack.hu\/index.php?rest_route=\/wp\/v2\/media\/6548"}],"wp:attachment":[{"href":"https:\/\/test.kartonpack.hu\/index.php?rest_route=%2Fwp%2Fv2%2Fmedia&parent=6547"}],"wp:term":[{"taxonomy":"category","embeddable":true,"href":"https:\/\/test.kartonpack.hu\/index.php?rest_route=%2Fwp%2Fv2%2Fcategories&post=6547"},{"taxonomy":"post_tag","embeddable":true,"href":"https:\/\/test.kartonpack.hu\/index.php?rest_route=%2Fwp%2Fv2%2Ftags&post=6547"}],"curies":[{"name":"wp","href":"https:\/\/api.w.org\/{rel}","templated":true}]}}