{"id":6526,"date":"2026-05-01T00:00:29","date_gmt":"2026-05-01T00:00:29","guid":{"rendered":"https:\/\/test.kartonpack.hu\/?p=6526"},"modified":"2026-05-28T12:00:50","modified_gmt":"2026-05-28T12:00:50","slug":"5-hiba-csomagolas-tervezesnel-amit-a-legtobb-ceg-elkovet","status":"publish","type":"post","link":"https:\/\/test.kartonpack.hu\/?p=6526","title":{"rendered":"5 hiba csomagol\u00e1s tervez\u00e9sn\u00e9l, amit a legt\u00f6bb c\u00e9g elk\u00f6vet"},"content":{"rendered":"\t\t<div data-elementor-type=\"wp-post\" data-elementor-id=\"6526\" class=\"elementor elementor-6526\" data-elementor-post-type=\"post\">\n\t\t\t\t<div class=\"elementor-element elementor-element-c40e527 e-flex e-con-boxed e-con e-parent\" data-id=\"c40e527\" data-element_type=\"container\" data-e-type=\"container\" data-settings=\"{&quot;jet_parallax_layout_list&quot;:[]}\">\n\t\t\t\t\t<div class=\"e-con-inner\">\n\t\t<div class=\"elementor-element elementor-element-b245734 e-con-full e-flex e-con e-child\" data-id=\"b245734\" data-element_type=\"container\" data-e-type=\"container\" data-settings=\"{&quot;jet_parallax_layout_list&quot;:[]}\">\n\t\t<div class=\"elementor-element elementor-element-1c77d82 e-con-full e-flex e-con e-child\" data-id=\"1c77d82\" data-element_type=\"container\" data-e-type=\"container\" data-settings=\"{&quot;jet_parallax_layout_list&quot;:[]}\">\n\t\t\t\t<div class=\"elementor-element elementor-element-fef8736 elementor-widget elementor-widget-text-editor\" data-id=\"fef8736\" data-element_type=\"widget\" data-e-type=\"widget\" data-widget_type=\"text-editor.default\">\n\t\t\t\t<div class=\"elementor-widget-container\">\n\t\t\t\t\t\t\t\t\t<p><span style=\"font-weight: 400;\">A csomagol\u00e1s sok v\u00e1llalatn\u00e1l m\u00e9g mindig az utols\u00f3 l\u00e9p\u00e9s a term\u00e9kfejleszt\u00e9sben. Amikor minden k\u00e9sz, j\u00f6n a nagy k\u00e9rd\u00e9s, \u201emilyen dobozba ker\u00fclj\u00f6n?\u201d Ez a megk\u00f6zel\u00edt\u00e9s viszont gyakran k\u00f6lts\u00e9ges hib\u00e1khoz vezet. A csomagol\u00e1s nemcsak v\u00e9di a term\u00e9ket, hanem hat\u00e1ssal van az \u00e9rt\u00e9kes\u00edt\u00e9sre, a logisztik\u00e1ra \u00e9s a m\u00e1rka meg\u00edt\u00e9l\u00e9s\u00e9re is. \u00d6sszegy\u0171jt\u00f6tt\u00fck az 5 leggyakoribb hib\u00e1t, amit \u00e9rdemes elker\u00fclni.<\/span><\/p><h2><b>1. A csomagol\u00e1s t\u00fal k\u00e9s\u0151n ker\u00fcl k\u00e9pbe<\/b><\/h2><p><span style=\"font-weight: 400;\">Az egyik legtipikusabb hiba, hogy a csomagol\u00e1sr\u00f3l csak akkor kezd\u00fcnk gondolkodni, amikor a term\u00e9k m\u00e1r k\u00e9sz. Ilyenkor viszont sok lehet\u0151s\u00e9g m\u00e1r elveszik: a szerkezet, az anyaghaszn\u00e1lat vagy ak\u00e1r a gy\u00e1rt\u00e1si k\u00f6lts\u00e9gek optimaliz\u00e1l\u00e1sa sokkal nehezebb.<\/span><\/p><p><span style=\"font-weight: 400;\">A sikeres projektekben a csomagol\u00e1s m\u00e1r a term\u00e9kfejleszt\u00e9s korai szakasz\u00e1ban megjelenik. \u00cdgy nem egy sima kompromisszum lesz a folyamat v\u00e9ge, hanem tudatos d\u00f6nt\u00e9s \u00e9s optim\u00e1lis eredm\u00e9ny.<\/span><\/p><h2><b>2. A d\u00f6nt\u00e9s kiz\u00e1r\u00f3lag \u00e1r alapj\u00e1n t\u00f6rt\u00e9nik<\/b><\/h2><p><span style=\"font-weight: 400;\">A legalacsonyabb \u00e1r els\u0151re mindig vonz\u00f3. De a csomagol\u00e1sn\u00e1l ez gyakran vissza\u00fct. Gyeng\u00e9bb anyagmin\u0151s\u00e9g, pontatlan nyomtat\u00e1s, kev\u00e9sb\u00e9 tart\u00f3s kivitel, ezek mind hat\u00e1ssal vannak a v\u00e9gterm\u00e9kre \u00e9s a v\u00e1s\u00e1rl\u00f3i \u00e9lm\u00e9nyre.<\/span><\/p><p><span style=\"font-weight: 400;\">A csomagol\u00e1s nem egy k\u00f6telez\u0151 k\u00f6lts\u00e9g, hanem a term\u00e9k szerves r\u00e9sze. Ha ezen sp\u00f3rolsz, sokszor a m\u00e1rk\u00e1don sp\u00f3rolsz.<\/span><\/p><h2><b>3. A polcon val\u00f3 megjelen\u00e9s alul\u00e9rt\u00e9kel\u00e9se<\/b><\/h2><p><span style=\"font-weight: 400;\">A v\u00e1s\u00e1rl\u00f3k d\u00f6nt\u00e9seinek jelent\u0151s r\u00e9sze a polc el\u0151tt sz\u00fcletik. Ilyenkor a csomagol\u00e1s az, ami megsz\u00f3l\u00edtja a v\u00e1s\u00e1rl\u00f3t. S\u0151t, egy \u00e1tlagos szupermarket polc\u00e1n egy term\u00e9knek mind\u00f6ssze <\/span><b>2\u20133 m\u00e1sodperce van arra, hogy megragadja a v\u00e1s\u00e1rl\u00f3 figyelm\u00e9t<\/b><span style=\"font-weight: 400;\">. Ha ebben az id\u0151ben nem t\u00f6rt\u00e9nik meg a vizu\u00e1lis \u201ekapcsol\u00f3d\u00e1s\u201d, a v\u00e1s\u00e1rl\u00f3 egyszer\u0171en tov\u00e1bb l\u00e9p.<\/span><\/p><p><span style=\"font-weight: 400;\">Ha a design nem el\u00e9g er\u0151s, a fel\u00fcletnemes\u00edt\u00e9s hi\u00e1nyzik, vagy a doboz nem emelkedik ki a k\u00f6rnyezet\u00e9b\u0151l, a term\u00e9k k\u00f6nnyen \u201el\u00e1thatatlann\u00e1\u201d v\u00e1lik.<\/span><\/p><p><span style=\"font-weight: 400;\">Tipikus helyzet, amikor egy term\u00e9k kiv\u00e1l\u00f3 min\u0151s\u00e9g\u0171, de a csomagol\u00e1sa beleolvad a k\u00f6rnyezet\u00e9be. Ilyenkor nem a term\u00e9k vesz\u00edt \u2013 hanem az, hogy egy\u00e1ltal\u00e1n nem ker\u00fcl \u00e9szrev\u00e9telre.<\/span><\/p><p><span style=\"font-weight: 400;\">Ezzel szemben egy j\u00f3l megv\u00e1lasztott sz\u00edn, egy kontrasztos grafikai elem vagy ak\u00e1r egy finoman alkalmazott UV lakkoz\u00e1s m\u00e1r elegend\u0151 lehet ahhoz, hogy a term\u00e9k \u201ekil\u00e9pjen\u201d a polcb\u00f3l \u00e9s meg\u00e1ll\u00edtsa a tekintetet.<\/span><\/p><h2><b>4. A gy\u00e1rthat\u00f3s\u00e1g figyelmen k\u00edv\u00fcl hagy\u00e1sa<\/b><\/h2><p><span style=\"font-weight: 400;\">Sok design j\u00f3l n\u00e9z ki a k\u00e9perny\u0151n, de a gy\u00e1rt\u00e1s sor\u00e1n probl\u00e9m\u00e1s. T\u00fal bonyolult szerkezet, nem optim\u00e1lis anyagv\u00e1laszt\u00e1s vagy nehezen kivitelezhet\u0151 fel\u00fcletnemes\u00edt\u00e9s, ezek mind lass\u00edtj\u00e1k a gy\u00e1rt\u00e1st \u00e9s n\u00f6velik a k\u00f6lts\u00e9geket.\u00a0<\/span><\/p><p><span style=\"font-weight: 400;\">Gyakori eset, hogy egy doboz t\u00f6bb k\u00fcl\u00f6nleges kiv\u00e1g\u00e1st, ragaszt\u00e1si pontot vagy egyedi z\u00e1r\u00f3d\u00e1si megold\u00e1st tartalmaz. Ez l\u00e1tv\u00e1nyos, viszont a gy\u00e1rt\u00e1s sor\u00e1n jelent\u0151sen cs\u00f6kkenti a sebess\u00e9get. M\u00edg egy egyszer\u0171bb szerkezet percenk\u00e9nt t\u00f6bb ezer darabos temp\u00f3ban k\u00e9sz\u00fclhet, egy bonyolult kialak\u00edt\u00e1s ezt ak\u00e1r t\u00f6red\u00e9k\u00e9re is visszafoghatja.<\/span><\/p><p><span style=\"font-weight: 400;\">Egy m\u00e1sik tipikus probl\u00e9ma a fel\u00fcletnemes\u00edt\u00e9sn\u00e9l jelenik meg. P\u00e9ld\u00e1ul amikor t\u00fal sok technol\u00f3gi\u00e1t kombin\u00e1lnak egy csomagol\u00e1son \u2013 UV lakkoz\u00e1s, pr\u00e9gel\u00e9s, lamin\u00e1l\u00e1s egyszerre. Ez nemcsak dr\u00e1g\u00e1bb, hanem t\u00f6bb gy\u00e1rt\u00e1si l\u00e9p\u00e9st \u00e9s hosszabb \u00e1tfut\u00e1si id\u0151t is jelent.<\/span><\/p><p><span style=\"font-weight: 400;\">Anyagv\u00e1laszt\u00e1sn\u00e1l is gyakori a hiba, hogy egy t\u00fal v\u00e9kony karton deform\u00e1l\u00f3dhat, egy t\u00fal vastag pedig nehezebben stancolhat\u00f3 \u00e9s ragaszthat\u00f3. Mindkett\u0151 selejtet \u00e9s t\u00f6bbletk\u00f6lts\u00e9get eredm\u00e9nyezhet.<\/span><\/p><p><span style=\"font-weight: 400;\">A j\u00f3 csomagol\u00e1s nemcsak sz\u00e9p, hanem hat\u00e9konyan \u00e9s stabilan gy\u00e1rthat\u00f3 is.<\/span><\/p><h2><b>5. A logisztika kimarad a tervez\u00e9sb\u0151l<\/b><\/h2><p><span style=\"font-weight: 400;\">A csomagol\u00e1s nem \u00e9r v\u00e9get a gy\u00e1rt\u00e1ssal. T\u00e1rolni, sz\u00e1ll\u00edtani \u00e9s kezelni is kell.<\/span><\/p><p><span style=\"font-weight: 400;\">Ha ezek a szempontok nincsenek figyelembe v\u00e9ve, k\u00f6nnyen t\u00fal nagy helyet foglal, s\u00e9r\u00fcl\u00e9keny lesz, vagy neh\u00e9zkes a kezel\u00e9se. Egy j\u00f3l megtervezett csomagol\u00e1s a teljes ell\u00e1t\u00e1si l\u00e1ncban m\u0171k\u00f6dik \u2013 nem csak a gy\u00e1rt\u00f3soron.<\/span><\/p><p><span style=\"font-weight: 400;\">A csomagol\u00e1s tervez\u00e9se sokkal t\u00f6bb, mint design k\u00e9rd\u00e9s. Egy j\u00f3l \u00e1tgondolt megold\u00e1s egyszerre t\u00e1mogatja az \u00e9rt\u00e9kes\u00edt\u00e9st, a gy\u00e1rt\u00e1st \u00e9s a logisztik\u00e1t. A k\u00fcl\u00f6nbs\u00e9g gyakran nem a l\u00e1tv\u00e1nyos megold\u00e1sokban rejlik, hanem abban, hogy mennyire van \u00f6sszhangban a teljes folyamat.<\/span><\/p><p><span style=\"font-weight: 400;\">Ha csomagol\u00e1s fejleszt\u00e9s el\u0151tt \u00e1llsz, \u00e9rdemes m\u00e1r az elej\u00e9n szak\u00e9rt\u0151 bevon\u00e1s\u00e1val \u00e1tgondolni a lehet\u0151s\u00e9geket.<\/span><\/p><p><span style=\"font-weight: 400;\">Vedd fel a kapcsolatot a <\/span><a href=\"https:\/\/test.kartonpack.hu\/\"><b>Color Pack csapat\u00e1val<\/b><\/a><span style=\"font-weight: 400;\">, \u00e9s seg\u00edt\u00fcnk olyan csomagol\u00e1si megold\u00e1st kialak\u00edtani, ami nemcsak j\u00f3l n\u00e9z ki, hanem \u00fczletileg is m\u0171k\u00f6dik.<\/span><\/p>\t\t\t\t\t\t\t\t<\/div>\n\t\t\t\t<\/div>\n\t\t\t\t<\/div>\n\t\t\t\t<\/div>\n\t\t\t\t\t<\/div>\n\t\t\t\t<\/div>\n\t\t\t\t<\/div>\n\t\t","protected":false},"excerpt":{"rendered":"<p>A csomagol\u00e1s sok v\u00e1llalatn\u00e1l m\u00e9g mindig az utols\u00f3 l\u00e9p\u00e9s a term\u00e9kfejleszt\u00e9sben. Amikor minden k\u00e9sz, j\u00f6n a nagy k\u00e9rd\u00e9s, \u201emilyen dobozba ker\u00fclj\u00f6n?\u201d Ez a megk\u00f6zel\u00edt\u00e9s viszont gyakran k\u00f6lts\u00e9ges hib\u00e1khoz vezet. A csomagol\u00e1s nemcsak v\u00e9di a term\u00e9ket, hanem hat\u00e1ssal van az \u00e9rt\u00e9kes\u00edt\u00e9sre, a logisztik\u00e1ra \u00e9s a m\u00e1rka meg\u00edt\u00e9l\u00e9s\u00e9re is. \u00d6sszegy\u0171jt\u00f6tt\u00fck az 5 leggyakoribb hib\u00e1t, amit \u00e9rdemes elker\u00fclni.<\/p>\n","protected":false},"author":2,"featured_media":6517,"comment_status":"closed","ping_status":"closed","sticky":false,"template":"","format":"standard","meta":{"footnotes":""},"categories":[35],"tags":[],"class_list":["post-6526","post","type-post","status-publish","format-standard","has-post-thumbnail","hentry","category-hireink"],"yoast_head":"<!-- This site is optimized with the Yoast SEO Premium plugin v28.3 (Yoast SEO v28.3) - https:\/\/yoast.com\/product\/yoast-seo-premium-wordpress\/ -->\n<title>5 hiba csomagol\u00e1s tervez\u00e9sn\u00e9l, amit a legt\u00f6bb c\u00e9g elk\u00f6vet - Kartonpack<\/title>\n<meta name=\"robots\" content=\"index, follow, max-snippet:-1, max-image-preview:large, max-video-preview:-1\" \/>\n<link rel=\"canonical\" href=\"https:\/\/test.kartonpack.hu\/?p=6526\" \/>\n<meta property=\"og:locale\" content=\"hu_HU\" \/>\n<meta property=\"og:type\" content=\"article\" \/>\n<meta property=\"og:title\" content=\"5 hiba csomagol\u00e1s tervez\u00e9sn\u00e9l, amit a legt\u00f6bb c\u00e9g elk\u00f6vet\" \/>\n<meta property=\"og:description\" content=\"A csomagol\u00e1s sok v\u00e1llalatn\u00e1l m\u00e9g mindig az utols\u00f3 l\u00e9p\u00e9s a term\u00e9kfejleszt\u00e9sben. Amikor minden k\u00e9sz, j\u00f6n a nagy k\u00e9rd\u00e9s, \u201emilyen dobozba ker\u00fclj\u00f6n?\u201d Ez a megk\u00f6zel\u00edt\u00e9s viszont gyakran k\u00f6lts\u00e9ges hib\u00e1khoz vezet. A csomagol\u00e1s nemcsak v\u00e9di a term\u00e9ket, hanem hat\u00e1ssal van az \u00e9rt\u00e9kes\u00edt\u00e9sre, a logisztik\u00e1ra \u00e9s a m\u00e1rka meg\u00edt\u00e9l\u00e9s\u00e9re is. \u00d6sszegy\u0171jt\u00f6tt\u00fck az 5 leggyakoribb hib\u00e1t, amit \u00e9rdemes elker\u00fclni.\" \/>\n<meta property=\"og:url\" content=\"https:\/\/test.kartonpack.hu\/?p=6526\" \/>\n<meta property=\"og:site_name\" content=\"Kartonpack\" \/>\n<meta property=\"article:publisher\" content=\"https:\/\/www.facebook.com\/profile.php?id=100063640926339\" \/>\n<meta property=\"article:published_time\" content=\"2026-05-01T00:00:29+00:00\" \/>\n<meta property=\"article:modified_time\" content=\"2026-05-28T12:00:50+00:00\" \/>\n<meta property=\"og:image\" content=\"https:\/\/test.kartonpack.hu\/wp-content\/uploads\/2026\/04\/2026_majus_blog-1.png\" \/>\n\t<meta property=\"og:image:width\" content=\"1440\" \/>\n\t<meta property=\"og:image:height\" content=\"900\" \/>\n\t<meta property=\"og:image:type\" content=\"image\/png\" \/>\n<meta name=\"author\" content=\"Barna Gergely\" \/>\n<meta name=\"twitter:card\" content=\"summary_large_image\" \/>\n<meta name=\"twitter:label1\" content=\"Szerz\u0151:\" \/>\n\t<meta name=\"twitter:data1\" content=\"Barna Gergely\" \/>\n\t<meta name=\"twitter:label2\" content=\"Becs\u00fclt olvas\u00e1si id\u0151\" \/>\n\t<meta name=\"twitter:data2\" content=\"4 perc\" \/>\n<script type=\"application\/ld+json\" class=\"yoast-schema-graph\">{\"@context\":\"https:\\\/\\\/schema.org\",\"@graph\":[{\"@type\":\"Article\",\"@id\":\"https:\\\/\\\/test.kartonpack.hu\\\/?p=6526#article\",\"isPartOf\":{\"@id\":\"https:\\\/\\\/test.kartonpack.hu\\\/?p=6526\"},\"author\":{\"name\":\"Barna Gergely\",\"@id\":\"https:\\\/\\\/test.kartonpack.hu\\\/#\\\/schema\\\/person\\\/228a55ed9bb92c0bae2e7a97a835ffad\"},\"headline\":\"5 hiba csomagol\u00e1s tervez\u00e9sn\u00e9l, amit a legt\u00f6bb c\u00e9g elk\u00f6vet\",\"datePublished\":\"2026-05-01T00:00:29+00:00\",\"dateModified\":\"2026-05-28T12:00:50+00:00\",\"mainEntityOfPage\":{\"@id\":\"https:\\\/\\\/test.kartonpack.hu\\\/?p=6526\"},\"wordCount\":939,\"publisher\":{\"@id\":\"https:\\\/\\\/test.kartonpack.hu\\\/#organization\"},\"image\":{\"@id\":\"https:\\\/\\\/test.kartonpack.hu\\\/?p=6526#primaryimage\"},\"thumbnailUrl\":\"https:\\\/\\\/test.kartonpack.hu\\\/wp-content\\\/uploads\\\/2026\\\/04\\\/2026_majus_blog-1.png\",\"articleSection\":[\"H\u00edr\"],\"inLanguage\":\"hu\"},{\"@type\":\"WebPage\",\"@id\":\"https:\\\/\\\/test.kartonpack.hu\\\/?p=6526\",\"url\":\"https:\\\/\\\/test.kartonpack.hu\\\/?p=6526\",\"name\":\"5 hiba csomagol\u00e1s tervez\u00e9sn\u00e9l, amit a legt\u00f6bb c\u00e9g elk\u00f6vet - Kartonpack\",\"isPartOf\":{\"@id\":\"https:\\\/\\\/test.kartonpack.hu\\\/#website\"},\"primaryImageOfPage\":{\"@id\":\"https:\\\/\\\/test.kartonpack.hu\\\/?p=6526#primaryimage\"},\"image\":{\"@id\":\"https:\\\/\\\/test.kartonpack.hu\\\/?p=6526#primaryimage\"},\"thumbnailUrl\":\"https:\\\/\\\/test.kartonpack.hu\\\/wp-content\\\/uploads\\\/2026\\\/04\\\/2026_majus_blog-1.png\",\"datePublished\":\"2026-05-01T00:00:29+00:00\",\"dateModified\":\"2026-05-28T12:00:50+00:00\",\"breadcrumb\":{\"@id\":\"https:\\\/\\\/test.kartonpack.hu\\\/?p=6526#breadcrumb\"},\"inLanguage\":\"hu\",\"potentialAction\":[{\"@type\":\"ReadAction\",\"target\":[\"https:\\\/\\\/test.kartonpack.hu\\\/?p=6526\"]}]},{\"@type\":\"ImageObject\",\"inLanguage\":\"hu\",\"@id\":\"https:\\\/\\\/test.kartonpack.hu\\\/?p=6526#primaryimage\",\"url\":\"https:\\\/\\\/test.kartonpack.hu\\\/wp-content\\\/uploads\\\/2026\\\/04\\\/2026_majus_blog-1.png\",\"contentUrl\":\"https:\\\/\\\/test.kartonpack.hu\\\/wp-content\\\/uploads\\\/2026\\\/04\\\/2026_majus_blog-1.png\",\"width\":1440,\"height\":900},{\"@type\":\"BreadcrumbList\",\"@id\":\"https:\\\/\\\/test.kartonpack.hu\\\/?p=6526#breadcrumb\",\"itemListElement\":[{\"@type\":\"ListItem\",\"position\":1,\"name\":\"Kezd\u0151lap\",\"item\":\"https:\\\/\\\/test.kartonpack.hu\\\/\"},{\"@type\":\"ListItem\",\"position\":2,\"name\":\"5 hiba csomagol\u00e1s tervez\u00e9sn\u00e9l, amit a legt\u00f6bb c\u00e9g elk\u00f6vet\"}]},{\"@type\":\"WebSite\",\"@id\":\"https:\\\/\\\/test.kartonpack.hu\\\/#website\",\"url\":\"https:\\\/\\\/test.kartonpack.hu\\\/\",\"name\":\"Color Pack\",\"description\":\"Dobozipari Z\u00e1rtk\u00f6r\u0171en M\u0171k\u00f6d\u0151 R\u00e9szv\u00e9nyt\u00e1rsas\u00e1g\",\"publisher\":{\"@id\":\"https:\\\/\\\/test.kartonpack.hu\\\/#organization\"},\"potentialAction\":[{\"@type\":\"SearchAction\",\"target\":{\"@type\":\"EntryPoint\",\"urlTemplate\":\"https:\\\/\\\/test.kartonpack.hu\\\/?s={search_term_string}\"},\"query-input\":{\"@type\":\"PropertyValueSpecification\",\"valueRequired\":true,\"valueName\":\"search_term_string\"}}],\"inLanguage\":\"hu\"},{\"@type\":\"Organization\",\"@id\":\"https:\\\/\\\/test.kartonpack.hu\\\/#organization\",\"name\":\"Color Pack Nyomdaipari \u00e9s Csomagol\u00f3anyag Gy\u00e1rt\u00f3 Zrt.\",\"url\":\"https:\\\/\\\/test.kartonpack.hu\\\/\",\"logo\":{\"@type\":\"ImageObject\",\"inLanguage\":\"hu\",\"@id\":\"https:\\\/\\\/test.kartonpack.hu\\\/#\\\/schema\\\/logo\\\/image\\\/\",\"url\":\"https:\\\/\\\/test.kartonpack.hu\\\/wp-content\\\/uploads\\\/2026\\\/08\\\/kartonpack_logo-yellow.svg\",\"contentUrl\":\"https:\\\/\\\/test.kartonpack.hu\\\/wp-content\\\/uploads\\\/2026\\\/08\\\/kartonpack_logo-yellow.svg\",\"width\":418.80000000000001136868377216160297393798828125,\"height\":50.89999999999999857891452847979962825775146484375,\"caption\":\"Color Pack Nyomdaipari \u00e9s Csomagol\u00f3anyag Gy\u00e1rt\u00f3 Zrt.\"},\"image\":{\"@id\":\"https:\\\/\\\/test.kartonpack.hu\\\/#\\\/schema\\\/logo\\\/image\\\/\"},\"sameAs\":[\"https:\\\/\\\/www.facebook.com\\\/profile.php?id=100063640926339\",\"https:\\\/\\\/www.linkedin.com\\\/company\\\/color-pack-co-\\\/\"],\"description\":\"A Color Pack Zrt. vil\u00e1gsz\u00ednvonal\u00fa nyomdai \u00e9s csomagol\u00f3ipari tervez\u0151 \u00e9s kivitelez\u0151i sszolg\u00e1ltat\u00e1s\u00e1t a magasan k\u00e9pzett szakembereink \u00e9s korszer\u0171 m\u0171szaki h\u00e1tter\u00fcnk teszi lehet\u0151v\u00e9. Elk\u00f6telezettek vagyunk amellett, hogy folyamatosan l\u00e9p\u00e9st tartsunk a fejl\u0151d\u00e9ssel, meg\u00fajuljunk, \u00e9s \u00e9len j\u00e1rjunk az \u00faj technol\u00f3gi\u00e1k, term\u00e9kek \u00e9s szolg\u00e1ltat\u00e1sok bevezet\u00e9s\u00e9ben \u2013 mindig partnereink ig\u00e9nyeihez igazodva.\",\"email\":\"info@test.kartonpack.hu\",\"telephone\":\"+36 (42) 433-845\",\"legalName\":\"Color Pack Zrt.\",\"foundingDate\":\"1990-12-18\",\"taxID\":\"10470222-2-15\",\"numberOfEmployees\":{\"@type\":\"QuantitativeValue\",\"minValue\":\"51\",\"maxValue\":\"200\"}},{\"@type\":\"Person\",\"@id\":\"https:\\\/\\\/test.kartonpack.hu\\\/#\\\/schema\\\/person\\\/228a55ed9bb92c0bae2e7a97a835ffad\",\"name\":\"Barna Gergely\",\"image\":{\"@type\":\"ImageObject\",\"inLanguage\":\"hu\",\"@id\":\"https:\\\/\\\/secure.gravatar.com\\\/avatar\\\/96e5d6f2c4b9b3646689c3adbbb2ebd98a2a9f181a2aa78230b269c350e79595?s=96&d=mm&r=g\",\"url\":\"https:\\\/\\\/secure.gravatar.com\\\/avatar\\\/96e5d6f2c4b9b3646689c3adbbb2ebd98a2a9f181a2aa78230b269c350e79595?s=96&d=mm&r=g\",\"contentUrl\":\"https:\\\/\\\/secure.gravatar.com\\\/avatar\\\/96e5d6f2c4b9b3646689c3adbbb2ebd98a2a9f181a2aa78230b269c350e79595?s=96&d=mm&r=g\",\"caption\":\"Barna Gergely\"}}]}<\/script>\n<!-- \/ Yoast SEO Premium plugin. -->","yoast_head_json":{"title":"5 hiba csomagol\u00e1s tervez\u00e9sn\u00e9l, amit a legt\u00f6bb c\u00e9g elk\u00f6vet - Kartonpack","robots":{"index":"index","follow":"follow","max-snippet":"max-snippet:-1","max-image-preview":"max-image-preview:large","max-video-preview":"max-video-preview:-1"},"canonical":"https:\/\/test.kartonpack.hu\/?p=6526","og_locale":"hu_HU","og_type":"article","og_title":"5 hiba csomagol\u00e1s tervez\u00e9sn\u00e9l, amit a legt\u00f6bb c\u00e9g elk\u00f6vet","og_description":"A csomagol\u00e1s sok v\u00e1llalatn\u00e1l m\u00e9g mindig az utols\u00f3 l\u00e9p\u00e9s a term\u00e9kfejleszt\u00e9sben. Amikor minden k\u00e9sz, j\u00f6n a nagy k\u00e9rd\u00e9s, \u201emilyen dobozba ker\u00fclj\u00f6n?\u201d Ez a megk\u00f6zel\u00edt\u00e9s viszont gyakran k\u00f6lts\u00e9ges hib\u00e1khoz vezet. A csomagol\u00e1s nemcsak v\u00e9di a term\u00e9ket, hanem hat\u00e1ssal van az \u00e9rt\u00e9kes\u00edt\u00e9sre, a logisztik\u00e1ra \u00e9s a m\u00e1rka meg\u00edt\u00e9l\u00e9s\u00e9re is. \u00d6sszegy\u0171jt\u00f6tt\u00fck az 5 leggyakoribb hib\u00e1t, amit \u00e9rdemes elker\u00fclni.","og_url":"https:\/\/test.kartonpack.hu\/?p=6526","og_site_name":"Kartonpack","article_publisher":"https:\/\/www.facebook.com\/profile.php?id=100063640926339","article_published_time":"2026-05-01T00:00:29+00:00","article_modified_time":"2026-05-28T12:00:50+00:00","og_image":[{"width":1440,"height":900,"url":"https:\/\/test.kartonpack.hu\/wp-content\/uploads\/2026\/04\/2026_majus_blog-1.png","type":"image\/png"}],"author":"Barna Gergely","twitter_card":"summary_large_image","twitter_misc":{"Szerz\u0151:":"Barna Gergely","Becs\u00fclt olvas\u00e1si id\u0151":"4 perc"},"schema":{"@context":"https:\/\/schema.org","@graph":[{"@type":"Article","@id":"https:\/\/test.kartonpack.hu\/?p=6526#article","isPartOf":{"@id":"https:\/\/test.kartonpack.hu\/?p=6526"},"author":{"name":"Barna Gergely","@id":"https:\/\/test.kartonpack.hu\/#\/schema\/person\/228a55ed9bb92c0bae2e7a97a835ffad"},"headline":"5 hiba csomagol\u00e1s tervez\u00e9sn\u00e9l, amit a legt\u00f6bb c\u00e9g elk\u00f6vet","datePublished":"2026-05-01T00:00:29+00:00","dateModified":"2026-05-28T12:00:50+00:00","mainEntityOfPage":{"@id":"https:\/\/test.kartonpack.hu\/?p=6526"},"wordCount":939,"publisher":{"@id":"https:\/\/test.kartonpack.hu\/#organization"},"image":{"@id":"https:\/\/test.kartonpack.hu\/?p=6526#primaryimage"},"thumbnailUrl":"https:\/\/test.kartonpack.hu\/wp-content\/uploads\/2026\/04\/2026_majus_blog-1.png","articleSection":["H\u00edr"],"inLanguage":"hu"},{"@type":"WebPage","@id":"https:\/\/test.kartonpack.hu\/?p=6526","url":"https:\/\/test.kartonpack.hu\/?p=6526","name":"5 hiba csomagol\u00e1s tervez\u00e9sn\u00e9l, amit a legt\u00f6bb c\u00e9g elk\u00f6vet - Kartonpack","isPartOf":{"@id":"https:\/\/test.kartonpack.hu\/#website"},"primaryImageOfPage":{"@id":"https:\/\/test.kartonpack.hu\/?p=6526#primaryimage"},"image":{"@id":"https:\/\/test.kartonpack.hu\/?p=6526#primaryimage"},"thumbnailUrl":"https:\/\/test.kartonpack.hu\/wp-content\/uploads\/2026\/04\/2026_majus_blog-1.png","datePublished":"2026-05-01T00:00:29+00:00","dateModified":"2026-05-28T12:00:50+00:00","breadcrumb":{"@id":"https:\/\/test.kartonpack.hu\/?p=6526#breadcrumb"},"inLanguage":"hu","potentialAction":[{"@type":"ReadAction","target":["https:\/\/test.kartonpack.hu\/?p=6526"]}]},{"@type":"ImageObject","inLanguage":"hu","@id":"https:\/\/test.kartonpack.hu\/?p=6526#primaryimage","url":"https:\/\/test.kartonpack.hu\/wp-content\/uploads\/2026\/04\/2026_majus_blog-1.png","contentUrl":"https:\/\/test.kartonpack.hu\/wp-content\/uploads\/2026\/04\/2026_majus_blog-1.png","width":1440,"height":900},{"@type":"BreadcrumbList","@id":"https:\/\/test.kartonpack.hu\/?p=6526#breadcrumb","itemListElement":[{"@type":"ListItem","position":1,"name":"Kezd\u0151lap","item":"https:\/\/test.kartonpack.hu\/"},{"@type":"ListItem","position":2,"name":"5 hiba csomagol\u00e1s tervez\u00e9sn\u00e9l, amit a legt\u00f6bb c\u00e9g elk\u00f6vet"}]},{"@type":"WebSite","@id":"https:\/\/test.kartonpack.hu\/#website","url":"https:\/\/test.kartonpack.hu\/","name":"Color Pack","description":"Dobozipari Z\u00e1rtk\u00f6r\u0171en M\u0171k\u00f6d\u0151 R\u00e9szv\u00e9nyt\u00e1rsas\u00e1g","publisher":{"@id":"https:\/\/test.kartonpack.hu\/#organization"},"potentialAction":[{"@type":"SearchAction","target":{"@type":"EntryPoint","urlTemplate":"https:\/\/test.kartonpack.hu\/?s={search_term_string}"},"query-input":{"@type":"PropertyValueSpecification","valueRequired":true,"valueName":"search_term_string"}}],"inLanguage":"hu"},{"@type":"Organization","@id":"https:\/\/test.kartonpack.hu\/#organization","name":"Color Pack Nyomdaipari \u00e9s Csomagol\u00f3anyag Gy\u00e1rt\u00f3 Zrt.","url":"https:\/\/test.kartonpack.hu\/","logo":{"@type":"ImageObject","inLanguage":"hu","@id":"https:\/\/test.kartonpack.hu\/#\/schema\/logo\/image\/","url":"https:\/\/test.kartonpack.hu\/wp-content\/uploads\/2026\/08\/kartonpack_logo-yellow.svg","contentUrl":"https:\/\/test.kartonpack.hu\/wp-content\/uploads\/2026\/08\/kartonpack_logo-yellow.svg","width":418.80000000000001136868377216160297393798828125,"height":50.89999999999999857891452847979962825775146484375,"caption":"Color Pack Nyomdaipari \u00e9s Csomagol\u00f3anyag Gy\u00e1rt\u00f3 Zrt."},"image":{"@id":"https:\/\/test.kartonpack.hu\/#\/schema\/logo\/image\/"},"sameAs":["https:\/\/www.facebook.com\/profile.php?id=100063640926339","https:\/\/www.linkedin.com\/company\/color-pack-co-\/"],"description":"A Color Pack Zrt. vil\u00e1gsz\u00ednvonal\u00fa nyomdai \u00e9s csomagol\u00f3ipari tervez\u0151 \u00e9s kivitelez\u0151i sszolg\u00e1ltat\u00e1s\u00e1t a magasan k\u00e9pzett szakembereink \u00e9s korszer\u0171 m\u0171szaki h\u00e1tter\u00fcnk teszi lehet\u0151v\u00e9. Elk\u00f6telezettek vagyunk amellett, hogy folyamatosan l\u00e9p\u00e9st tartsunk a fejl\u0151d\u00e9ssel, meg\u00fajuljunk, \u00e9s \u00e9len j\u00e1rjunk az \u00faj technol\u00f3gi\u00e1k, term\u00e9kek \u00e9s szolg\u00e1ltat\u00e1sok bevezet\u00e9s\u00e9ben \u2013 mindig partnereink ig\u00e9nyeihez igazodva.","email":"info@test.kartonpack.hu","telephone":"+36 (42) 433-845","legalName":"Color Pack Zrt.","foundingDate":"1990-12-18","taxID":"10470222-2-15","numberOfEmployees":{"@type":"QuantitativeValue","minValue":"51","maxValue":"200"}},{"@type":"Person","@id":"https:\/\/test.kartonpack.hu\/#\/schema\/person\/228a55ed9bb92c0bae2e7a97a835ffad","name":"Barna Gergely","image":{"@type":"ImageObject","inLanguage":"hu","@id":"https:\/\/secure.gravatar.com\/avatar\/96e5d6f2c4b9b3646689c3adbbb2ebd98a2a9f181a2aa78230b269c350e79595?s=96&d=mm&r=g","url":"https:\/\/secure.gravatar.com\/avatar\/96e5d6f2c4b9b3646689c3adbbb2ebd98a2a9f181a2aa78230b269c350e79595?s=96&d=mm&r=g","contentUrl":"https:\/\/secure.gravatar.com\/avatar\/96e5d6f2c4b9b3646689c3adbbb2ebd98a2a9f181a2aa78230b269c350e79595?s=96&d=mm&r=g","caption":"Barna Gergely"}}]}},"views":91,"_links":{"self":[{"href":"https:\/\/test.kartonpack.hu\/index.php?rest_route=\/wp\/v2\/posts\/6526","targetHints":{"allow":["GET"]}}],"collection":[{"href":"https:\/\/test.kartonpack.hu\/index.php?rest_route=\/wp\/v2\/posts"}],"about":[{"href":"https:\/\/test.kartonpack.hu\/index.php?rest_route=\/wp\/v2\/types\/post"}],"author":[{"embeddable":true,"href":"https:\/\/test.kartonpack.hu\/index.php?rest_route=\/wp\/v2\/users\/2"}],"replies":[{"embeddable":true,"href":"https:\/\/test.kartonpack.hu\/index.php?rest_route=%2Fwp%2Fv2%2Fcomments&post=6526"}],"version-history":[{"count":11,"href":"https:\/\/test.kartonpack.hu\/index.php?rest_route=\/wp\/v2\/posts\/6526\/revisions"}],"predecessor-version":[{"id":6549,"href":"https:\/\/test.kartonpack.hu\/index.php?rest_route=\/wp\/v2\/posts\/6526\/revisions\/6549"}],"wp:featuredmedia":[{"embeddable":true,"href":"https:\/\/test.kartonpack.hu\/index.php?rest_route=\/wp\/v2\/media\/6517"}],"wp:attachment":[{"href":"https:\/\/test.kartonpack.hu\/index.php?rest_route=%2Fwp%2Fv2%2Fmedia&parent=6526"}],"wp:term":[{"taxonomy":"category","embeddable":true,"href":"https:\/\/test.kartonpack.hu\/index.php?rest_route=%2Fwp%2Fv2%2Fcategories&post=6526"},{"taxonomy":"post_tag","embeddable":true,"href":"https:\/\/test.kartonpack.hu\/index.php?rest_route=%2Fwp%2Fv2%2Ftags&post=6526"}],"curies":[{"name":"wp","href":"https:\/\/api.w.org\/{rel}","templated":true}]}}