{"id":6516,"date":"2026-04-10T12:16:10","date_gmt":"2026-04-10T12:16:10","guid":{"rendered":"https:\/\/test.kartonpack.hu\/?p=6516"},"modified":"2026-04-10T12:29:27","modified_gmt":"2026-04-10T12:29:27","slug":"ofszet-vs-digitalis-nyomtatas","status":"publish","type":"post","link":"https:\/\/test.kartonpack.hu\/?p=6516","title":{"rendered":"Ofszet vs digit\u00e1lis nyomtat\u00e1s csomagol\u00e1sn\u00e1l (mikor melyiket v\u00e1laszd?)"},"content":{"rendered":"\t\t<div data-elementor-type=\"wp-post\" data-elementor-id=\"6516\" class=\"elementor elementor-6516\" data-elementor-post-type=\"post\">\n\t\t\t\t<div class=\"elementor-element elementor-element-8af1b48 e-flex e-con-boxed e-con e-parent\" data-id=\"8af1b48\" data-element_type=\"container\" data-e-type=\"container\" data-settings=\"{&quot;jet_parallax_layout_list&quot;:[]}\">\n\t\t\t\t\t<div class=\"e-con-inner\">\n\t\t<div class=\"elementor-element elementor-element-81ff2a4 e-con-full e-flex e-con e-child\" data-id=\"81ff2a4\" data-element_type=\"container\" data-e-type=\"container\" data-settings=\"{&quot;jet_parallax_layout_list&quot;:[]}\">\n\t\t<div class=\"elementor-element elementor-element-ba8b573 e-con-full e-flex e-con e-child\" data-id=\"ba8b573\" data-element_type=\"container\" data-e-type=\"container\" data-settings=\"{&quot;jet_parallax_layout_list&quot;:[]}\">\n\t\t\t\t<div class=\"elementor-element elementor-element-a451414 elementor-widget elementor-widget-text-editor\" data-id=\"a451414\" data-element_type=\"widget\" data-e-type=\"widget\" data-widget_type=\"text-editor.default\">\n\t\t\t\t<div class=\"elementor-widget-container\">\n\t\t\t\t\t\t\t\t\t<p><span style=\"font-weight: 400;\">A csomagol\u00e1s gy\u00e1rt\u00e1sa el\u0151tt az egyik legfontosabb d\u00f6nt\u00e9s a nyomtat\u00e1si technol\u00f3gia. Az, hogy ofszet vagy digit\u00e1lis elj\u00e1r\u00e1st v\u00e1lasztasz, k\u00f6zvetlen hat\u00e1ssal van a k\u00f6lts\u00e9gekre, a min\u0151s\u00e9gre \u00e9s a gy\u00e1rt\u00e1s hat\u00e9konys\u00e1g\u00e1ra is. Sok v\u00e1llalat ott k\u00f6veti el az els\u0151 hib\u00e1t,hogy a d\u00f6nt\u00e9st kiz\u00e1r\u00f3lag darab\u00e1r vagy gyorsas\u00e1g alapj\u00e1n hozza meg. Pedig a val\u00f3s\u00e1g enn\u00e9l j\u00f3val \u00f6sszetettebb. Ebben a cikkben megmutatjuk, mikor melyik technol\u00f3gia a jobb v\u00e1laszt\u00e1s csomagol\u00e1s eset\u00e9n.<\/span><\/p><h2><b>Mit jelent az ofszet nyomtat\u00e1s a gyakorlatban?<\/b><\/h2><p><span style=\"font-weight: 400;\">Az ofszet nyomtat\u00e1s a csomagol\u00f3ipar egyik legelterjedtebb technol\u00f3gi\u00e1ja, k\u00fcl\u00f6n\u00f6sen nagyobb p\u00e9ld\u00e1nysz\u00e1mok eset\u00e9n. A m\u0171k\u00f6d\u00e9se sor\u00e1n a fest\u00e9k egy nyom\u00f3lemezr\u0151l ker\u00fcl \u00e1t egy gumihengerre, majd onnan a pap\u00edrra vagy kartonra.<\/span><\/p><p><span style=\"font-weight: 400;\">Ez a t\u00f6bb l\u00e9pcs\u0151s folyamat rendk\u00edv\u00fcl pontos \u00e9s stabil eredm\u00e9nyt ad. Az ofszet egyik legnagyobb el\u0151nye, hogy k\u00e9pes <\/span><b>kiv\u00e1l\u00f3 sz\u00ednpontoss\u00e1got \u00e9s egys\u00e9ges min\u0151s\u00e9get biztos\u00edtani nagy volumenben is<\/b><span style=\"font-weight: 400;\">. Ez k\u00fcl\u00f6n\u00f6sen fontos azokn\u00e1l a m\u00e1rk\u00e1kn\u00e1l, ahol a vizu\u00e1lis megjelen\u00e9s k\u00f6vetkezetess\u00e9ge kritikus.<\/span><\/p><p><span style=\"font-weight: 400;\">Az indul\u00e1si k\u00f6lts\u00e9gek ugyan magasabbak lehetnek a nyom\u00f3lemezek miatt, de nagyobb darabsz\u00e1mn\u00e1l az egy darabra jut\u00f3 k\u00f6lts\u00e9g gyorsan cs\u00f6kken. \u00c9ppen ez\u00e9rt az ofszet ide\u00e1lis v\u00e1laszt\u00e1s, ha rendszeresen gy\u00e1rtasz nagy mennyis\u00e9g\u0171 csomagol\u00e1st.<\/span><\/p><h2><b>Mit tud a digit\u00e1lis nyomtat\u00e1s?<\/b><\/h2><p><span style=\"font-weight: 400;\">A digit\u00e1lis nyomtat\u00e1s ezzel szemben egy k\u00f6zvetlenebb technol\u00f3gia, ahol nincs sz\u00fcks\u00e9g nyom\u00f3lemezekre. A grafika k\u00f6zvetlen\u00fcl a digit\u00e1lis f\u00e1jlb\u00f3l ker\u00fcl a nyomtat\u00f3ra, ami sokkal rugalmasabb\u00e1 teszi a gy\u00e1rt\u00e1st.<\/span><\/p><p><span style=\"font-weight: 400;\">Ez a megold\u00e1s k\u00fcl\u00f6n\u00f6sen j\u00f3l m\u0171k\u00f6dik kisebb sz\u00e9ri\u00e1k, tesztgy\u00e1rt\u00e1sok vagy gyakran v\u00e1ltoz\u00f3 design eset\u00e9n. Ha p\u00e9ld\u00e1ul t\u00f6bb verzi\u00f3ban szeretn\u00e9l csomagol\u00e1st k\u00e9sz\u00edteni, vagy gyors piacra l\u00e9p\u00e9sre van sz\u00fcks\u00e9ged, a digit\u00e1lis nyomtat\u00e1s komoly el\u0151nyt jelenthet.<\/span><\/p><p><span style=\"font-weight: 400;\">Ugyanakkor nagyobb volumenben a k\u00f6lts\u00e9gek \u00e1ltal\u00e1ban magasabbak maradnak, \u00e9s bizonyos esetekben a sz\u00ednpontoss\u00e1g vagy a fel\u00fcletkezel\u00e9si lehet\u0151s\u00e9gek is korl\u00e1tozottabbak lehetnek az ofszethez k\u00e9pest.<\/span><\/p><h2><b>Mikor melyiket \u00e9rdemes v\u00e1lasztani?<\/b><\/h2><p><span style=\"font-weight: 400;\">A d\u00f6nt\u00e9s val\u00f3j\u00e1ban nem az, hogy melyik technol\u00f3gia \u201ejobb\u201d, hanem az, hogy melyik illeszkedik jobban az adott projekthez.<\/span><\/p><p><span style=\"font-weight: 400;\">Ha nagy p\u00e9ld\u00e1nysz\u00e1mban gy\u00e1rtasz, fontos a sz\u00ednkonzisztencia, \u00e9s a csomagol\u00e1s a m\u00e1rk\u00e1d egyik kulcseleme, akkor az ofszet nyomtat\u00e1s szinte mindig jobb v\u00e1laszt\u00e1s.<\/span><\/p><p><span style=\"font-weight: 400;\">Ha viszont kisebb mennyis\u00e9gben gondolkodsz, gyors reakci\u00f3id\u0151re van sz\u00fcks\u00e9ged, vagy t\u00f6bb verzi\u00f3t szeretn\u00e9l tesztelni, a digit\u00e1lis nyomtat\u00e1s lehet a hat\u00e9konyabb megold\u00e1s.<\/span><\/p><p><span style=\"font-weight: 400;\">A gyakorlatban sok v\u00e1llalat mindk\u00e9t technol\u00f3gi\u00e1t haszn\u00e1lja \u2013 k\u00fcl\u00f6nb\u00f6z\u0151 c\u00e9lokra.<\/span><\/p><h2><b>A legfontosabb szempont: ne csak a nyomtat\u00e1st n\u00e9zd<\/b><\/h2><p><span style=\"font-weight: 400;\">Az egyik leggyakoribb hiba, hogy a nyomtat\u00e1si technol\u00f3gi\u00e1t elszigetelten kezelik. Pedig a csomagol\u00e1s egy komplex rendszer r\u00e9sze, ahol a design, az anyagv\u00e1laszt\u00e1s, a fel\u00fcletnemes\u00edt\u00e9s \u00e9s a logisztika mind \u00f6sszef\u00fcggnek.<\/span><\/p><p><span style=\"font-weight: 400;\">Egy j\u00f3l megv\u00e1lasztott technol\u00f3gia nemcsak sz\u00e9p csomagol\u00e1st eredm\u00e9nyez, hanem hat\u00e9konyabb gy\u00e1rt\u00e1st \u00e9s kisz\u00e1m\u00edthat\u00f3bb m\u0171k\u00f6d\u00e9st is.<\/span><\/p><p><span style=\"font-weight: 400;\">\u00c9ppen ez\u00e9rt \u00e9rdemes m\u00e1r a tervez\u00e9si f\u00e1zisban bevonni a gy\u00e1rt\u00e1si szempontokat is \u2013 nem csak a v\u00e9g\u00e9n d\u00f6nteni r\u00f3luk.<\/span><\/p><p><span style=\"font-weight: 400;\">Az ofszet \u00e9s a digit\u00e1lis nyomtat\u00e1s nem egym\u00e1s versenyt\u00e1rsai, hanem k\u00fcl\u00f6nb\u00f6z\u0151 helyzetekre optimaliz\u00e1lt megold\u00e1sok. Az ofszet a stabil, nagy volumen\u0171 gy\u00e1rt\u00e1sban er\u0151s, m\u00edg a digit\u00e1lis nyomtat\u00e1s rugalmass\u00e1got \u00e9s gyorsas\u00e1got k\u00edn\u00e1l kisebb projektek eset\u00e9n.<\/span><\/p><p><span style=\"font-weight: 400;\">A kulcs az, hogy a v\u00e1laszt\u00e1s mindig a konkr\u00e9t \u00fczleti c\u00e9lokhoz \u00e9s gy\u00e1rt\u00e1si ig\u00e9nyekhez igazodjon.<\/span><\/p><p><span style=\"font-weight: 400;\">Ha nem vagy biztos benne, melyik nyomtat\u00e1si technol\u00f3gia a legjobb a csomagol\u00e1sodhoz, \u00e9rdemes szak\u00e9rt\u0151vel \u00e1tgondolni a lehet\u0151s\u00e9geket. Vedd fel a kapcsolatot a <\/span><a href=\"https:\/\/test.kartonpack.hu\/\"><b>Color Pack csapat\u00e1val<\/b><\/a><span style=\"font-weight: 400;\">, \u00e9s seg\u00edt\u00fcnk megtal\u00e1lni a projektedhez legjobban illeszked\u0151 megold\u00e1st.<\/span><\/p><p>\u00a0<\/p>\t\t\t\t\t\t\t\t<\/div>\n\t\t\t\t<\/div>\n\t\t\t\t<\/div>\n\t\t\t\t<\/div>\n\t\t\t\t\t<\/div>\n\t\t\t\t<\/div>\n\t\t\t\t<\/div>\n\t\t","protected":false},"excerpt":{"rendered":"<p>A csomagol\u00e1s gy\u00e1rt\u00e1sa el\u0151tt az egyik legfontosabb d\u00f6nt\u00e9s a nyomtat\u00e1si technol\u00f3gia. Az, hogy ofszet vagy digit\u00e1lis elj\u00e1r\u00e1st v\u00e1lasztasz, k\u00f6zvetlen hat\u00e1ssal van a k\u00f6lts\u00e9gekre, a min\u0151s\u00e9gre \u00e9s a gy\u00e1rt\u00e1s hat\u00e9konys\u00e1g\u00e1ra is. Sok v\u00e1llalat ott k\u00f6veti el az els\u0151 hib\u00e1t,hogy a d\u00f6nt\u00e9st kiz\u00e1r\u00f3lag darab\u00e1r vagy gyorsas\u00e1g alapj\u00e1n hozza meg. Pedig a val\u00f3s\u00e1g enn\u00e9l j\u00f3val \u00f6sszetettebb. Ebben a cikkben megmutatjuk, mikor melyik technol\u00f3gia a jobb v\u00e1laszt\u00e1s csomagol\u00e1s eset\u00e9n<\/p>\n","protected":false},"author":2,"featured_media":6518,"comment_status":"closed","ping_status":"closed","sticky":false,"template":"","format":"standard","meta":{"footnotes":""},"categories":[35],"tags":[],"class_list":["post-6516","post","type-post","status-publish","format-standard","has-post-thumbnail","hentry","category-hireink"],"yoast_head":"<!-- This site is optimized with the Yoast SEO Premium plugin v28.3 (Yoast SEO v28.3) - https:\/\/yoast.com\/product\/yoast-seo-premium-wordpress\/ -->\n<title>\ud83d\udce6Ofszet vs Digit\u00e1lis nyomtat\u00e1s csomagol\u00e1sn\u00e1l<\/title>\n<meta name=\"description\" content=\"Az egyik legfontosabb d\u00f6nt\u00e9s a nyomtat\u00e1si technol\u00f3gia, mely k\u00f6zvetlen hat\u00e1ssal van a k\u00f6lts\u00e9gekre, min\u0151s\u00e9gre \u00e9s a gy\u00e1rt\u00e1s hat\u00e9konys\u00e1g\u00e1ra is.\" \/>\n<meta name=\"robots\" content=\"index, follow, max-snippet:-1, max-image-preview:large, max-video-preview:-1\" \/>\n<link rel=\"canonical\" href=\"https:\/\/test.kartonpack.hu\/?p=6516\" \/>\n<meta property=\"og:locale\" content=\"hu_HU\" \/>\n<meta property=\"og:type\" content=\"article\" \/>\n<meta property=\"og:title\" content=\"Ofszet vs digit\u00e1lis nyomtat\u00e1s csomagol\u00e1sn\u00e1l (mikor melyiket v\u00e1laszd?)\" \/>\n<meta property=\"og:description\" content=\"Az egyik legfontosabb d\u00f6nt\u00e9s a nyomtat\u00e1si technol\u00f3gia, mely k\u00f6zvetlen hat\u00e1ssal van a k\u00f6lts\u00e9gekre, min\u0151s\u00e9gre \u00e9s a gy\u00e1rt\u00e1s hat\u00e9konys\u00e1g\u00e1ra is.\" \/>\n<meta property=\"og:url\" content=\"https:\/\/test.kartonpack.hu\/?p=6516\" \/>\n<meta property=\"og:site_name\" content=\"Kartonpack\" \/>\n<meta property=\"article:publisher\" content=\"https:\/\/www.facebook.com\/profile.php?id=100063640926339\" \/>\n<meta property=\"article:published_time\" content=\"2026-04-10T12:16:10+00:00\" \/>\n<meta property=\"article:modified_time\" content=\"2026-04-10T12:29:27+00:00\" \/>\n<meta property=\"og:image\" content=\"https:\/\/test.kartonpack.hu\/wp-content\/uploads\/2026\/04\/2026_aprilis_blog-1.png\" \/>\n\t<meta property=\"og:image:width\" content=\"1440\" \/>\n\t<meta property=\"og:image:height\" content=\"900\" \/>\n\t<meta property=\"og:image:type\" content=\"image\/png\" \/>\n<meta name=\"author\" content=\"Barna Gergely\" \/>\n<meta name=\"twitter:card\" content=\"summary_large_image\" \/>\n<meta name=\"twitter:description\" content=\"Az egyik legfontosabb d\u00f6nt\u00e9s a nyomtat\u00e1si technol\u00f3gia, mely k\u00f6zvetlen hat\u00e1ssal van a k\u00f6lts\u00e9gekre, min\u0151s\u00e9gre \u00e9s a gy\u00e1rt\u00e1s hat\u00e9konys\u00e1g\u00e1ra is.\" \/>\n<meta name=\"twitter:label1\" content=\"Szerz\u0151:\" \/>\n\t<meta name=\"twitter:data1\" content=\"Barna Gergely\" \/>\n\t<meta name=\"twitter:label2\" content=\"Becs\u00fclt olvas\u00e1si id\u0151\" \/>\n\t<meta name=\"twitter:data2\" content=\"3 perc\" \/>\n<script type=\"application\/ld+json\" class=\"yoast-schema-graph\">{\"@context\":\"https:\\\/\\\/schema.org\",\"@graph\":[{\"@type\":\"Article\",\"@id\":\"https:\\\/\\\/test.kartonpack.hu\\\/?p=6516#article\",\"isPartOf\":{\"@id\":\"https:\\\/\\\/test.kartonpack.hu\\\/?p=6516\"},\"author\":{\"name\":\"Barna Gergely\",\"@id\":\"https:\\\/\\\/test.kartonpack.hu\\\/#\\\/schema\\\/person\\\/228a55ed9bb92c0bae2e7a97a835ffad\"},\"headline\":\"Ofszet vs digit\u00e1lis nyomtat\u00e1s csomagol\u00e1sn\u00e1l (mikor melyiket v\u00e1laszd?)\",\"datePublished\":\"2026-04-10T12:16:10+00:00\",\"dateModified\":\"2026-04-10T12:29:27+00:00\",\"mainEntityOfPage\":{\"@id\":\"https:\\\/\\\/test.kartonpack.hu\\\/?p=6516\"},\"wordCount\":775,\"publisher\":{\"@id\":\"https:\\\/\\\/test.kartonpack.hu\\\/#organization\"},\"image\":{\"@id\":\"https:\\\/\\\/test.kartonpack.hu\\\/?p=6516#primaryimage\"},\"thumbnailUrl\":\"https:\\\/\\\/test.kartonpack.hu\\\/wp-content\\\/uploads\\\/2026\\\/04\\\/2026_aprilis_blog-1.png\",\"articleSection\":[\"H\u00edr\"],\"inLanguage\":\"hu\"},{\"@type\":\"WebPage\",\"@id\":\"https:\\\/\\\/test.kartonpack.hu\\\/?p=6516\",\"url\":\"https:\\\/\\\/test.kartonpack.hu\\\/?p=6516\",\"name\":\"\ud83d\udce6Ofszet vs Digit\u00e1lis nyomtat\u00e1s csomagol\u00e1sn\u00e1l\",\"isPartOf\":{\"@id\":\"https:\\\/\\\/test.kartonpack.hu\\\/#website\"},\"primaryImageOfPage\":{\"@id\":\"https:\\\/\\\/test.kartonpack.hu\\\/?p=6516#primaryimage\"},\"image\":{\"@id\":\"https:\\\/\\\/test.kartonpack.hu\\\/?p=6516#primaryimage\"},\"thumbnailUrl\":\"https:\\\/\\\/test.kartonpack.hu\\\/wp-content\\\/uploads\\\/2026\\\/04\\\/2026_aprilis_blog-1.png\",\"datePublished\":\"2026-04-10T12:16:10+00:00\",\"dateModified\":\"2026-04-10T12:29:27+00:00\",\"description\":\"Az egyik legfontosabb d\u00f6nt\u00e9s a nyomtat\u00e1si technol\u00f3gia, mely k\u00f6zvetlen hat\u00e1ssal van a k\u00f6lts\u00e9gekre, min\u0151s\u00e9gre \u00e9s a gy\u00e1rt\u00e1s hat\u00e9konys\u00e1g\u00e1ra is.\",\"breadcrumb\":{\"@id\":\"https:\\\/\\\/test.kartonpack.hu\\\/?p=6516#breadcrumb\"},\"inLanguage\":\"hu\",\"potentialAction\":[{\"@type\":\"ReadAction\",\"target\":[\"https:\\\/\\\/test.kartonpack.hu\\\/?p=6516\"]}]},{\"@type\":\"ImageObject\",\"inLanguage\":\"hu\",\"@id\":\"https:\\\/\\\/test.kartonpack.hu\\\/?p=6516#primaryimage\",\"url\":\"https:\\\/\\\/test.kartonpack.hu\\\/wp-content\\\/uploads\\\/2026\\\/04\\\/2026_aprilis_blog-1.png\",\"contentUrl\":\"https:\\\/\\\/test.kartonpack.hu\\\/wp-content\\\/uploads\\\/2026\\\/04\\\/2026_aprilis_blog-1.png\",\"width\":1440,\"height\":900},{\"@type\":\"BreadcrumbList\",\"@id\":\"https:\\\/\\\/test.kartonpack.hu\\\/?p=6516#breadcrumb\",\"itemListElement\":[{\"@type\":\"ListItem\",\"position\":1,\"name\":\"Kezd\u0151lap\",\"item\":\"https:\\\/\\\/test.kartonpack.hu\\\/\"},{\"@type\":\"ListItem\",\"position\":2,\"name\":\"Ofszet vs digit\u00e1lis nyomtat\u00e1s csomagol\u00e1sn\u00e1l (mikor melyiket v\u00e1laszd?)\"}]},{\"@type\":\"WebSite\",\"@id\":\"https:\\\/\\\/test.kartonpack.hu\\\/#website\",\"url\":\"https:\\\/\\\/test.kartonpack.hu\\\/\",\"name\":\"Color Pack\",\"description\":\"Dobozipari Z\u00e1rtk\u00f6r\u0171en M\u0171k\u00f6d\u0151 R\u00e9szv\u00e9nyt\u00e1rsas\u00e1g\",\"publisher\":{\"@id\":\"https:\\\/\\\/test.kartonpack.hu\\\/#organization\"},\"potentialAction\":[{\"@type\":\"SearchAction\",\"target\":{\"@type\":\"EntryPoint\",\"urlTemplate\":\"https:\\\/\\\/test.kartonpack.hu\\\/?s={search_term_string}\"},\"query-input\":{\"@type\":\"PropertyValueSpecification\",\"valueRequired\":true,\"valueName\":\"search_term_string\"}}],\"inLanguage\":\"hu\"},{\"@type\":\"Organization\",\"@id\":\"https:\\\/\\\/test.kartonpack.hu\\\/#organization\",\"name\":\"Color Pack Nyomdaipari \u00e9s Csomagol\u00f3anyag Gy\u00e1rt\u00f3 Zrt.\",\"url\":\"https:\\\/\\\/test.kartonpack.hu\\\/\",\"logo\":{\"@type\":\"ImageObject\",\"inLanguage\":\"hu\",\"@id\":\"https:\\\/\\\/test.kartonpack.hu\\\/#\\\/schema\\\/logo\\\/image\\\/\",\"url\":\"https:\\\/\\\/test.kartonpack.hu\\\/wp-content\\\/uploads\\\/2026\\\/08\\\/kartonpack_logo-yellow.svg\",\"contentUrl\":\"https:\\\/\\\/test.kartonpack.hu\\\/wp-content\\\/uploads\\\/2026\\\/08\\\/kartonpack_logo-yellow.svg\",\"width\":418.80000000000001136868377216160297393798828125,\"height\":50.89999999999999857891452847979962825775146484375,\"caption\":\"Color Pack Nyomdaipari \u00e9s Csomagol\u00f3anyag Gy\u00e1rt\u00f3 Zrt.\"},\"image\":{\"@id\":\"https:\\\/\\\/test.kartonpack.hu\\\/#\\\/schema\\\/logo\\\/image\\\/\"},\"sameAs\":[\"https:\\\/\\\/www.facebook.com\\\/profile.php?id=100063640926339\",\"https:\\\/\\\/www.linkedin.com\\\/company\\\/color-pack-co-\\\/\"],\"description\":\"A Color Pack Zrt. vil\u00e1gsz\u00ednvonal\u00fa nyomdai \u00e9s csomagol\u00f3ipari tervez\u0151 \u00e9s kivitelez\u0151i sszolg\u00e1ltat\u00e1s\u00e1t a magasan k\u00e9pzett szakembereink \u00e9s korszer\u0171 m\u0171szaki h\u00e1tter\u00fcnk teszi lehet\u0151v\u00e9. Elk\u00f6telezettek vagyunk amellett, hogy folyamatosan l\u00e9p\u00e9st tartsunk a fejl\u0151d\u00e9ssel, meg\u00fajuljunk, \u00e9s \u00e9len j\u00e1rjunk az \u00faj technol\u00f3gi\u00e1k, term\u00e9kek \u00e9s szolg\u00e1ltat\u00e1sok bevezet\u00e9s\u00e9ben \u2013 mindig partnereink ig\u00e9nyeihez igazodva.\",\"email\":\"info@test.kartonpack.hu\",\"telephone\":\"+36 (42) 433-845\",\"legalName\":\"Color Pack Zrt.\",\"foundingDate\":\"1990-12-18\",\"taxID\":\"10470222-2-15\",\"numberOfEmployees\":{\"@type\":\"QuantitativeValue\",\"minValue\":\"51\",\"maxValue\":\"200\"}},{\"@type\":\"Person\",\"@id\":\"https:\\\/\\\/test.kartonpack.hu\\\/#\\\/schema\\\/person\\\/228a55ed9bb92c0bae2e7a97a835ffad\",\"name\":\"Barna Gergely\",\"image\":{\"@type\":\"ImageObject\",\"inLanguage\":\"hu\",\"@id\":\"https:\\\/\\\/secure.gravatar.com\\\/avatar\\\/96e5d6f2c4b9b3646689c3adbbb2ebd98a2a9f181a2aa78230b269c350e79595?s=96&d=mm&r=g\",\"url\":\"https:\\\/\\\/secure.gravatar.com\\\/avatar\\\/96e5d6f2c4b9b3646689c3adbbb2ebd98a2a9f181a2aa78230b269c350e79595?s=96&d=mm&r=g\",\"contentUrl\":\"https:\\\/\\\/secure.gravatar.com\\\/avatar\\\/96e5d6f2c4b9b3646689c3adbbb2ebd98a2a9f181a2aa78230b269c350e79595?s=96&d=mm&r=g\",\"caption\":\"Barna Gergely\"}}]}<\/script>\n<!-- \/ Yoast SEO Premium plugin. -->","yoast_head_json":{"title":"\ud83d\udce6Ofszet vs Digit\u00e1lis nyomtat\u00e1s csomagol\u00e1sn\u00e1l","description":"Az egyik legfontosabb d\u00f6nt\u00e9s a nyomtat\u00e1si technol\u00f3gia, mely k\u00f6zvetlen hat\u00e1ssal van a k\u00f6lts\u00e9gekre, min\u0151s\u00e9gre \u00e9s a gy\u00e1rt\u00e1s hat\u00e9konys\u00e1g\u00e1ra is.","robots":{"index":"index","follow":"follow","max-snippet":"max-snippet:-1","max-image-preview":"max-image-preview:large","max-video-preview":"max-video-preview:-1"},"canonical":"https:\/\/test.kartonpack.hu\/?p=6516","og_locale":"hu_HU","og_type":"article","og_title":"Ofszet vs digit\u00e1lis nyomtat\u00e1s csomagol\u00e1sn\u00e1l (mikor melyiket v\u00e1laszd?)","og_description":"Az egyik legfontosabb d\u00f6nt\u00e9s a nyomtat\u00e1si technol\u00f3gia, mely k\u00f6zvetlen hat\u00e1ssal van a k\u00f6lts\u00e9gekre, min\u0151s\u00e9gre \u00e9s a gy\u00e1rt\u00e1s hat\u00e9konys\u00e1g\u00e1ra is.","og_url":"https:\/\/test.kartonpack.hu\/?p=6516","og_site_name":"Kartonpack","article_publisher":"https:\/\/www.facebook.com\/profile.php?id=100063640926339","article_published_time":"2026-04-10T12:16:10+00:00","article_modified_time":"2026-04-10T12:29:27+00:00","og_image":[{"width":1440,"height":900,"url":"https:\/\/test.kartonpack.hu\/wp-content\/uploads\/2026\/04\/2026_aprilis_blog-1.png","type":"image\/png"}],"author":"Barna Gergely","twitter_card":"summary_large_image","twitter_description":"Az egyik legfontosabb d\u00f6nt\u00e9s a nyomtat\u00e1si technol\u00f3gia, mely k\u00f6zvetlen hat\u00e1ssal van a k\u00f6lts\u00e9gekre, min\u0151s\u00e9gre \u00e9s a gy\u00e1rt\u00e1s hat\u00e9konys\u00e1g\u00e1ra is.","twitter_misc":{"Szerz\u0151:":"Barna Gergely","Becs\u00fclt olvas\u00e1si id\u0151":"3 perc"},"schema":{"@context":"https:\/\/schema.org","@graph":[{"@type":"Article","@id":"https:\/\/test.kartonpack.hu\/?p=6516#article","isPartOf":{"@id":"https:\/\/test.kartonpack.hu\/?p=6516"},"author":{"name":"Barna Gergely","@id":"https:\/\/test.kartonpack.hu\/#\/schema\/person\/228a55ed9bb92c0bae2e7a97a835ffad"},"headline":"Ofszet vs digit\u00e1lis nyomtat\u00e1s csomagol\u00e1sn\u00e1l (mikor melyiket v\u00e1laszd?)","datePublished":"2026-04-10T12:16:10+00:00","dateModified":"2026-04-10T12:29:27+00:00","mainEntityOfPage":{"@id":"https:\/\/test.kartonpack.hu\/?p=6516"},"wordCount":775,"publisher":{"@id":"https:\/\/test.kartonpack.hu\/#organization"},"image":{"@id":"https:\/\/test.kartonpack.hu\/?p=6516#primaryimage"},"thumbnailUrl":"https:\/\/test.kartonpack.hu\/wp-content\/uploads\/2026\/04\/2026_aprilis_blog-1.png","articleSection":["H\u00edr"],"inLanguage":"hu"},{"@type":"WebPage","@id":"https:\/\/test.kartonpack.hu\/?p=6516","url":"https:\/\/test.kartonpack.hu\/?p=6516","name":"\ud83d\udce6Ofszet vs Digit\u00e1lis nyomtat\u00e1s csomagol\u00e1sn\u00e1l","isPartOf":{"@id":"https:\/\/test.kartonpack.hu\/#website"},"primaryImageOfPage":{"@id":"https:\/\/test.kartonpack.hu\/?p=6516#primaryimage"},"image":{"@id":"https:\/\/test.kartonpack.hu\/?p=6516#primaryimage"},"thumbnailUrl":"https:\/\/test.kartonpack.hu\/wp-content\/uploads\/2026\/04\/2026_aprilis_blog-1.png","datePublished":"2026-04-10T12:16:10+00:00","dateModified":"2026-04-10T12:29:27+00:00","description":"Az egyik legfontosabb d\u00f6nt\u00e9s a nyomtat\u00e1si technol\u00f3gia, mely k\u00f6zvetlen hat\u00e1ssal van a k\u00f6lts\u00e9gekre, min\u0151s\u00e9gre \u00e9s a gy\u00e1rt\u00e1s hat\u00e9konys\u00e1g\u00e1ra is.","breadcrumb":{"@id":"https:\/\/test.kartonpack.hu\/?p=6516#breadcrumb"},"inLanguage":"hu","potentialAction":[{"@type":"ReadAction","target":["https:\/\/test.kartonpack.hu\/?p=6516"]}]},{"@type":"ImageObject","inLanguage":"hu","@id":"https:\/\/test.kartonpack.hu\/?p=6516#primaryimage","url":"https:\/\/test.kartonpack.hu\/wp-content\/uploads\/2026\/04\/2026_aprilis_blog-1.png","contentUrl":"https:\/\/test.kartonpack.hu\/wp-content\/uploads\/2026\/04\/2026_aprilis_blog-1.png","width":1440,"height":900},{"@type":"BreadcrumbList","@id":"https:\/\/test.kartonpack.hu\/?p=6516#breadcrumb","itemListElement":[{"@type":"ListItem","position":1,"name":"Kezd\u0151lap","item":"https:\/\/test.kartonpack.hu\/"},{"@type":"ListItem","position":2,"name":"Ofszet vs digit\u00e1lis nyomtat\u00e1s csomagol\u00e1sn\u00e1l (mikor melyiket v\u00e1laszd?)"}]},{"@type":"WebSite","@id":"https:\/\/test.kartonpack.hu\/#website","url":"https:\/\/test.kartonpack.hu\/","name":"Color Pack","description":"Dobozipari Z\u00e1rtk\u00f6r\u0171en M\u0171k\u00f6d\u0151 R\u00e9szv\u00e9nyt\u00e1rsas\u00e1g","publisher":{"@id":"https:\/\/test.kartonpack.hu\/#organization"},"potentialAction":[{"@type":"SearchAction","target":{"@type":"EntryPoint","urlTemplate":"https:\/\/test.kartonpack.hu\/?s={search_term_string}"},"query-input":{"@type":"PropertyValueSpecification","valueRequired":true,"valueName":"search_term_string"}}],"inLanguage":"hu"},{"@type":"Organization","@id":"https:\/\/test.kartonpack.hu\/#organization","name":"Color Pack Nyomdaipari \u00e9s Csomagol\u00f3anyag Gy\u00e1rt\u00f3 Zrt.","url":"https:\/\/test.kartonpack.hu\/","logo":{"@type":"ImageObject","inLanguage":"hu","@id":"https:\/\/test.kartonpack.hu\/#\/schema\/logo\/image\/","url":"https:\/\/test.kartonpack.hu\/wp-content\/uploads\/2026\/08\/kartonpack_logo-yellow.svg","contentUrl":"https:\/\/test.kartonpack.hu\/wp-content\/uploads\/2026\/08\/kartonpack_logo-yellow.svg","width":418.80000000000001136868377216160297393798828125,"height":50.89999999999999857891452847979962825775146484375,"caption":"Color Pack Nyomdaipari \u00e9s Csomagol\u00f3anyag Gy\u00e1rt\u00f3 Zrt."},"image":{"@id":"https:\/\/test.kartonpack.hu\/#\/schema\/logo\/image\/"},"sameAs":["https:\/\/www.facebook.com\/profile.php?id=100063640926339","https:\/\/www.linkedin.com\/company\/color-pack-co-\/"],"description":"A Color Pack Zrt. vil\u00e1gsz\u00ednvonal\u00fa nyomdai \u00e9s csomagol\u00f3ipari tervez\u0151 \u00e9s kivitelez\u0151i sszolg\u00e1ltat\u00e1s\u00e1t a magasan k\u00e9pzett szakembereink \u00e9s korszer\u0171 m\u0171szaki h\u00e1tter\u00fcnk teszi lehet\u0151v\u00e9. Elk\u00f6telezettek vagyunk amellett, hogy folyamatosan l\u00e9p\u00e9st tartsunk a fejl\u0151d\u00e9ssel, meg\u00fajuljunk, \u00e9s \u00e9len j\u00e1rjunk az \u00faj technol\u00f3gi\u00e1k, term\u00e9kek \u00e9s szolg\u00e1ltat\u00e1sok bevezet\u00e9s\u00e9ben \u2013 mindig partnereink ig\u00e9nyeihez igazodva.","email":"info@test.kartonpack.hu","telephone":"+36 (42) 433-845","legalName":"Color Pack Zrt.","foundingDate":"1990-12-18","taxID":"10470222-2-15","numberOfEmployees":{"@type":"QuantitativeValue","minValue":"51","maxValue":"200"}},{"@type":"Person","@id":"https:\/\/test.kartonpack.hu\/#\/schema\/person\/228a55ed9bb92c0bae2e7a97a835ffad","name":"Barna Gergely","image":{"@type":"ImageObject","inLanguage":"hu","@id":"https:\/\/secure.gravatar.com\/avatar\/96e5d6f2c4b9b3646689c3adbbb2ebd98a2a9f181a2aa78230b269c350e79595?s=96&d=mm&r=g","url":"https:\/\/secure.gravatar.com\/avatar\/96e5d6f2c4b9b3646689c3adbbb2ebd98a2a9f181a2aa78230b269c350e79595?s=96&d=mm&r=g","contentUrl":"https:\/\/secure.gravatar.com\/avatar\/96e5d6f2c4b9b3646689c3adbbb2ebd98a2a9f181a2aa78230b269c350e79595?s=96&d=mm&r=g","caption":"Barna Gergely"}}]}},"views":219,"_links":{"self":[{"href":"https:\/\/test.kartonpack.hu\/index.php?rest_route=\/wp\/v2\/posts\/6516","targetHints":{"allow":["GET"]}}],"collection":[{"href":"https:\/\/test.kartonpack.hu\/index.php?rest_route=\/wp\/v2\/posts"}],"about":[{"href":"https:\/\/test.kartonpack.hu\/index.php?rest_route=\/wp\/v2\/types\/post"}],"author":[{"embeddable":true,"href":"https:\/\/test.kartonpack.hu\/index.php?rest_route=\/wp\/v2\/users\/2"}],"replies":[{"embeddable":true,"href":"https:\/\/test.kartonpack.hu\/index.php?rest_route=%2Fwp%2Fv2%2Fcomments&post=6516"}],"version-history":[{"count":10,"href":"https:\/\/test.kartonpack.hu\/index.php?rest_route=\/wp\/v2\/posts\/6516\/revisions"}],"predecessor-version":[{"id":6535,"href":"https:\/\/test.kartonpack.hu\/index.php?rest_route=\/wp\/v2\/posts\/6516\/revisions\/6535"}],"wp:featuredmedia":[{"embeddable":true,"href":"https:\/\/test.kartonpack.hu\/index.php?rest_route=\/wp\/v2\/media\/6518"}],"wp:attachment":[{"href":"https:\/\/test.kartonpack.hu\/index.php?rest_route=%2Fwp%2Fv2%2Fmedia&parent=6516"}],"wp:term":[{"taxonomy":"category","embeddable":true,"href":"https:\/\/test.kartonpack.hu\/index.php?rest_route=%2Fwp%2Fv2%2Fcategories&post=6516"},{"taxonomy":"post_tag","embeddable":true,"href":"https:\/\/test.kartonpack.hu\/index.php?rest_route=%2Fwp%2Fv2%2Ftags&post=6516"}],"curies":[{"name":"wp","href":"https:\/\/api.w.org\/{rel}","templated":true}]}}