{"id":5950,"date":"2025-03-01T11:25:43","date_gmt":"2025-03-01T11:25:43","guid":{"rendered":"https:\/\/test.kartonpack.hu\/?p=5950"},"modified":"2025-09-24T11:29:57","modified_gmt":"2025-09-24T11:29:57","slug":"kozosen-a-tisztabb-kornyezetert-szemetszedo-akcionk-a-kozeli-erdoben","status":"publish","type":"post","link":"https:\/\/test.kartonpack.hu\/?p=5950","title":{"rendered":"K\u00f6z\u00f6sen a tiszt\u00e1bb k\u00f6rnyezet\u00e9rt \u2013 szem\u00e9tszed\u0151 akci\u00f3nk a k\u00f6zeli erd\u0151ben"},"content":{"rendered":"\t\t<div data-elementor-type=\"wp-post\" data-elementor-id=\"5950\" class=\"elementor elementor-5950\" data-elementor-post-type=\"post\">\n\t\t\t\t<div class=\"elementor-element elementor-element-e2e11f8 e-flex e-con-boxed e-con e-parent\" data-id=\"e2e11f8\" data-element_type=\"container\" data-e-type=\"container\" data-settings=\"{&quot;jet_parallax_layout_list&quot;:[]}\">\n\t\t\t\t\t<div class=\"e-con-inner\">\n\t\t<div class=\"elementor-element elementor-element-270e912 e-con-full e-flex e-con e-child\" data-id=\"270e912\" data-element_type=\"container\" data-e-type=\"container\" data-settings=\"{&quot;jet_parallax_layout_list&quot;:[]}\">\n\t\t<div class=\"elementor-element elementor-element-5a40665 e-con-full e-flex e-con e-child\" data-id=\"5a40665\" data-element_type=\"container\" data-e-type=\"container\" data-settings=\"{&quot;jet_parallax_layout_list&quot;:[]}\">\n\t\t\t\t<div class=\"elementor-element elementor-element-75b7ee1 elementor-widget elementor-widget-text-editor\" data-id=\"75b7ee1\" data-element_type=\"widget\" data-e-type=\"widget\" data-widget_type=\"text-editor.default\">\n\t\t\t\t<div class=\"elementor-widget-container\">\n\t\t\t\t\t\t\t\t\t<p>A Color Packn\u00e1l hisz\u00fcnk abban, hogy a fenntarthat\u00f3s\u00e1g nem csup\u00e1n a gy\u00e1rt\u00e1si folyamatainkban kezd\u0151dik, hanem a mindennapi \u00e9let\u00fcnk r\u00e9sze kell, hogy legyen. Mivel c\u00e9g\u00fcnk alapfiloz\u00f3fi\u00e1ja a k\u00f6rnyezet tudatos megk\u00f6zel\u00edt\u00e9sre \u00e9p\u00fcl, fontosnak tartjuk, hogy ne csak pap\u00edr alap\u00fa, k\u00f6rnyezetbar\u00e1t csomagol\u00f3anyagokat k\u00edn\u00e1ljunk partnereinknek, hanem akt\u00edvan tegy\u00fcnk is a term\u00e9szet v\u00e9delm\u00e9\u00e9rt.<\/p>\t\t\t\t\t\t\t\t<\/div>\n\t\t\t\t<\/div>\n\t\t\t\t<\/div>\n\t\t<div class=\"elementor-element elementor-element-83eef75 e-con-full e-flex e-con e-child\" data-id=\"83eef75\" data-element_type=\"container\" data-e-type=\"container\" data-settings=\"{&quot;jet_parallax_layout_list&quot;:[]}\">\n\t\t\t\t<div class=\"elementor-element elementor-element-852922e elementor-widget elementor-widget-image\" data-id=\"852922e\" data-element_type=\"widget\" data-e-type=\"widget\" data-widget_type=\"image.default\">\n\t\t\t\t<div class=\"elementor-widget-container\">\n\t\t\t\t\t\t\t\t\t\t\t\t\t\t\t<img decoding=\"async\" width=\"1370\" height=\"922\" src=\"https:\/\/test.kartonpack.hu\/wp-content\/uploads\/2025\/09\/215a4f00-6a71-4ac7-83c6-027a1670f39f-e1758712240496.jpg\" class=\"attachment-full size-full wp-image-5985\" alt=\"\" srcset=\"https:\/\/test.kartonpack.hu\/wp-content\/uploads\/2025\/09\/215a4f00-6a71-4ac7-83c6-027a1670f39f-e1758712240496.jpg 1370w, https:\/\/test.kartonpack.hu\/wp-content\/uploads\/2025\/09\/215a4f00-6a71-4ac7-83c6-027a1670f39f-e1758712240496-300x202.jpg 300w, https:\/\/test.kartonpack.hu\/wp-content\/uploads\/2025\/09\/215a4f00-6a71-4ac7-83c6-027a1670f39f-e1758712240496-1024x689.jpg 1024w, https:\/\/test.kartonpack.hu\/wp-content\/uploads\/2025\/09\/215a4f00-6a71-4ac7-83c6-027a1670f39f-e1758712240496-768x517.jpg 768w, https:\/\/test.kartonpack.hu\/wp-content\/uploads\/2025\/09\/215a4f00-6a71-4ac7-83c6-027a1670f39f-e1758712240496-18x12.jpg 18w\" sizes=\"(max-width: 1370px) 100vw, 1370px\" \/>\t\t\t\t\t\t\t\t\t\t\t\t\t\t\t<\/div>\n\t\t\t\t<\/div>\n\t\t\t\t<\/div>\n\t\t\t\t<\/div>\n\t\t<div class=\"elementor-element elementor-element-a122c9a e-con-full e-flex e-con e-child\" data-id=\"a122c9a\" data-element_type=\"container\" data-e-type=\"container\" data-settings=\"{&quot;jet_parallax_layout_list&quot;:[]}\">\n\t\t<div class=\"elementor-element elementor-element-728bb64 e-con-full e-flex e-con e-child\" data-id=\"728bb64\" data-element_type=\"container\" data-e-type=\"container\" data-settings=\"{&quot;jet_parallax_layout_list&quot;:[]}\">\n\t\t\t\t<div class=\"elementor-element elementor-element-156aef8 elementor-widget elementor-widget-text-editor\" data-id=\"156aef8\" data-element_type=\"widget\" data-e-type=\"widget\" data-widget_type=\"text-editor.default\">\n\t\t\t\t<div class=\"elementor-widget-container\">\n\t\t\t\t\t\t\t\t\t<p>Ez\u00e9rt munkat\u00e1rsainkkal k\u00f6z\u00f6sen szem\u00e9tszed\u0151 akci\u00f3ba fogtunk a k\u00f6zeli erd\u0151ben. Egy kellemes, napf\u00e9nyes d\u00e9lut\u00e1non egy\u00fctt indultunk \u00fatnak, hogy megtiszt\u00edtsuk a term\u00e9szetet az oda nem ill\u0151 hullad\u00e9kt\u00f3l. Az akci\u00f3 nemcsak a k\u00f6rnyezetnek tett j\u00f3t, hanem sz\u00e1munkra is felemel\u0151 \u00e9lm\u00e9ny volt: j\u00f3 hangulatban, \u00f6sszefogva dolgoztunk, \u00e9s k\u00f6zben sokat besz\u00e9lgett\u00fcnk, nevett\u00fcnk, jobban megismert\u00fck egym\u00e1st.<\/p>\t\t\t\t\t\t\t\t<\/div>\n\t\t\t\t<\/div>\n\t\t\t\t<\/div>\n\t\t<div class=\"elementor-element elementor-element-ef77331 e-con-full e-flex e-con e-child\" data-id=\"ef77331\" data-element_type=\"container\" data-e-type=\"container\" data-settings=\"{&quot;jet_parallax_layout_list&quot;:[]}\">\n\t\t\t\t<div class=\"elementor-element elementor-element-6df40d2 elementor-widget elementor-widget-image\" data-id=\"6df40d2\" data-element_type=\"widget\" data-e-type=\"widget\" data-widget_type=\"image.default\">\n\t\t\t\t<div class=\"elementor-widget-container\">\n\t\t\t\t\t\t\t\t\t\t\t\t\t\t\t<img decoding=\"async\" width=\"1536\" height=\"1103\" src=\"https:\/\/test.kartonpack.hu\/wp-content\/uploads\/2025\/09\/720c9d23-a028-40f6-ac1e-b4f4e8ed643f-e1758713015919.jpg\" class=\"attachment-full size-full wp-image-5986\" alt=\"\" srcset=\"https:\/\/test.kartonpack.hu\/wp-content\/uploads\/2025\/09\/720c9d23-a028-40f6-ac1e-b4f4e8ed643f-e1758713015919.jpg 1536w, https:\/\/test.kartonpack.hu\/wp-content\/uploads\/2025\/09\/720c9d23-a028-40f6-ac1e-b4f4e8ed643f-e1758713015919-300x215.jpg 300w, https:\/\/test.kartonpack.hu\/wp-content\/uploads\/2025\/09\/720c9d23-a028-40f6-ac1e-b4f4e8ed643f-e1758713015919-1024x735.jpg 1024w, https:\/\/test.kartonpack.hu\/wp-content\/uploads\/2025\/09\/720c9d23-a028-40f6-ac1e-b4f4e8ed643f-e1758713015919-768x552.jpg 768w, https:\/\/test.kartonpack.hu\/wp-content\/uploads\/2025\/09\/720c9d23-a028-40f6-ac1e-b4f4e8ed643f-e1758713015919-18x12.jpg 18w\" sizes=\"(max-width: 1536px) 100vw, 1536px\" \/>\t\t\t\t\t\t\t\t\t\t\t\t\t\t\t<\/div>\n\t\t\t\t<\/div>\n\t\t\t\t<\/div>\n\t\t\t\t<\/div>\n\t\t<div class=\"elementor-element elementor-element-39ae01c e-con-full e-flex e-con e-child\" data-id=\"39ae01c\" data-element_type=\"container\" data-e-type=\"container\" data-settings=\"{&quot;jet_parallax_layout_list&quot;:[]}\">\n\t\t<div class=\"elementor-element elementor-element-6786bbd e-con-full e-flex e-con e-child\" data-id=\"6786bbd\" data-element_type=\"container\" data-e-type=\"container\" data-settings=\"{&quot;jet_parallax_layout_list&quot;:[]}\">\n\t\t\t\t<div class=\"elementor-element elementor-element-3d9318c elementor-widget elementor-widget-text-editor\" data-id=\"3d9318c\" data-element_type=\"widget\" data-e-type=\"widget\" data-widget_type=\"text-editor.default\">\n\t\t\t\t<div class=\"elementor-widget-container\">\n\t\t\t\t\t\t\t\t\t<p>\u00dagy \u00e9rezz\u00fck, hogy ez a kezdem\u00e9nyez\u00e9s t\u00f6k\u00e9letesen megmutatta, milyen sokat jelent, ha egy k\u00f6z\u00f6ss\u00e9g k\u00f6z\u00f6s c\u00e9llal, egym\u00e1st t\u00e1mogatva l\u00e9p fel egy \u00fcgy \u00e9rdek\u00e9ben. B\u00fcszk\u00e9k vagyunk arra, hogy munkat\u00e1rsaink nyitottak a k\u00f6rnyezetv\u00e9delemre, \u00e9s \u00f6r\u00f6m sz\u00e1munkra, hogy a csapat\u00e9p\u00edt\u0151 program egyben k\u00e9zzelfoghat\u00f3 eredm\u00e9nyt is hozott: egy tiszt\u00e1bb, \u00e9lhet\u0151bb erd\u0151t.<\/p>\t\t\t\t\t\t\t\t<\/div>\n\t\t\t\t<\/div>\n\t\t\t\t<\/div>\n\t\t\t\t<\/div>\n\t\t<div class=\"elementor-element elementor-element-0b0cdc2 e-con-full e-flex e-con e-child\" data-id=\"0b0cdc2\" data-element_type=\"container\" data-e-type=\"container\" data-settings=\"{&quot;jet_parallax_layout_list&quot;:[]}\">\n\t\t<div class=\"elementor-element elementor-element-21a0d3e e-con-full e-flex e-con e-child\" data-id=\"21a0d3e\" data-element_type=\"container\" data-e-type=\"container\" data-settings=\"{&quot;jet_parallax_layout_list&quot;:[]}\">\n\t\t\t\t<div class=\"elementor-element elementor-element-9feb316 elementor-widget elementor-widget-text-editor\" data-id=\"9feb316\" data-element_type=\"widget\" data-e-type=\"widget\" data-widget_type=\"text-editor.default\">\n\t\t\t\t<div class=\"elementor-widget-container\">\n\t\t\t\t\t\t\t\t\t<p>A j\u00f6v\u0151ben is szeretn\u00e9nk hasonl\u00f3 akci\u00f3kat szervezni, hiszen hisz\u00fcnk abban, hogy minden apr\u00f3 l\u00e9p\u00e9s sz\u00e1m\u00edt. A fenntarthat\u00f3 j\u00f6v\u0151 nemcsak a csomagol\u00f3anyagokr\u00f3l sz\u00f3l, hanem arr\u00f3l is, hogy k\u00f6z\u00f6sen vigy\u00e1zunk a vil\u00e1gra, amelyben \u00e9l\u00fcnk.<\/p>\t\t\t\t\t\t\t\t<\/div>\n\t\t\t\t<\/div>\n\t\t\t\t<\/div>\n\t\t<div class=\"elementor-element elementor-element-a05a603 e-con-full e-flex e-con e-child\" data-id=\"a05a603\" data-element_type=\"container\" data-e-type=\"container\" data-settings=\"{&quot;jet_parallax_layout_list&quot;:[]}\">\n\t\t\t\t<div class=\"elementor-element elementor-element-889d5d6 elementor-widget elementor-widget-image\" data-id=\"889d5d6\" data-element_type=\"widget\" data-e-type=\"widget\" data-widget_type=\"image.default\">\n\t\t\t\t<div class=\"elementor-widget-container\">\n\t\t\t\t\t\t\t\t\t\t\t\t\t\t\t<img decoding=\"async\" width=\"1280\" height=\"691\" src=\"https:\/\/test.kartonpack.hu\/wp-content\/uploads\/2025\/09\/pexels-catscoming-421999.jpg\" class=\"attachment-full size-full wp-image-6002\" alt=\"\" srcset=\"https:\/\/test.kartonpack.hu\/wp-content\/uploads\/2025\/09\/pexels-catscoming-421999.jpg 1280w, https:\/\/test.kartonpack.hu\/wp-content\/uploads\/2025\/09\/pexels-catscoming-421999-300x162.jpg 300w, https:\/\/test.kartonpack.hu\/wp-content\/uploads\/2025\/09\/pexels-catscoming-421999-1024x553.jpg 1024w, https:\/\/test.kartonpack.hu\/wp-content\/uploads\/2025\/09\/pexels-catscoming-421999-768x415.jpg 768w, https:\/\/test.kartonpack.hu\/wp-content\/uploads\/2025\/09\/pexels-catscoming-421999-18x10.jpg 18w\" sizes=\"(max-width: 1280px) 100vw, 1280px\" \/>\t\t\t\t\t\t\t\t\t\t\t\t\t\t\t<\/div>\n\t\t\t\t<\/div>\n\t\t\t\t<\/div>\n\t\t\t\t<\/div>\n\t\t\t\t\t<\/div>\n\t\t\t\t<\/div>\n\t\t\t\t<\/div>\n\t\t","protected":false},"excerpt":{"rendered":"<p>A Color Packn\u00e1l hisz\u00fcnk abban, hogy a fenntarthat\u00f3s\u00e1g nem csup\u00e1n a gy\u00e1rt\u00e1si folyamatainkban kezd\u0151dik, hanem a mindennapi \u00e9let\u00fcnk r\u00e9sze kell, hogy legyen. Mivel c\u00e9g\u00fcnk alapfiloz\u00f3fi\u00e1ja a k\u00f6rnyezet tudatos megk\u00f6zel\u00edt\u00e9sre \u00e9p\u00fcl, fontosnak tartjuk, hogy ne csak pap\u00edr alap\u00fa, k\u00f6rnyezetbar\u00e1t csomagol\u00f3anyagokat k\u00edn\u00e1ljunk partnereinknek, hanem akt\u00edvan tegy\u00fcnk is a term\u00e9szet v\u00e9delm\u00e9\u00e9rt. Ez\u00e9rt munkat\u00e1rsainkkal k\u00f6z\u00f6sen szem\u00e9tszed\u0151 akci\u00f3ba fogtunk a [&hellip;]<\/p>\n","protected":false},"author":2,"featured_media":6002,"comment_status":"closed","ping_status":"closed","sticky":false,"template":"","format":"standard","meta":{"footnotes":""},"categories":[35],"tags":[],"class_list":["post-5950","post","type-post","status-publish","format-standard","has-post-thumbnail","hentry","category-hireink"],"yoast_head":"<!-- This site is optimized with the Yoast SEO Premium plugin v28.3 (Yoast SEO v28.3) - https:\/\/yoast.com\/product\/yoast-seo-premium-wordpress\/ -->\n<title>K\u00f6z\u00f6sen a tiszt\u00e1bb k\u00f6rnyezet\u00e9rt \u2013 szem\u00e9tszed\u0151 akci\u00f3nk a k\u00f6zeli erd\u0151ben - Kartonpack<\/title>\n<meta name=\"robots\" content=\"index, follow, max-snippet:-1, max-image-preview:large, max-video-preview:-1\" \/>\n<link rel=\"canonical\" href=\"https:\/\/test.kartonpack.hu\/?p=5950\" \/>\n<meta property=\"og:locale\" content=\"hu_HU\" \/>\n<meta property=\"og:type\" content=\"article\" \/>\n<meta property=\"og:title\" content=\"K\u00f6z\u00f6sen a tiszt\u00e1bb k\u00f6rnyezet\u00e9rt \u2013 szem\u00e9tszed\u0151 akci\u00f3nk a k\u00f6zeli erd\u0151ben\" \/>\n<meta property=\"og:description\" content=\"A Color Packn\u00e1l hisz\u00fcnk abban, hogy a fenntarthat\u00f3s\u00e1g nem csup\u00e1n a gy\u00e1rt\u00e1si folyamatainkban kezd\u0151dik, hanem a mindennapi \u00e9let\u00fcnk r\u00e9sze kell, hogy legyen. Mivel c\u00e9g\u00fcnk alapfiloz\u00f3fi\u00e1ja a k\u00f6rnyezet tudatos megk\u00f6zel\u00edt\u00e9sre \u00e9p\u00fcl, fontosnak tartjuk, hogy ne csak pap\u00edr alap\u00fa, k\u00f6rnyezetbar\u00e1t csomagol\u00f3anyagokat k\u00edn\u00e1ljunk partnereinknek, hanem akt\u00edvan tegy\u00fcnk is a term\u00e9szet v\u00e9delm\u00e9\u00e9rt. Ez\u00e9rt munkat\u00e1rsainkkal k\u00f6z\u00f6sen szem\u00e9tszed\u0151 akci\u00f3ba fogtunk a [&hellip;]\" \/>\n<meta property=\"og:url\" content=\"https:\/\/test.kartonpack.hu\/?p=5950\" \/>\n<meta property=\"og:site_name\" content=\"Kartonpack\" \/>\n<meta property=\"article:publisher\" content=\"https:\/\/www.facebook.com\/profile.php?id=100063640926339\" \/>\n<meta property=\"article:published_time\" content=\"2025-03-01T11:25:43+00:00\" \/>\n<meta property=\"article:modified_time\" content=\"2025-09-24T11:29:57+00:00\" \/>\n<meta property=\"og:image\" content=\"https:\/\/test.kartonpack.hu\/wp-content\/uploads\/2025\/09\/pexels-catscoming-421999.jpg\" \/>\n\t<meta property=\"og:image:width\" content=\"1280\" \/>\n\t<meta property=\"og:image:height\" content=\"691\" \/>\n\t<meta property=\"og:image:type\" content=\"image\/jpeg\" \/>\n<meta name=\"author\" content=\"Barna Gergely\" \/>\n<meta name=\"twitter:card\" content=\"summary_large_image\" \/>\n<meta name=\"twitter:label1\" content=\"Szerz\u0151:\" \/>\n\t<meta name=\"twitter:data1\" content=\"Barna Gergely\" \/>\n\t<meta name=\"twitter:label2\" content=\"Becs\u00fclt olvas\u00e1si id\u0151\" \/>\n\t<meta name=\"twitter:data2\" content=\"1 perc\" \/>\n<script type=\"application\/ld+json\" class=\"yoast-schema-graph\">{\"@context\":\"https:\\\/\\\/schema.org\",\"@graph\":[{\"@type\":\"Article\",\"@id\":\"https:\\\/\\\/test.kartonpack.hu\\\/?p=5950#article\",\"isPartOf\":{\"@id\":\"https:\\\/\\\/test.kartonpack.hu\\\/?p=5950\"},\"author\":{\"name\":\"Barna Gergely\",\"@id\":\"https:\\\/\\\/test.kartonpack.hu\\\/#\\\/schema\\\/person\\\/228a55ed9bb92c0bae2e7a97a835ffad\"},\"headline\":\"K\u00f6z\u00f6sen a tiszt\u00e1bb k\u00f6rnyezet\u00e9rt \u2013 szem\u00e9tszed\u0151 akci\u00f3nk a k\u00f6zeli erd\u0151ben\",\"datePublished\":\"2025-03-01T11:25:43+00:00\",\"dateModified\":\"2025-09-24T11:29:57+00:00\",\"mainEntityOfPage\":{\"@id\":\"https:\\\/\\\/test.kartonpack.hu\\\/?p=5950\"},\"wordCount\":299,\"publisher\":{\"@id\":\"https:\\\/\\\/test.kartonpack.hu\\\/#organization\"},\"image\":{\"@id\":\"https:\\\/\\\/test.kartonpack.hu\\\/?p=5950#primaryimage\"},\"thumbnailUrl\":\"https:\\\/\\\/test.kartonpack.hu\\\/wp-content\\\/uploads\\\/2025\\\/09\\\/pexels-catscoming-421999.jpg\",\"articleSection\":[\"H\u00edr\"],\"inLanguage\":\"hu\"},{\"@type\":\"WebPage\",\"@id\":\"https:\\\/\\\/test.kartonpack.hu\\\/?p=5950\",\"url\":\"https:\\\/\\\/test.kartonpack.hu\\\/?p=5950\",\"name\":\"K\u00f6z\u00f6sen a tiszt\u00e1bb k\u00f6rnyezet\u00e9rt \u2013 szem\u00e9tszed\u0151 akci\u00f3nk a k\u00f6zeli erd\u0151ben - Kartonpack\",\"isPartOf\":{\"@id\":\"https:\\\/\\\/test.kartonpack.hu\\\/#website\"},\"primaryImageOfPage\":{\"@id\":\"https:\\\/\\\/test.kartonpack.hu\\\/?p=5950#primaryimage\"},\"image\":{\"@id\":\"https:\\\/\\\/test.kartonpack.hu\\\/?p=5950#primaryimage\"},\"thumbnailUrl\":\"https:\\\/\\\/test.kartonpack.hu\\\/wp-content\\\/uploads\\\/2025\\\/09\\\/pexels-catscoming-421999.jpg\",\"datePublished\":\"2025-03-01T11:25:43+00:00\",\"dateModified\":\"2025-09-24T11:29:57+00:00\",\"breadcrumb\":{\"@id\":\"https:\\\/\\\/test.kartonpack.hu\\\/?p=5950#breadcrumb\"},\"inLanguage\":\"hu\",\"potentialAction\":[{\"@type\":\"ReadAction\",\"target\":[\"https:\\\/\\\/test.kartonpack.hu\\\/?p=5950\"]}]},{\"@type\":\"ImageObject\",\"inLanguage\":\"hu\",\"@id\":\"https:\\\/\\\/test.kartonpack.hu\\\/?p=5950#primaryimage\",\"url\":\"https:\\\/\\\/test.kartonpack.hu\\\/wp-content\\\/uploads\\\/2025\\\/09\\\/pexels-catscoming-421999.jpg\",\"contentUrl\":\"https:\\\/\\\/test.kartonpack.hu\\\/wp-content\\\/uploads\\\/2025\\\/09\\\/pexels-catscoming-421999.jpg\",\"width\":1280,\"height\":691},{\"@type\":\"BreadcrumbList\",\"@id\":\"https:\\\/\\\/test.kartonpack.hu\\\/?p=5950#breadcrumb\",\"itemListElement\":[{\"@type\":\"ListItem\",\"position\":1,\"name\":\"Kezd\u0151lap\",\"item\":\"https:\\\/\\\/test.kartonpack.hu\\\/\"},{\"@type\":\"ListItem\",\"position\":2,\"name\":\"K\u00f6z\u00f6sen a tiszt\u00e1bb k\u00f6rnyezet\u00e9rt \u2013 szem\u00e9tszed\u0151 akci\u00f3nk a k\u00f6zeli erd\u0151ben\"}]},{\"@type\":\"WebSite\",\"@id\":\"https:\\\/\\\/test.kartonpack.hu\\\/#website\",\"url\":\"https:\\\/\\\/test.kartonpack.hu\\\/\",\"name\":\"Color Pack\",\"description\":\"Dobozipari Z\u00e1rtk\u00f6r\u0171en M\u0171k\u00f6d\u0151 R\u00e9szv\u00e9nyt\u00e1rsas\u00e1g\",\"publisher\":{\"@id\":\"https:\\\/\\\/test.kartonpack.hu\\\/#organization\"},\"potentialAction\":[{\"@type\":\"SearchAction\",\"target\":{\"@type\":\"EntryPoint\",\"urlTemplate\":\"https:\\\/\\\/test.kartonpack.hu\\\/?s={search_term_string}\"},\"query-input\":{\"@type\":\"PropertyValueSpecification\",\"valueRequired\":true,\"valueName\":\"search_term_string\"}}],\"inLanguage\":\"hu\"},{\"@type\":\"Organization\",\"@id\":\"https:\\\/\\\/test.kartonpack.hu\\\/#organization\",\"name\":\"Color Pack Nyomdaipari \u00e9s Csomagol\u00f3anyag Gy\u00e1rt\u00f3 Zrt.\",\"url\":\"https:\\\/\\\/test.kartonpack.hu\\\/\",\"logo\":{\"@type\":\"ImageObject\",\"inLanguage\":\"hu\",\"@id\":\"https:\\\/\\\/test.kartonpack.hu\\\/#\\\/schema\\\/logo\\\/image\\\/\",\"url\":\"https:\\\/\\\/test.kartonpack.hu\\\/wp-content\\\/uploads\\\/2026\\\/08\\\/kartonpack_logo-yellow.svg\",\"contentUrl\":\"https:\\\/\\\/test.kartonpack.hu\\\/wp-content\\\/uploads\\\/2026\\\/08\\\/kartonpack_logo-yellow.svg\",\"width\":418.80000000000001136868377216160297393798828125,\"height\":50.89999999999999857891452847979962825775146484375,\"caption\":\"Color Pack Nyomdaipari \u00e9s Csomagol\u00f3anyag Gy\u00e1rt\u00f3 Zrt.\"},\"image\":{\"@id\":\"https:\\\/\\\/test.kartonpack.hu\\\/#\\\/schema\\\/logo\\\/image\\\/\"},\"sameAs\":[\"https:\\\/\\\/www.facebook.com\\\/profile.php?id=100063640926339\",\"https:\\\/\\\/www.linkedin.com\\\/company\\\/color-pack-co-\\\/\"],\"description\":\"A Color Pack Zrt. vil\u00e1gsz\u00ednvonal\u00fa nyomdai \u00e9s csomagol\u00f3ipari tervez\u0151 \u00e9s kivitelez\u0151i sszolg\u00e1ltat\u00e1s\u00e1t a magasan k\u00e9pzett szakembereink \u00e9s korszer\u0171 m\u0171szaki h\u00e1tter\u00fcnk teszi lehet\u0151v\u00e9. Elk\u00f6telezettek vagyunk amellett, hogy folyamatosan l\u00e9p\u00e9st tartsunk a fejl\u0151d\u00e9ssel, meg\u00fajuljunk, \u00e9s \u00e9len j\u00e1rjunk az \u00faj technol\u00f3gi\u00e1k, term\u00e9kek \u00e9s szolg\u00e1ltat\u00e1sok bevezet\u00e9s\u00e9ben \u2013 mindig partnereink ig\u00e9nyeihez igazodva.\",\"email\":\"info@test.kartonpack.hu\",\"telephone\":\"+36 (42) 433-845\",\"legalName\":\"Color Pack Zrt.\",\"foundingDate\":\"1990-12-18\",\"taxID\":\"10470222-2-15\",\"numberOfEmployees\":{\"@type\":\"QuantitativeValue\",\"minValue\":\"51\",\"maxValue\":\"200\"}},{\"@type\":\"Person\",\"@id\":\"https:\\\/\\\/test.kartonpack.hu\\\/#\\\/schema\\\/person\\\/228a55ed9bb92c0bae2e7a97a835ffad\",\"name\":\"Barna Gergely\",\"image\":{\"@type\":\"ImageObject\",\"inLanguage\":\"hu\",\"@id\":\"https:\\\/\\\/secure.gravatar.com\\\/avatar\\\/96e5d6f2c4b9b3646689c3adbbb2ebd98a2a9f181a2aa78230b269c350e79595?s=96&d=mm&r=g\",\"url\":\"https:\\\/\\\/secure.gravatar.com\\\/avatar\\\/96e5d6f2c4b9b3646689c3adbbb2ebd98a2a9f181a2aa78230b269c350e79595?s=96&d=mm&r=g\",\"contentUrl\":\"https:\\\/\\\/secure.gravatar.com\\\/avatar\\\/96e5d6f2c4b9b3646689c3adbbb2ebd98a2a9f181a2aa78230b269c350e79595?s=96&d=mm&r=g\",\"caption\":\"Barna Gergely\"}}]}<\/script>\n<!-- \/ Yoast SEO Premium plugin. -->","yoast_head_json":{"title":"K\u00f6z\u00f6sen a tiszt\u00e1bb k\u00f6rnyezet\u00e9rt \u2013 szem\u00e9tszed\u0151 akci\u00f3nk a k\u00f6zeli erd\u0151ben - Kartonpack","robots":{"index":"index","follow":"follow","max-snippet":"max-snippet:-1","max-image-preview":"max-image-preview:large","max-video-preview":"max-video-preview:-1"},"canonical":"https:\/\/test.kartonpack.hu\/?p=5950","og_locale":"hu_HU","og_type":"article","og_title":"K\u00f6z\u00f6sen a tiszt\u00e1bb k\u00f6rnyezet\u00e9rt \u2013 szem\u00e9tszed\u0151 akci\u00f3nk a k\u00f6zeli erd\u0151ben","og_description":"A Color Packn\u00e1l hisz\u00fcnk abban, hogy a fenntarthat\u00f3s\u00e1g nem csup\u00e1n a gy\u00e1rt\u00e1si folyamatainkban kezd\u0151dik, hanem a mindennapi \u00e9let\u00fcnk r\u00e9sze kell, hogy legyen. Mivel c\u00e9g\u00fcnk alapfiloz\u00f3fi\u00e1ja a k\u00f6rnyezet tudatos megk\u00f6zel\u00edt\u00e9sre \u00e9p\u00fcl, fontosnak tartjuk, hogy ne csak pap\u00edr alap\u00fa, k\u00f6rnyezetbar\u00e1t csomagol\u00f3anyagokat k\u00edn\u00e1ljunk partnereinknek, hanem akt\u00edvan tegy\u00fcnk is a term\u00e9szet v\u00e9delm\u00e9\u00e9rt. Ez\u00e9rt munkat\u00e1rsainkkal k\u00f6z\u00f6sen szem\u00e9tszed\u0151 akci\u00f3ba fogtunk a [&hellip;]","og_url":"https:\/\/test.kartonpack.hu\/?p=5950","og_site_name":"Kartonpack","article_publisher":"https:\/\/www.facebook.com\/profile.php?id=100063640926339","article_published_time":"2025-03-01T11:25:43+00:00","article_modified_time":"2025-09-24T11:29:57+00:00","og_image":[{"width":1280,"height":691,"url":"https:\/\/test.kartonpack.hu\/wp-content\/uploads\/2025\/09\/pexels-catscoming-421999.jpg","type":"image\/jpeg"}],"author":"Barna Gergely","twitter_card":"summary_large_image","twitter_misc":{"Szerz\u0151:":"Barna Gergely","Becs\u00fclt olvas\u00e1si id\u0151":"1 perc"},"schema":{"@context":"https:\/\/schema.org","@graph":[{"@type":"Article","@id":"https:\/\/test.kartonpack.hu\/?p=5950#article","isPartOf":{"@id":"https:\/\/test.kartonpack.hu\/?p=5950"},"author":{"name":"Barna Gergely","@id":"https:\/\/test.kartonpack.hu\/#\/schema\/person\/228a55ed9bb92c0bae2e7a97a835ffad"},"headline":"K\u00f6z\u00f6sen a tiszt\u00e1bb k\u00f6rnyezet\u00e9rt \u2013 szem\u00e9tszed\u0151 akci\u00f3nk a k\u00f6zeli erd\u0151ben","datePublished":"2025-03-01T11:25:43+00:00","dateModified":"2025-09-24T11:29:57+00:00","mainEntityOfPage":{"@id":"https:\/\/test.kartonpack.hu\/?p=5950"},"wordCount":299,"publisher":{"@id":"https:\/\/test.kartonpack.hu\/#organization"},"image":{"@id":"https:\/\/test.kartonpack.hu\/?p=5950#primaryimage"},"thumbnailUrl":"https:\/\/test.kartonpack.hu\/wp-content\/uploads\/2025\/09\/pexels-catscoming-421999.jpg","articleSection":["H\u00edr"],"inLanguage":"hu"},{"@type":"WebPage","@id":"https:\/\/test.kartonpack.hu\/?p=5950","url":"https:\/\/test.kartonpack.hu\/?p=5950","name":"K\u00f6z\u00f6sen a tiszt\u00e1bb k\u00f6rnyezet\u00e9rt \u2013 szem\u00e9tszed\u0151 akci\u00f3nk a k\u00f6zeli erd\u0151ben - Kartonpack","isPartOf":{"@id":"https:\/\/test.kartonpack.hu\/#website"},"primaryImageOfPage":{"@id":"https:\/\/test.kartonpack.hu\/?p=5950#primaryimage"},"image":{"@id":"https:\/\/test.kartonpack.hu\/?p=5950#primaryimage"},"thumbnailUrl":"https:\/\/test.kartonpack.hu\/wp-content\/uploads\/2025\/09\/pexels-catscoming-421999.jpg","datePublished":"2025-03-01T11:25:43+00:00","dateModified":"2025-09-24T11:29:57+00:00","breadcrumb":{"@id":"https:\/\/test.kartonpack.hu\/?p=5950#breadcrumb"},"inLanguage":"hu","potentialAction":[{"@type":"ReadAction","target":["https:\/\/test.kartonpack.hu\/?p=5950"]}]},{"@type":"ImageObject","inLanguage":"hu","@id":"https:\/\/test.kartonpack.hu\/?p=5950#primaryimage","url":"https:\/\/test.kartonpack.hu\/wp-content\/uploads\/2025\/09\/pexels-catscoming-421999.jpg","contentUrl":"https:\/\/test.kartonpack.hu\/wp-content\/uploads\/2025\/09\/pexels-catscoming-421999.jpg","width":1280,"height":691},{"@type":"BreadcrumbList","@id":"https:\/\/test.kartonpack.hu\/?p=5950#breadcrumb","itemListElement":[{"@type":"ListItem","position":1,"name":"Kezd\u0151lap","item":"https:\/\/test.kartonpack.hu\/"},{"@type":"ListItem","position":2,"name":"K\u00f6z\u00f6sen a tiszt\u00e1bb k\u00f6rnyezet\u00e9rt \u2013 szem\u00e9tszed\u0151 akci\u00f3nk a k\u00f6zeli erd\u0151ben"}]},{"@type":"WebSite","@id":"https:\/\/test.kartonpack.hu\/#website","url":"https:\/\/test.kartonpack.hu\/","name":"Color Pack","description":"Dobozipari Z\u00e1rtk\u00f6r\u0171en M\u0171k\u00f6d\u0151 R\u00e9szv\u00e9nyt\u00e1rsas\u00e1g","publisher":{"@id":"https:\/\/test.kartonpack.hu\/#organization"},"potentialAction":[{"@type":"SearchAction","target":{"@type":"EntryPoint","urlTemplate":"https:\/\/test.kartonpack.hu\/?s={search_term_string}"},"query-input":{"@type":"PropertyValueSpecification","valueRequired":true,"valueName":"search_term_string"}}],"inLanguage":"hu"},{"@type":"Organization","@id":"https:\/\/test.kartonpack.hu\/#organization","name":"Color Pack Nyomdaipari \u00e9s Csomagol\u00f3anyag Gy\u00e1rt\u00f3 Zrt.","url":"https:\/\/test.kartonpack.hu\/","logo":{"@type":"ImageObject","inLanguage":"hu","@id":"https:\/\/test.kartonpack.hu\/#\/schema\/logo\/image\/","url":"https:\/\/test.kartonpack.hu\/wp-content\/uploads\/2026\/08\/kartonpack_logo-yellow.svg","contentUrl":"https:\/\/test.kartonpack.hu\/wp-content\/uploads\/2026\/08\/kartonpack_logo-yellow.svg","width":418.80000000000001136868377216160297393798828125,"height":50.89999999999999857891452847979962825775146484375,"caption":"Color Pack Nyomdaipari \u00e9s Csomagol\u00f3anyag Gy\u00e1rt\u00f3 Zrt."},"image":{"@id":"https:\/\/test.kartonpack.hu\/#\/schema\/logo\/image\/"},"sameAs":["https:\/\/www.facebook.com\/profile.php?id=100063640926339","https:\/\/www.linkedin.com\/company\/color-pack-co-\/"],"description":"A Color Pack Zrt. vil\u00e1gsz\u00ednvonal\u00fa nyomdai \u00e9s csomagol\u00f3ipari tervez\u0151 \u00e9s kivitelez\u0151i sszolg\u00e1ltat\u00e1s\u00e1t a magasan k\u00e9pzett szakembereink \u00e9s korszer\u0171 m\u0171szaki h\u00e1tter\u00fcnk teszi lehet\u0151v\u00e9. Elk\u00f6telezettek vagyunk amellett, hogy folyamatosan l\u00e9p\u00e9st tartsunk a fejl\u0151d\u00e9ssel, meg\u00fajuljunk, \u00e9s \u00e9len j\u00e1rjunk az \u00faj technol\u00f3gi\u00e1k, term\u00e9kek \u00e9s szolg\u00e1ltat\u00e1sok bevezet\u00e9s\u00e9ben \u2013 mindig partnereink ig\u00e9nyeihez igazodva.","email":"info@test.kartonpack.hu","telephone":"+36 (42) 433-845","legalName":"Color Pack Zrt.","foundingDate":"1990-12-18","taxID":"10470222-2-15","numberOfEmployees":{"@type":"QuantitativeValue","minValue":"51","maxValue":"200"}},{"@type":"Person","@id":"https:\/\/test.kartonpack.hu\/#\/schema\/person\/228a55ed9bb92c0bae2e7a97a835ffad","name":"Barna Gergely","image":{"@type":"ImageObject","inLanguage":"hu","@id":"https:\/\/secure.gravatar.com\/avatar\/96e5d6f2c4b9b3646689c3adbbb2ebd98a2a9f181a2aa78230b269c350e79595?s=96&d=mm&r=g","url":"https:\/\/secure.gravatar.com\/avatar\/96e5d6f2c4b9b3646689c3adbbb2ebd98a2a9f181a2aa78230b269c350e79595?s=96&d=mm&r=g","contentUrl":"https:\/\/secure.gravatar.com\/avatar\/96e5d6f2c4b9b3646689c3adbbb2ebd98a2a9f181a2aa78230b269c350e79595?s=96&d=mm&r=g","caption":"Barna Gergely"}}]}},"views":252,"_links":{"self":[{"href":"https:\/\/test.kartonpack.hu\/index.php?rest_route=\/wp\/v2\/posts\/5950","targetHints":{"allow":["GET"]}}],"collection":[{"href":"https:\/\/test.kartonpack.hu\/index.php?rest_route=\/wp\/v2\/posts"}],"about":[{"href":"https:\/\/test.kartonpack.hu\/index.php?rest_route=\/wp\/v2\/types\/post"}],"author":[{"embeddable":true,"href":"https:\/\/test.kartonpack.hu\/index.php?rest_route=\/wp\/v2\/users\/2"}],"replies":[{"embeddable":true,"href":"https:\/\/test.kartonpack.hu\/index.php?rest_route=%2Fwp%2Fv2%2Fcomments&post=5950"}],"version-history":[{"count":9,"href":"https:\/\/test.kartonpack.hu\/index.php?rest_route=\/wp\/v2\/posts\/5950\/revisions"}],"predecessor-version":[{"id":6010,"href":"https:\/\/test.kartonpack.hu\/index.php?rest_route=\/wp\/v2\/posts\/5950\/revisions\/6010"}],"wp:featuredmedia":[{"embeddable":true,"href":"https:\/\/test.kartonpack.hu\/index.php?rest_route=\/wp\/v2\/media\/6002"}],"wp:attachment":[{"href":"https:\/\/test.kartonpack.hu\/index.php?rest_route=%2Fwp%2Fv2%2Fmedia&parent=5950"}],"wp:term":[{"taxonomy":"category","embeddable":true,"href":"https:\/\/test.kartonpack.hu\/index.php?rest_route=%2Fwp%2Fv2%2Fcategories&post=5950"},{"taxonomy":"post_tag","embeddable":true,"href":"https:\/\/test.kartonpack.hu\/index.php?rest_route=%2Fwp%2Fv2%2Ftags&post=5950"}],"curies":[{"name":"wp","href":"https:\/\/api.w.org\/{rel}","templated":true}]}}