{"id":2604,"date":"2025-02-02T10:35:00","date_gmt":"2025-02-02T10:35:00","guid":{"rendered":"https:\/\/colorpack.webforyou.dev\/?p=2604"},"modified":"2025-09-23T12:43:56","modified_gmt":"2025-09-23T12:43:56","slug":"a-magyarorszagi-csomagoloanyagok-piacanak-egyik-kozponti-szereplojeve-valtak","status":"publish","type":"post","link":"https:\/\/test.kartonpack.hu\/?p=2604","title":{"rendered":"\u201eA magyarorsz\u00e1gi csomagol\u00f3anyagok piac\u00e1nak egyik k\u00f6zponti szerepl\u0151j\u00e9v\u00e9 v\u00e1ltak\u201d"},"content":{"rendered":"\r\n<p class=\"wp-block-paragraph\">Az RDM Group \u00e9s a Color Pack Zrt. m\u00e1ra m\u00e1r szem\u00e9lyess\u00e9 \u00e9s k\u00f6zvetlenn\u00e9 v\u00e1lt kapcsolata kezdetben k\u00f6zvetett volt, mivel a v\u00e1llalat \u2013 kisebb mennyis\u00e9g rendel\u00e9sekor &#8211; eleinte nagykeresked\u0151 c\u00e9geken kereszt\u00fcl szerezte be alapanyagainkat. Zsukk L\u00e1szl\u00f3 megkeres\u00e9se kapcs\u00e1n 2018-ban tal\u00e1lkoztunk el\u0151sz\u00f6r a Color Pack Zrt. tulajdonos\u00e1val, akinek ambici\u00f3zuss\u00e1ga keltette fel figyelm\u00fcnket: a c\u00edmkenyomtat\u00e1s mellett a csomagol\u00e1si piacon is jelen akart lenni term\u00e9keivel. 2019 \u00f3ta alakult ki a k\u00f6zvetlen \u00fczleti kapcsolat a k\u00e9t c\u00e9g k\u00f6z\u00f6tt, mi\u00f3ta nagyobb t\u00e9telben is v\u00e1s\u00e1rolnak c\u00e9ljaik el\u00e9r\u00e9se \u00e9rdek\u00e9ben, melyeket az \u00e9vek sor\u00e1n sikeresen teljes\u00edtettek is, \u00e9s a magyarorsz\u00e1gi csomagol\u00f3anyagok piac\u00e1nak egyik k\u00f6zponti szerepl\u0151j\u00e9v\u00e9 v\u00e1ltak. A Color Pack Zrt. siker\u00e9nek k\u00f6sz\u00f6nhet\u0151en az RDM C\u00e9gcsoport jelent\u0151s mennyis\u00e9g\u0171 karton alapanyagot sz\u00e1ll\u00edt a v\u00e1llalatnak.<\/p>\r\n\r\n\r\n\r\n<p class=\"wp-block-paragraph\"><br \/>Az RDM Group \u00e9s a Color Pack Zrt. kapcsolata a k\u00f6zvetlen egy\u00fcttm\u0171k\u00f6d\u00e9ssel, a partners\u00e9gi alapon megkezdett t\u00e1rgyal\u00e1sokkal indult, alakult ki \u00e9s mai napig er\u0151sebb\u00e9 v\u00e1lik. Az RDM Group kezdett\u0151l fogva min\u0151s\u00e9gi term\u00e9kek sz\u00e1ll\u00edt\u00e1s\u00e1val, illetve magas sz\u00ednvonal\u00fa szolg\u00e1ltat\u00e1st k\u00edn\u00e1lva t\u00e1mogatta a Color Pack Zrt. c\u00e9ljait, tev\u00e9kenys\u00e9g\u00e9t, mivel l\u00e1ttuk: a c\u00e9gnek vil\u00e1gos strat\u00e9gi\u00e1ja van; kell\u0151 hat\u00e1rozotts\u00e1ggal, rugalmass\u00e1ggal, higgadts\u00e1ggal \u00e9s pozit\u00edv megk\u00f6zel\u00edt\u00e9ssel kezelik a felmer\u00fcl\u0151 feladatokat.<\/p>\r\n\r\n\r\n\r\n<p class=\"wp-block-paragraph\">\u2013 Mauterer Ilona, RDM Group<\/p>\r\n","protected":false},"excerpt":{"rendered":"<p>Az RDM Group \u00e9s a Color Pack Zrt. m\u00e1ra m\u00e1r szem\u00e9lyess\u00e9 \u00e9s k\u00f6zvetlenn\u00e9 v\u00e1lt kapcsolata kezdetben k\u00f6zvetett volt, mivel a v\u00e1llalat \u2013 kisebb mennyis\u00e9g rendel\u00e9sekor &#8211; eleinte nagykeresked\u0151 c\u00e9geken kereszt\u00fcl szerezte be alapanyagainkat.<\/p>\n","protected":false},"author":1,"featured_media":4260,"comment_status":"closed","ping_status":"closed","sticky":false,"template":"","format":"standard","meta":{"footnotes":""},"categories":[45],"tags":[37],"class_list":["post-2604","post","type-post","status-publish","format-standard","has-post-thumbnail","hentry","category-partnereink","tag-ajanlas"],"yoast_head":"<!-- This site is optimized with the Yoast SEO Premium plugin v28.3 (Yoast SEO v28.3) - https:\/\/yoast.com\/product\/yoast-seo-premium-wordpress\/ -->\n<title>\u201eA magyarorsz\u00e1gi csomagol\u00f3anyagok piac\u00e1nak egyik k\u00f6zponti szerepl\u0151j\u00e9v\u00e9 v\u00e1ltak\u201d - Kartonpack<\/title>\n<meta name=\"robots\" content=\"index, follow, max-snippet:-1, max-image-preview:large, max-video-preview:-1\" \/>\n<link rel=\"canonical\" href=\"https:\/\/test.kartonpack.hu\/?p=2604\" \/>\n<meta property=\"og:locale\" content=\"hu_HU\" \/>\n<meta property=\"og:type\" content=\"article\" \/>\n<meta property=\"og:title\" content=\"\u201eA magyarorsz\u00e1gi csomagol\u00f3anyagok piac\u00e1nak egyik k\u00f6zponti szerepl\u0151j\u00e9v\u00e9 v\u00e1ltak\u201d\" \/>\n<meta property=\"og:description\" content=\"Az RDM Group \u00e9s a Color Pack Zrt. m\u00e1ra m\u00e1r szem\u00e9lyess\u00e9 \u00e9s k\u00f6zvetlenn\u00e9 v\u00e1lt kapcsolata kezdetben k\u00f6zvetett volt, mivel a v\u00e1llalat \u2013 kisebb mennyis\u00e9g rendel\u00e9sekor - eleinte nagykeresked\u0151 c\u00e9geken kereszt\u00fcl szerezte be alapanyagainkat.\" \/>\n<meta property=\"og:url\" content=\"https:\/\/test.kartonpack.hu\/?p=2604\" \/>\n<meta property=\"og:site_name\" content=\"Kartonpack\" \/>\n<meta property=\"article:publisher\" content=\"https:\/\/www.facebook.com\/profile.php?id=100063640926339\" \/>\n<meta property=\"article:published_time\" content=\"2025-02-02T10:35:00+00:00\" \/>\n<meta property=\"article:modified_time\" content=\"2025-09-23T12:43:56+00:00\" \/>\n<meta property=\"og:image\" content=\"https:\/\/test.kartonpack.hu\/wp-content\/uploads\/2024\/08\/rdm_group.jpg\" \/>\n\t<meta property=\"og:image:width\" content=\"1024\" \/>\n\t<meta property=\"og:image:height\" content=\"491\" \/>\n\t<meta property=\"og:image:type\" content=\"image\/jpeg\" \/>\n<meta name=\"author\" content=\"lencse Attila\" \/>\n<meta name=\"twitter:card\" content=\"summary_large_image\" \/>\n<meta name=\"twitter:label1\" content=\"Szerz\u0151:\" \/>\n\t<meta name=\"twitter:data1\" content=\"lencse Attila\" \/>\n\t<meta name=\"twitter:label2\" content=\"Becs\u00fclt olvas\u00e1si id\u0151\" \/>\n\t<meta name=\"twitter:data2\" content=\"1 perc\" \/>\n<script type=\"application\/ld+json\" class=\"yoast-schema-graph\">{\"@context\":\"https:\\\/\\\/schema.org\",\"@graph\":[{\"@type\":\"Article\",\"@id\":\"https:\\\/\\\/test.kartonpack.hu\\\/?p=2604#article\",\"isPartOf\":{\"@id\":\"https:\\\/\\\/test.kartonpack.hu\\\/?p=2604\"},\"author\":{\"name\":\"lencse Attila\",\"@id\":\"https:\\\/\\\/test.kartonpack.hu\\\/#\\\/schema\\\/person\\\/c32d2606e48b5ff676073e75f5318e00\"},\"headline\":\"\u201eA magyarorsz\u00e1gi csomagol\u00f3anyagok piac\u00e1nak egyik k\u00f6zponti szerepl\u0151j\u00e9v\u00e9 v\u00e1ltak\u201d\",\"datePublished\":\"2025-02-02T10:35:00+00:00\",\"dateModified\":\"2025-09-23T12:43:56+00:00\",\"mainEntityOfPage\":{\"@id\":\"https:\\\/\\\/test.kartonpack.hu\\\/?p=2604\"},\"wordCount\":292,\"publisher\":{\"@id\":\"https:\\\/\\\/test.kartonpack.hu\\\/#organization\"},\"image\":{\"@id\":\"https:\\\/\\\/test.kartonpack.hu\\\/?p=2604#primaryimage\"},\"thumbnailUrl\":\"https:\\\/\\\/test.kartonpack.hu\\\/wp-content\\\/uploads\\\/2024\\\/08\\\/rdm_group.jpg\",\"keywords\":[\"Aj\u00e1nl\u00e1s (k\u00e9k slider)\"],\"articleSection\":[\"Partnereink\"],\"inLanguage\":\"hu\"},{\"@type\":\"WebPage\",\"@id\":\"https:\\\/\\\/test.kartonpack.hu\\\/?p=2604\",\"url\":\"https:\\\/\\\/test.kartonpack.hu\\\/?p=2604\",\"name\":\"\u201eA magyarorsz\u00e1gi csomagol\u00f3anyagok piac\u00e1nak egyik k\u00f6zponti szerepl\u0151j\u00e9v\u00e9 v\u00e1ltak\u201d - Kartonpack\",\"isPartOf\":{\"@id\":\"https:\\\/\\\/test.kartonpack.hu\\\/#website\"},\"primaryImageOfPage\":{\"@id\":\"https:\\\/\\\/test.kartonpack.hu\\\/?p=2604#primaryimage\"},\"image\":{\"@id\":\"https:\\\/\\\/test.kartonpack.hu\\\/?p=2604#primaryimage\"},\"thumbnailUrl\":\"https:\\\/\\\/test.kartonpack.hu\\\/wp-content\\\/uploads\\\/2024\\\/08\\\/rdm_group.jpg\",\"datePublished\":\"2025-02-02T10:35:00+00:00\",\"dateModified\":\"2025-09-23T12:43:56+00:00\",\"breadcrumb\":{\"@id\":\"https:\\\/\\\/test.kartonpack.hu\\\/?p=2604#breadcrumb\"},\"inLanguage\":\"hu\",\"potentialAction\":[{\"@type\":\"ReadAction\",\"target\":[\"https:\\\/\\\/test.kartonpack.hu\\\/?p=2604\"]}]},{\"@type\":\"ImageObject\",\"inLanguage\":\"hu\",\"@id\":\"https:\\\/\\\/test.kartonpack.hu\\\/?p=2604#primaryimage\",\"url\":\"https:\\\/\\\/test.kartonpack.hu\\\/wp-content\\\/uploads\\\/2024\\\/08\\\/rdm_group.jpg\",\"contentUrl\":\"https:\\\/\\\/test.kartonpack.hu\\\/wp-content\\\/uploads\\\/2024\\\/08\\\/rdm_group.jpg\",\"width\":1024,\"height\":491,\"caption\":\"RDM Milan OFFICE \u00a9 Vicki Couchman Photographer 07957226911 vickicouchman.com\"},{\"@type\":\"BreadcrumbList\",\"@id\":\"https:\\\/\\\/test.kartonpack.hu\\\/?p=2604#breadcrumb\",\"itemListElement\":[{\"@type\":\"ListItem\",\"position\":1,\"name\":\"Kezd\u0151lap\",\"item\":\"https:\\\/\\\/test.kartonpack.hu\\\/\"},{\"@type\":\"ListItem\",\"position\":2,\"name\":\"\u201eA magyarorsz\u00e1gi csomagol\u00f3anyagok piac\u00e1nak egyik k\u00f6zponti szerepl\u0151j\u00e9v\u00e9 v\u00e1ltak\u201d\"}]},{\"@type\":\"WebSite\",\"@id\":\"https:\\\/\\\/test.kartonpack.hu\\\/#website\",\"url\":\"https:\\\/\\\/test.kartonpack.hu\\\/\",\"name\":\"Color Pack\",\"description\":\"Dobozipari Z\u00e1rtk\u00f6r\u0171en M\u0171k\u00f6d\u0151 R\u00e9szv\u00e9nyt\u00e1rsas\u00e1g\",\"publisher\":{\"@id\":\"https:\\\/\\\/test.kartonpack.hu\\\/#organization\"},\"potentialAction\":[{\"@type\":\"SearchAction\",\"target\":{\"@type\":\"EntryPoint\",\"urlTemplate\":\"https:\\\/\\\/test.kartonpack.hu\\\/?s={search_term_string}\"},\"query-input\":{\"@type\":\"PropertyValueSpecification\",\"valueRequired\":true,\"valueName\":\"search_term_string\"}}],\"inLanguage\":\"hu\"},{\"@type\":\"Organization\",\"@id\":\"https:\\\/\\\/test.kartonpack.hu\\\/#organization\",\"name\":\"Color Pack Nyomdaipari \u00e9s Csomagol\u00f3anyag Gy\u00e1rt\u00f3 Zrt.\",\"url\":\"https:\\\/\\\/test.kartonpack.hu\\\/\",\"logo\":{\"@type\":\"ImageObject\",\"inLanguage\":\"hu\",\"@id\":\"https:\\\/\\\/test.kartonpack.hu\\\/#\\\/schema\\\/logo\\\/image\\\/\",\"url\":\"https:\\\/\\\/test.kartonpack.hu\\\/wp-content\\\/uploads\\\/2026\\\/08\\\/kartonpack_logo-yellow.svg\",\"contentUrl\":\"https:\\\/\\\/test.kartonpack.hu\\\/wp-content\\\/uploads\\\/2026\\\/08\\\/kartonpack_logo-yellow.svg\",\"width\":418.80000000000001136868377216160297393798828125,\"height\":50.89999999999999857891452847979962825775146484375,\"caption\":\"Color Pack Nyomdaipari \u00e9s Csomagol\u00f3anyag Gy\u00e1rt\u00f3 Zrt.\"},\"image\":{\"@id\":\"https:\\\/\\\/test.kartonpack.hu\\\/#\\\/schema\\\/logo\\\/image\\\/\"},\"sameAs\":[\"https:\\\/\\\/www.facebook.com\\\/profile.php?id=100063640926339\",\"https:\\\/\\\/www.linkedin.com\\\/company\\\/color-pack-co-\\\/\"],\"description\":\"A Color Pack Zrt. vil\u00e1gsz\u00ednvonal\u00fa nyomdai \u00e9s csomagol\u00f3ipari tervez\u0151 \u00e9s kivitelez\u0151i sszolg\u00e1ltat\u00e1s\u00e1t a magasan k\u00e9pzett szakembereink \u00e9s korszer\u0171 m\u0171szaki h\u00e1tter\u00fcnk teszi lehet\u0151v\u00e9. Elk\u00f6telezettek vagyunk amellett, hogy folyamatosan l\u00e9p\u00e9st tartsunk a fejl\u0151d\u00e9ssel, meg\u00fajuljunk, \u00e9s \u00e9len j\u00e1rjunk az \u00faj technol\u00f3gi\u00e1k, term\u00e9kek \u00e9s szolg\u00e1ltat\u00e1sok bevezet\u00e9s\u00e9ben \u2013 mindig partnereink ig\u00e9nyeihez igazodva.\",\"email\":\"info@test.kartonpack.hu\",\"telephone\":\"+36 (42) 433-845\",\"legalName\":\"Color Pack Zrt.\",\"foundingDate\":\"1990-12-18\",\"taxID\":\"10470222-2-15\",\"numberOfEmployees\":{\"@type\":\"QuantitativeValue\",\"minValue\":\"51\",\"maxValue\":\"200\"}},{\"@type\":\"Person\",\"@id\":\"https:\\\/\\\/test.kartonpack.hu\\\/#\\\/schema\\\/person\\\/c32d2606e48b5ff676073e75f5318e00\",\"name\":\"lencse Attila\",\"image\":{\"@type\":\"ImageObject\",\"inLanguage\":\"hu\",\"@id\":\"https:\\\/\\\/secure.gravatar.com\\\/avatar\\\/31d85ac3d6b188c0a1bbb90d31ca0a6bb6d4f27595cb2c13298df13f6a995140?s=96&d=mm&r=g\",\"url\":\"https:\\\/\\\/secure.gravatar.com\\\/avatar\\\/31d85ac3d6b188c0a1bbb90d31ca0a6bb6d4f27595cb2c13298df13f6a995140?s=96&d=mm&r=g\",\"contentUrl\":\"https:\\\/\\\/secure.gravatar.com\\\/avatar\\\/31d85ac3d6b188c0a1bbb90d31ca0a6bb6d4f27595cb2c13298df13f6a995140?s=96&d=mm&r=g\",\"caption\":\"lencse Attila\"}}]}<\/script>\n<!-- \/ Yoast SEO Premium plugin. -->","yoast_head_json":{"title":"\u201eA magyarorsz\u00e1gi csomagol\u00f3anyagok piac\u00e1nak egyik k\u00f6zponti szerepl\u0151j\u00e9v\u00e9 v\u00e1ltak\u201d - Kartonpack","robots":{"index":"index","follow":"follow","max-snippet":"max-snippet:-1","max-image-preview":"max-image-preview:large","max-video-preview":"max-video-preview:-1"},"canonical":"https:\/\/test.kartonpack.hu\/?p=2604","og_locale":"hu_HU","og_type":"article","og_title":"\u201eA magyarorsz\u00e1gi csomagol\u00f3anyagok piac\u00e1nak egyik k\u00f6zponti szerepl\u0151j\u00e9v\u00e9 v\u00e1ltak\u201d","og_description":"Az RDM Group \u00e9s a Color Pack Zrt. m\u00e1ra m\u00e1r szem\u00e9lyess\u00e9 \u00e9s k\u00f6zvetlenn\u00e9 v\u00e1lt kapcsolata kezdetben k\u00f6zvetett volt, mivel a v\u00e1llalat \u2013 kisebb mennyis\u00e9g rendel\u00e9sekor - eleinte nagykeresked\u0151 c\u00e9geken kereszt\u00fcl szerezte be alapanyagainkat.","og_url":"https:\/\/test.kartonpack.hu\/?p=2604","og_site_name":"Kartonpack","article_publisher":"https:\/\/www.facebook.com\/profile.php?id=100063640926339","article_published_time":"2025-02-02T10:35:00+00:00","article_modified_time":"2025-09-23T12:43:56+00:00","og_image":[{"width":1024,"height":491,"url":"https:\/\/test.kartonpack.hu\/wp-content\/uploads\/2024\/08\/rdm_group.jpg","type":"image\/jpeg"}],"author":"lencse Attila","twitter_card":"summary_large_image","twitter_misc":{"Szerz\u0151:":"lencse Attila","Becs\u00fclt olvas\u00e1si id\u0151":"1 perc"},"schema":{"@context":"https:\/\/schema.org","@graph":[{"@type":"Article","@id":"https:\/\/test.kartonpack.hu\/?p=2604#article","isPartOf":{"@id":"https:\/\/test.kartonpack.hu\/?p=2604"},"author":{"name":"lencse Attila","@id":"https:\/\/test.kartonpack.hu\/#\/schema\/person\/c32d2606e48b5ff676073e75f5318e00"},"headline":"\u201eA magyarorsz\u00e1gi csomagol\u00f3anyagok piac\u00e1nak egyik k\u00f6zponti szerepl\u0151j\u00e9v\u00e9 v\u00e1ltak\u201d","datePublished":"2025-02-02T10:35:00+00:00","dateModified":"2025-09-23T12:43:56+00:00","mainEntityOfPage":{"@id":"https:\/\/test.kartonpack.hu\/?p=2604"},"wordCount":292,"publisher":{"@id":"https:\/\/test.kartonpack.hu\/#organization"},"image":{"@id":"https:\/\/test.kartonpack.hu\/?p=2604#primaryimage"},"thumbnailUrl":"https:\/\/test.kartonpack.hu\/wp-content\/uploads\/2024\/08\/rdm_group.jpg","keywords":["Aj\u00e1nl\u00e1s (k\u00e9k slider)"],"articleSection":["Partnereink"],"inLanguage":"hu"},{"@type":"WebPage","@id":"https:\/\/test.kartonpack.hu\/?p=2604","url":"https:\/\/test.kartonpack.hu\/?p=2604","name":"\u201eA magyarorsz\u00e1gi csomagol\u00f3anyagok piac\u00e1nak egyik k\u00f6zponti szerepl\u0151j\u00e9v\u00e9 v\u00e1ltak\u201d - Kartonpack","isPartOf":{"@id":"https:\/\/test.kartonpack.hu\/#website"},"primaryImageOfPage":{"@id":"https:\/\/test.kartonpack.hu\/?p=2604#primaryimage"},"image":{"@id":"https:\/\/test.kartonpack.hu\/?p=2604#primaryimage"},"thumbnailUrl":"https:\/\/test.kartonpack.hu\/wp-content\/uploads\/2024\/08\/rdm_group.jpg","datePublished":"2025-02-02T10:35:00+00:00","dateModified":"2025-09-23T12:43:56+00:00","breadcrumb":{"@id":"https:\/\/test.kartonpack.hu\/?p=2604#breadcrumb"},"inLanguage":"hu","potentialAction":[{"@type":"ReadAction","target":["https:\/\/test.kartonpack.hu\/?p=2604"]}]},{"@type":"ImageObject","inLanguage":"hu","@id":"https:\/\/test.kartonpack.hu\/?p=2604#primaryimage","url":"https:\/\/test.kartonpack.hu\/wp-content\/uploads\/2024\/08\/rdm_group.jpg","contentUrl":"https:\/\/test.kartonpack.hu\/wp-content\/uploads\/2024\/08\/rdm_group.jpg","width":1024,"height":491,"caption":"RDM Milan OFFICE \u00a9 Vicki Couchman Photographer 07957226911 vickicouchman.com"},{"@type":"BreadcrumbList","@id":"https:\/\/test.kartonpack.hu\/?p=2604#breadcrumb","itemListElement":[{"@type":"ListItem","position":1,"name":"Kezd\u0151lap","item":"https:\/\/test.kartonpack.hu\/"},{"@type":"ListItem","position":2,"name":"\u201eA magyarorsz\u00e1gi csomagol\u00f3anyagok piac\u00e1nak egyik k\u00f6zponti szerepl\u0151j\u00e9v\u00e9 v\u00e1ltak\u201d"}]},{"@type":"WebSite","@id":"https:\/\/test.kartonpack.hu\/#website","url":"https:\/\/test.kartonpack.hu\/","name":"Color Pack","description":"Dobozipari Z\u00e1rtk\u00f6r\u0171en M\u0171k\u00f6d\u0151 R\u00e9szv\u00e9nyt\u00e1rsas\u00e1g","publisher":{"@id":"https:\/\/test.kartonpack.hu\/#organization"},"potentialAction":[{"@type":"SearchAction","target":{"@type":"EntryPoint","urlTemplate":"https:\/\/test.kartonpack.hu\/?s={search_term_string}"},"query-input":{"@type":"PropertyValueSpecification","valueRequired":true,"valueName":"search_term_string"}}],"inLanguage":"hu"},{"@type":"Organization","@id":"https:\/\/test.kartonpack.hu\/#organization","name":"Color Pack Nyomdaipari \u00e9s Csomagol\u00f3anyag Gy\u00e1rt\u00f3 Zrt.","url":"https:\/\/test.kartonpack.hu\/","logo":{"@type":"ImageObject","inLanguage":"hu","@id":"https:\/\/test.kartonpack.hu\/#\/schema\/logo\/image\/","url":"https:\/\/test.kartonpack.hu\/wp-content\/uploads\/2026\/08\/kartonpack_logo-yellow.svg","contentUrl":"https:\/\/test.kartonpack.hu\/wp-content\/uploads\/2026\/08\/kartonpack_logo-yellow.svg","width":418.80000000000001136868377216160297393798828125,"height":50.89999999999999857891452847979962825775146484375,"caption":"Color Pack Nyomdaipari \u00e9s Csomagol\u00f3anyag Gy\u00e1rt\u00f3 Zrt."},"image":{"@id":"https:\/\/test.kartonpack.hu\/#\/schema\/logo\/image\/"},"sameAs":["https:\/\/www.facebook.com\/profile.php?id=100063640926339","https:\/\/www.linkedin.com\/company\/color-pack-co-\/"],"description":"A Color Pack Zrt. vil\u00e1gsz\u00ednvonal\u00fa nyomdai \u00e9s csomagol\u00f3ipari tervez\u0151 \u00e9s kivitelez\u0151i sszolg\u00e1ltat\u00e1s\u00e1t a magasan k\u00e9pzett szakembereink \u00e9s korszer\u0171 m\u0171szaki h\u00e1tter\u00fcnk teszi lehet\u0151v\u00e9. Elk\u00f6telezettek vagyunk amellett, hogy folyamatosan l\u00e9p\u00e9st tartsunk a fejl\u0151d\u00e9ssel, meg\u00fajuljunk, \u00e9s \u00e9len j\u00e1rjunk az \u00faj technol\u00f3gi\u00e1k, term\u00e9kek \u00e9s szolg\u00e1ltat\u00e1sok bevezet\u00e9s\u00e9ben \u2013 mindig partnereink ig\u00e9nyeihez igazodva.","email":"info@test.kartonpack.hu","telephone":"+36 (42) 433-845","legalName":"Color Pack Zrt.","foundingDate":"1990-12-18","taxID":"10470222-2-15","numberOfEmployees":{"@type":"QuantitativeValue","minValue":"51","maxValue":"200"}},{"@type":"Person","@id":"https:\/\/test.kartonpack.hu\/#\/schema\/person\/c32d2606e48b5ff676073e75f5318e00","name":"lencse Attila","image":{"@type":"ImageObject","inLanguage":"hu","@id":"https:\/\/secure.gravatar.com\/avatar\/31d85ac3d6b188c0a1bbb90d31ca0a6bb6d4f27595cb2c13298df13f6a995140?s=96&d=mm&r=g","url":"https:\/\/secure.gravatar.com\/avatar\/31d85ac3d6b188c0a1bbb90d31ca0a6bb6d4f27595cb2c13298df13f6a995140?s=96&d=mm&r=g","contentUrl":"https:\/\/secure.gravatar.com\/avatar\/31d85ac3d6b188c0a1bbb90d31ca0a6bb6d4f27595cb2c13298df13f6a995140?s=96&d=mm&r=g","caption":"lencse Attila"}}]}},"views":844,"_links":{"self":[{"href":"https:\/\/test.kartonpack.hu\/index.php?rest_route=\/wp\/v2\/posts\/2604","targetHints":{"allow":["GET"]}}],"collection":[{"href":"https:\/\/test.kartonpack.hu\/index.php?rest_route=\/wp\/v2\/posts"}],"about":[{"href":"https:\/\/test.kartonpack.hu\/index.php?rest_route=\/wp\/v2\/types\/post"}],"author":[{"embeddable":true,"href":"https:\/\/test.kartonpack.hu\/index.php?rest_route=\/wp\/v2\/users\/1"}],"replies":[{"embeddable":true,"href":"https:\/\/test.kartonpack.hu\/index.php?rest_route=%2Fwp%2Fv2%2Fcomments&post=2604"}],"version-history":[{"count":4,"href":"https:\/\/test.kartonpack.hu\/index.php?rest_route=\/wp\/v2\/posts\/2604\/revisions"}],"predecessor-version":[{"id":5835,"href":"https:\/\/test.kartonpack.hu\/index.php?rest_route=\/wp\/v2\/posts\/2604\/revisions\/5835"}],"wp:featuredmedia":[{"embeddable":true,"href":"https:\/\/test.kartonpack.hu\/index.php?rest_route=\/wp\/v2\/media\/4260"}],"wp:attachment":[{"href":"https:\/\/test.kartonpack.hu\/index.php?rest_route=%2Fwp%2Fv2%2Fmedia&parent=2604"}],"wp:term":[{"taxonomy":"category","embeddable":true,"href":"https:\/\/test.kartonpack.hu\/index.php?rest_route=%2Fwp%2Fv2%2Fcategories&post=2604"},{"taxonomy":"post_tag","embeddable":true,"href":"https:\/\/test.kartonpack.hu\/index.php?rest_route=%2Fwp%2Fv2%2Ftags&post=2604"}],"curies":[{"name":"wp","href":"https:\/\/api.w.org\/{rel}","templated":true}]}}