{"id":2600,"date":"2025-01-20T10:34:00","date_gmt":"2025-01-20T10:34:00","guid":{"rendered":"https:\/\/colorpack.webforyou.dev\/?p=2600"},"modified":"2025-09-23T12:43:56","modified_gmt":"2025-09-23T12:43:56","slug":"color-pack-szakembergardaja-kiemelkedoen-jartas-a-colormenedzsment-vilagaban","status":"publish","type":"post","link":"https:\/\/test.kartonpack.hu\/?p=2600","title":{"rendered":"\u201eColor Pack szakemberg\u00e1rd\u00e1ja kiemelked\u0151en j\u00e1rtas a colormenedzsment vil\u00e1g\u00e1ban\u201d"},"content":{"rendered":"\r\n<p class=\"wp-block-paragraph\">Nagy \u00f6r\u00f6m\u00fcnkre szolg\u00e1l, hogy a Color Pack Zrt. \u00e9let\u00e9ben nyomdafest\u00e9k-besz\u00e1ll\u00edt\u00f3k\u00e9nt j\u00f3 20 \u00e9ve r\u00e9szt vehet\u00fcnk. A n\u00e9met Hubergroup nyomdafest\u00e9kgy\u00e1r piacvezet\u0151 a min\u0151s\u00e9gi csomagol\u00f3anyag-gy\u00e1rt\u00f3 nyomd\u00e1k fest\u00e9kbesz\u00e1ll\u00edt\u00f3i piac\u00e1n, \u00edgy pontos r\u00e1l\u00e1t\u00e1sunk van a ter\u00fcleten m\u0171k\u00f6d\u0151 nyomd\u00e1k technikai felk\u00e9sz\u00fclts\u00e9g\u00e9re mind a nyugat-eur\u00f3pai, mind a kelet-eur\u00f3pai ter\u00fcleten.<br \/>A Color Pack nemzetk\u00f6zi \u00f6sszehasonl\u00edt\u00e1sban is kiemelked\u0151 m\u0171szaki felk\u00e9sz\u00fclts\u00e9ggel \u00e9s szak\u00e9rtelemmel rendelkezik az ofszet nyomtat\u00e1s ter\u00fclet\u00e9n, az \u00e1ltala gy\u00e1rtott term\u00e9kek a legmagasabb m\u0171szaki sztenderdeknek is megfelelnek. A technikai sz\u00ednvonal a multinacion\u00e1lis glob\u00e1lis nagy nyomd\u00e1k szintj\u00e9t k\u00e9pviseli, a vev\u0151orient\u00e1lt, rugalmas \u00e9s r\u00f6vid kapcsolattart\u00e1si \u00fatvonal lehet\u0151s\u00e9ge azonban t\u00f6bbletet jelent a multi c\u00e9gekhez k\u00e9pest.<br \/>C\u00e9g\u00fcnk biatorb\u00e1gyi k\u00f6zponti laborj\u00e1ban sok-sok egyedi \u00e9s igen k\u00e9nyes colorisztikai feladatot oldunk meg a Color Pack r\u00e9sz\u00e9re. J\u00f3 l\u00e1tni, hogy Color Pack szakemberg\u00e1rd\u00e1ja kiemelked\u0151en j\u00e1rtas a colorisztika vil\u00e1g\u00e1ban, mert csak \u00edgy lehet garant\u00e1lni, hogy a labork\u00f6r\u00fclm\u00e9nyek k\u00f6z\u00f6tt kidolgozott receptek \u00e9s legy\u00e1rtott fest\u00e9kek a nyomdag\u00e9peken &#8211; \u00e9s v\u00e9g\u00fcl a megrendel\u0151n\u00e9l is &#8211; a k\u00edv\u00e1nt eredm\u00e9nyt hozz\u00e1k.<br \/>\u2013 Mile G\u00e1bor, Huber Group \u2013 \u00fcgyvezet\u0151<\/p>\r\n","protected":false},"excerpt":{"rendered":"<p>Nagy \u00f6r\u00f6m\u00fcnkre szolg\u00e1l, hogy a Color Pack Zrt. \u00e9let\u00e9ben nyomdafest\u00e9k-besz\u00e1ll\u00edt\u00f3k\u00e9nt j\u00f3 20 \u00e9ve r\u00e9szt vehet\u00fcnk. A n\u00e9met Hubergroup nyomdafest\u00e9kgy\u00e1r piacvezet\u0151 a min\u0151s\u00e9gi csomagol\u00f3anyag-gy\u00e1rt\u00f3 nyomd\u00e1k fest\u00e9kbesz\u00e1ll\u00edt\u00f3i piac\u00e1n, \u00edgy pontos r\u00e1l\u00e1t\u00e1sunk van a ter\u00fcleten m\u0171k\u00f6d\u0151 nyomd\u00e1k technikai felk\u00e9sz\u00fclts\u00e9g\u00e9re mind a nyugat-eur\u00f3pai, mind a kelet-eur\u00f3pai ter\u00fcleten.<\/p>\n","protected":false},"author":1,"featured_media":4258,"comment_status":"closed","ping_status":"closed","sticky":false,"template":"","format":"standard","meta":{"footnotes":""},"categories":[45],"tags":[37],"class_list":["post-2600","post","type-post","status-publish","format-standard","has-post-thumbnail","hentry","category-partnereink","tag-ajanlas"],"yoast_head":"<!-- This site is optimized with the Yoast SEO Premium plugin v28.3 (Yoast SEO v28.3) - https:\/\/yoast.com\/product\/yoast-seo-premium-wordpress\/ -->\n<title>\u201eColor Pack szakemberg\u00e1rd\u00e1ja kiemelked\u0151en j\u00e1rtas a colormenedzsment vil\u00e1g\u00e1ban\u201d - Kartonpack<\/title>\n<meta name=\"robots\" content=\"index, follow, max-snippet:-1, max-image-preview:large, max-video-preview:-1\" \/>\n<link rel=\"canonical\" href=\"https:\/\/test.kartonpack.hu\/?p=2600\" \/>\n<meta property=\"og:locale\" content=\"hu_HU\" \/>\n<meta property=\"og:type\" content=\"article\" \/>\n<meta property=\"og:title\" content=\"\u201eColor Pack szakemberg\u00e1rd\u00e1ja kiemelked\u0151en j\u00e1rtas a colormenedzsment vil\u00e1g\u00e1ban\u201d\" \/>\n<meta property=\"og:description\" content=\"Nagy \u00f6r\u00f6m\u00fcnkre szolg\u00e1l, hogy a Color Pack Zrt. \u00e9let\u00e9ben nyomdafest\u00e9k-besz\u00e1ll\u00edt\u00f3k\u00e9nt j\u00f3 20 \u00e9ve r\u00e9szt vehet\u00fcnk. A n\u00e9met Hubergroup nyomdafest\u00e9kgy\u00e1r piacvezet\u0151 a min\u0151s\u00e9gi csomagol\u00f3anyag-gy\u00e1rt\u00f3 nyomd\u00e1k fest\u00e9kbesz\u00e1ll\u00edt\u00f3i piac\u00e1n, \u00edgy pontos r\u00e1l\u00e1t\u00e1sunk van a ter\u00fcleten m\u0171k\u00f6d\u0151 nyomd\u00e1k technikai felk\u00e9sz\u00fclts\u00e9g\u00e9re mind a nyugat-eur\u00f3pai, mind a kelet-eur\u00f3pai ter\u00fcleten.\" \/>\n<meta property=\"og:url\" content=\"https:\/\/test.kartonpack.hu\/?p=2600\" \/>\n<meta property=\"og:site_name\" content=\"Kartonpack\" \/>\n<meta property=\"article:publisher\" content=\"https:\/\/www.facebook.com\/profile.php?id=100063640926339\" \/>\n<meta property=\"article:published_time\" content=\"2025-01-20T10:34:00+00:00\" \/>\n<meta property=\"article:modified_time\" content=\"2025-09-23T12:43:56+00:00\" \/>\n<meta property=\"og:image\" content=\"https:\/\/test.kartonpack.hu\/wp-content\/uploads\/2024\/08\/colormanagement-scaled.jpg\" \/>\n\t<meta property=\"og:image:width\" content=\"2560\" \/>\n\t<meta property=\"og:image:height\" content=\"1703\" \/>\n\t<meta property=\"og:image:type\" content=\"image\/jpeg\" \/>\n<meta name=\"author\" content=\"lencse Attila\" \/>\n<meta name=\"twitter:card\" content=\"summary_large_image\" \/>\n<meta name=\"twitter:label1\" content=\"Szerz\u0151:\" \/>\n\t<meta name=\"twitter:data1\" content=\"lencse Attila\" \/>\n\t<meta name=\"twitter:label2\" content=\"Becs\u00fclt olvas\u00e1si id\u0151\" \/>\n\t<meta name=\"twitter:data2\" content=\"1 perc\" \/>\n<script type=\"application\/ld+json\" class=\"yoast-schema-graph\">{\"@context\":\"https:\\\/\\\/schema.org\",\"@graph\":[{\"@type\":\"Article\",\"@id\":\"https:\\\/\\\/test.kartonpack.hu\\\/?p=2600#article\",\"isPartOf\":{\"@id\":\"https:\\\/\\\/test.kartonpack.hu\\\/?p=2600\"},\"author\":{\"name\":\"lencse Attila\",\"@id\":\"https:\\\/\\\/test.kartonpack.hu\\\/#\\\/schema\\\/person\\\/c32d2606e48b5ff676073e75f5318e00\"},\"headline\":\"\u201eColor Pack szakemberg\u00e1rd\u00e1ja kiemelked\u0151en j\u00e1rtas a colormenedzsment vil\u00e1g\u00e1ban\u201d\",\"datePublished\":\"2025-01-20T10:34:00+00:00\",\"dateModified\":\"2025-09-23T12:43:56+00:00\",\"mainEntityOfPage\":{\"@id\":\"https:\\\/\\\/test.kartonpack.hu\\\/?p=2600\"},\"wordCount\":267,\"publisher\":{\"@id\":\"https:\\\/\\\/test.kartonpack.hu\\\/#organization\"},\"image\":{\"@id\":\"https:\\\/\\\/test.kartonpack.hu\\\/?p=2600#primaryimage\"},\"thumbnailUrl\":\"https:\\\/\\\/test.kartonpack.hu\\\/wp-content\\\/uploads\\\/2024\\\/08\\\/colormanagement-scaled.jpg\",\"keywords\":[\"Aj\u00e1nl\u00e1s (k\u00e9k slider)\"],\"articleSection\":[\"Partnereink\"],\"inLanguage\":\"hu\"},{\"@type\":\"WebPage\",\"@id\":\"https:\\\/\\\/test.kartonpack.hu\\\/?p=2600\",\"url\":\"https:\\\/\\\/test.kartonpack.hu\\\/?p=2600\",\"name\":\"\u201eColor Pack szakemberg\u00e1rd\u00e1ja kiemelked\u0151en j\u00e1rtas a colormenedzsment vil\u00e1g\u00e1ban\u201d - Kartonpack\",\"isPartOf\":{\"@id\":\"https:\\\/\\\/test.kartonpack.hu\\\/#website\"},\"primaryImageOfPage\":{\"@id\":\"https:\\\/\\\/test.kartonpack.hu\\\/?p=2600#primaryimage\"},\"image\":{\"@id\":\"https:\\\/\\\/test.kartonpack.hu\\\/?p=2600#primaryimage\"},\"thumbnailUrl\":\"https:\\\/\\\/test.kartonpack.hu\\\/wp-content\\\/uploads\\\/2024\\\/08\\\/colormanagement-scaled.jpg\",\"datePublished\":\"2025-01-20T10:34:00+00:00\",\"dateModified\":\"2025-09-23T12:43:56+00:00\",\"breadcrumb\":{\"@id\":\"https:\\\/\\\/test.kartonpack.hu\\\/?p=2600#breadcrumb\"},\"inLanguage\":\"hu\",\"potentialAction\":[{\"@type\":\"ReadAction\",\"target\":[\"https:\\\/\\\/test.kartonpack.hu\\\/?p=2600\"]}]},{\"@type\":\"ImageObject\",\"inLanguage\":\"hu\",\"@id\":\"https:\\\/\\\/test.kartonpack.hu\\\/?p=2600#primaryimage\",\"url\":\"https:\\\/\\\/test.kartonpack.hu\\\/wp-content\\\/uploads\\\/2024\\\/08\\\/colormanagement-scaled.jpg\",\"contentUrl\":\"https:\\\/\\\/test.kartonpack.hu\\\/wp-content\\\/uploads\\\/2024\\\/08\\\/colormanagement-scaled.jpg\",\"width\":2560,\"height\":1703},{\"@type\":\"BreadcrumbList\",\"@id\":\"https:\\\/\\\/test.kartonpack.hu\\\/?p=2600#breadcrumb\",\"itemListElement\":[{\"@type\":\"ListItem\",\"position\":1,\"name\":\"Kezd\u0151lap\",\"item\":\"https:\\\/\\\/test.kartonpack.hu\\\/\"},{\"@type\":\"ListItem\",\"position\":2,\"name\":\"\u201eColor Pack szakemberg\u00e1rd\u00e1ja kiemelked\u0151en j\u00e1rtas a colormenedzsment vil\u00e1g\u00e1ban\u201d\"}]},{\"@type\":\"WebSite\",\"@id\":\"https:\\\/\\\/test.kartonpack.hu\\\/#website\",\"url\":\"https:\\\/\\\/test.kartonpack.hu\\\/\",\"name\":\"Color Pack\",\"description\":\"Dobozipari Z\u00e1rtk\u00f6r\u0171en M\u0171k\u00f6d\u0151 R\u00e9szv\u00e9nyt\u00e1rsas\u00e1g\",\"publisher\":{\"@id\":\"https:\\\/\\\/test.kartonpack.hu\\\/#organization\"},\"potentialAction\":[{\"@type\":\"SearchAction\",\"target\":{\"@type\":\"EntryPoint\",\"urlTemplate\":\"https:\\\/\\\/test.kartonpack.hu\\\/?s={search_term_string}\"},\"query-input\":{\"@type\":\"PropertyValueSpecification\",\"valueRequired\":true,\"valueName\":\"search_term_string\"}}],\"inLanguage\":\"hu\"},{\"@type\":\"Organization\",\"@id\":\"https:\\\/\\\/test.kartonpack.hu\\\/#organization\",\"name\":\"Color Pack Nyomdaipari \u00e9s Csomagol\u00f3anyag Gy\u00e1rt\u00f3 Zrt.\",\"url\":\"https:\\\/\\\/test.kartonpack.hu\\\/\",\"logo\":{\"@type\":\"ImageObject\",\"inLanguage\":\"hu\",\"@id\":\"https:\\\/\\\/test.kartonpack.hu\\\/#\\\/schema\\\/logo\\\/image\\\/\",\"url\":\"https:\\\/\\\/test.kartonpack.hu\\\/wp-content\\\/uploads\\\/2026\\\/08\\\/kartonpack_logo-yellow.svg\",\"contentUrl\":\"https:\\\/\\\/test.kartonpack.hu\\\/wp-content\\\/uploads\\\/2026\\\/08\\\/kartonpack_logo-yellow.svg\",\"width\":418.80000000000001136868377216160297393798828125,\"height\":50.89999999999999857891452847979962825775146484375,\"caption\":\"Color Pack Nyomdaipari \u00e9s Csomagol\u00f3anyag Gy\u00e1rt\u00f3 Zrt.\"},\"image\":{\"@id\":\"https:\\\/\\\/test.kartonpack.hu\\\/#\\\/schema\\\/logo\\\/image\\\/\"},\"sameAs\":[\"https:\\\/\\\/www.facebook.com\\\/profile.php?id=100063640926339\",\"https:\\\/\\\/www.linkedin.com\\\/company\\\/color-pack-co-\\\/\"],\"description\":\"A Color Pack Zrt. vil\u00e1gsz\u00ednvonal\u00fa nyomdai \u00e9s csomagol\u00f3ipari tervez\u0151 \u00e9s kivitelez\u0151i sszolg\u00e1ltat\u00e1s\u00e1t a magasan k\u00e9pzett szakembereink \u00e9s korszer\u0171 m\u0171szaki h\u00e1tter\u00fcnk teszi lehet\u0151v\u00e9. Elk\u00f6telezettek vagyunk amellett, hogy folyamatosan l\u00e9p\u00e9st tartsunk a fejl\u0151d\u00e9ssel, meg\u00fajuljunk, \u00e9s \u00e9len j\u00e1rjunk az \u00faj technol\u00f3gi\u00e1k, term\u00e9kek \u00e9s szolg\u00e1ltat\u00e1sok bevezet\u00e9s\u00e9ben \u2013 mindig partnereink ig\u00e9nyeihez igazodva.\",\"email\":\"info@test.kartonpack.hu\",\"telephone\":\"+36 (42) 433-845\",\"legalName\":\"Color Pack Zrt.\",\"foundingDate\":\"1990-12-18\",\"taxID\":\"10470222-2-15\",\"numberOfEmployees\":{\"@type\":\"QuantitativeValue\",\"minValue\":\"51\",\"maxValue\":\"200\"}},{\"@type\":\"Person\",\"@id\":\"https:\\\/\\\/test.kartonpack.hu\\\/#\\\/schema\\\/person\\\/c32d2606e48b5ff676073e75f5318e00\",\"name\":\"lencse Attila\",\"image\":{\"@type\":\"ImageObject\",\"inLanguage\":\"hu\",\"@id\":\"https:\\\/\\\/secure.gravatar.com\\\/avatar\\\/31d85ac3d6b188c0a1bbb90d31ca0a6bb6d4f27595cb2c13298df13f6a995140?s=96&d=mm&r=g\",\"url\":\"https:\\\/\\\/secure.gravatar.com\\\/avatar\\\/31d85ac3d6b188c0a1bbb90d31ca0a6bb6d4f27595cb2c13298df13f6a995140?s=96&d=mm&r=g\",\"contentUrl\":\"https:\\\/\\\/secure.gravatar.com\\\/avatar\\\/31d85ac3d6b188c0a1bbb90d31ca0a6bb6d4f27595cb2c13298df13f6a995140?s=96&d=mm&r=g\",\"caption\":\"lencse Attila\"}}]}<\/script>\n<!-- \/ Yoast SEO Premium plugin. -->","yoast_head_json":{"title":"\u201eColor Pack szakemberg\u00e1rd\u00e1ja kiemelked\u0151en j\u00e1rtas a colormenedzsment vil\u00e1g\u00e1ban\u201d - Kartonpack","robots":{"index":"index","follow":"follow","max-snippet":"max-snippet:-1","max-image-preview":"max-image-preview:large","max-video-preview":"max-video-preview:-1"},"canonical":"https:\/\/test.kartonpack.hu\/?p=2600","og_locale":"hu_HU","og_type":"article","og_title":"\u201eColor Pack szakemberg\u00e1rd\u00e1ja kiemelked\u0151en j\u00e1rtas a colormenedzsment vil\u00e1g\u00e1ban\u201d","og_description":"Nagy \u00f6r\u00f6m\u00fcnkre szolg\u00e1l, hogy a Color Pack Zrt. \u00e9let\u00e9ben nyomdafest\u00e9k-besz\u00e1ll\u00edt\u00f3k\u00e9nt j\u00f3 20 \u00e9ve r\u00e9szt vehet\u00fcnk. A n\u00e9met Hubergroup nyomdafest\u00e9kgy\u00e1r piacvezet\u0151 a min\u0151s\u00e9gi csomagol\u00f3anyag-gy\u00e1rt\u00f3 nyomd\u00e1k fest\u00e9kbesz\u00e1ll\u00edt\u00f3i piac\u00e1n, \u00edgy pontos r\u00e1l\u00e1t\u00e1sunk van a ter\u00fcleten m\u0171k\u00f6d\u0151 nyomd\u00e1k technikai felk\u00e9sz\u00fclts\u00e9g\u00e9re mind a nyugat-eur\u00f3pai, mind a kelet-eur\u00f3pai ter\u00fcleten.","og_url":"https:\/\/test.kartonpack.hu\/?p=2600","og_site_name":"Kartonpack","article_publisher":"https:\/\/www.facebook.com\/profile.php?id=100063640926339","article_published_time":"2025-01-20T10:34:00+00:00","article_modified_time":"2025-09-23T12:43:56+00:00","og_image":[{"width":2560,"height":1703,"url":"https:\/\/test.kartonpack.hu\/wp-content\/uploads\/2024\/08\/colormanagement-scaled.jpg","type":"image\/jpeg"}],"author":"lencse Attila","twitter_card":"summary_large_image","twitter_misc":{"Szerz\u0151:":"lencse Attila","Becs\u00fclt olvas\u00e1si id\u0151":"1 perc"},"schema":{"@context":"https:\/\/schema.org","@graph":[{"@type":"Article","@id":"https:\/\/test.kartonpack.hu\/?p=2600#article","isPartOf":{"@id":"https:\/\/test.kartonpack.hu\/?p=2600"},"author":{"name":"lencse Attila","@id":"https:\/\/test.kartonpack.hu\/#\/schema\/person\/c32d2606e48b5ff676073e75f5318e00"},"headline":"\u201eColor Pack szakemberg\u00e1rd\u00e1ja kiemelked\u0151en j\u00e1rtas a colormenedzsment vil\u00e1g\u00e1ban\u201d","datePublished":"2025-01-20T10:34:00+00:00","dateModified":"2025-09-23T12:43:56+00:00","mainEntityOfPage":{"@id":"https:\/\/test.kartonpack.hu\/?p=2600"},"wordCount":267,"publisher":{"@id":"https:\/\/test.kartonpack.hu\/#organization"},"image":{"@id":"https:\/\/test.kartonpack.hu\/?p=2600#primaryimage"},"thumbnailUrl":"https:\/\/test.kartonpack.hu\/wp-content\/uploads\/2024\/08\/colormanagement-scaled.jpg","keywords":["Aj\u00e1nl\u00e1s (k\u00e9k slider)"],"articleSection":["Partnereink"],"inLanguage":"hu"},{"@type":"WebPage","@id":"https:\/\/test.kartonpack.hu\/?p=2600","url":"https:\/\/test.kartonpack.hu\/?p=2600","name":"\u201eColor Pack szakemberg\u00e1rd\u00e1ja kiemelked\u0151en j\u00e1rtas a colormenedzsment vil\u00e1g\u00e1ban\u201d - Kartonpack","isPartOf":{"@id":"https:\/\/test.kartonpack.hu\/#website"},"primaryImageOfPage":{"@id":"https:\/\/test.kartonpack.hu\/?p=2600#primaryimage"},"image":{"@id":"https:\/\/test.kartonpack.hu\/?p=2600#primaryimage"},"thumbnailUrl":"https:\/\/test.kartonpack.hu\/wp-content\/uploads\/2024\/08\/colormanagement-scaled.jpg","datePublished":"2025-01-20T10:34:00+00:00","dateModified":"2025-09-23T12:43:56+00:00","breadcrumb":{"@id":"https:\/\/test.kartonpack.hu\/?p=2600#breadcrumb"},"inLanguage":"hu","potentialAction":[{"@type":"ReadAction","target":["https:\/\/test.kartonpack.hu\/?p=2600"]}]},{"@type":"ImageObject","inLanguage":"hu","@id":"https:\/\/test.kartonpack.hu\/?p=2600#primaryimage","url":"https:\/\/test.kartonpack.hu\/wp-content\/uploads\/2024\/08\/colormanagement-scaled.jpg","contentUrl":"https:\/\/test.kartonpack.hu\/wp-content\/uploads\/2024\/08\/colormanagement-scaled.jpg","width":2560,"height":1703},{"@type":"BreadcrumbList","@id":"https:\/\/test.kartonpack.hu\/?p=2600#breadcrumb","itemListElement":[{"@type":"ListItem","position":1,"name":"Kezd\u0151lap","item":"https:\/\/test.kartonpack.hu\/"},{"@type":"ListItem","position":2,"name":"\u201eColor Pack szakemberg\u00e1rd\u00e1ja kiemelked\u0151en j\u00e1rtas a colormenedzsment vil\u00e1g\u00e1ban\u201d"}]},{"@type":"WebSite","@id":"https:\/\/test.kartonpack.hu\/#website","url":"https:\/\/test.kartonpack.hu\/","name":"Color Pack","description":"Dobozipari Z\u00e1rtk\u00f6r\u0171en M\u0171k\u00f6d\u0151 R\u00e9szv\u00e9nyt\u00e1rsas\u00e1g","publisher":{"@id":"https:\/\/test.kartonpack.hu\/#organization"},"potentialAction":[{"@type":"SearchAction","target":{"@type":"EntryPoint","urlTemplate":"https:\/\/test.kartonpack.hu\/?s={search_term_string}"},"query-input":{"@type":"PropertyValueSpecification","valueRequired":true,"valueName":"search_term_string"}}],"inLanguage":"hu"},{"@type":"Organization","@id":"https:\/\/test.kartonpack.hu\/#organization","name":"Color Pack Nyomdaipari \u00e9s Csomagol\u00f3anyag Gy\u00e1rt\u00f3 Zrt.","url":"https:\/\/test.kartonpack.hu\/","logo":{"@type":"ImageObject","inLanguage":"hu","@id":"https:\/\/test.kartonpack.hu\/#\/schema\/logo\/image\/","url":"https:\/\/test.kartonpack.hu\/wp-content\/uploads\/2026\/08\/kartonpack_logo-yellow.svg","contentUrl":"https:\/\/test.kartonpack.hu\/wp-content\/uploads\/2026\/08\/kartonpack_logo-yellow.svg","width":418.80000000000001136868377216160297393798828125,"height":50.89999999999999857891452847979962825775146484375,"caption":"Color Pack Nyomdaipari \u00e9s Csomagol\u00f3anyag Gy\u00e1rt\u00f3 Zrt."},"image":{"@id":"https:\/\/test.kartonpack.hu\/#\/schema\/logo\/image\/"},"sameAs":["https:\/\/www.facebook.com\/profile.php?id=100063640926339","https:\/\/www.linkedin.com\/company\/color-pack-co-\/"],"description":"A Color Pack Zrt. vil\u00e1gsz\u00ednvonal\u00fa nyomdai \u00e9s csomagol\u00f3ipari tervez\u0151 \u00e9s kivitelez\u0151i sszolg\u00e1ltat\u00e1s\u00e1t a magasan k\u00e9pzett szakembereink \u00e9s korszer\u0171 m\u0171szaki h\u00e1tter\u00fcnk teszi lehet\u0151v\u00e9. Elk\u00f6telezettek vagyunk amellett, hogy folyamatosan l\u00e9p\u00e9st tartsunk a fejl\u0151d\u00e9ssel, meg\u00fajuljunk, \u00e9s \u00e9len j\u00e1rjunk az \u00faj technol\u00f3gi\u00e1k, term\u00e9kek \u00e9s szolg\u00e1ltat\u00e1sok bevezet\u00e9s\u00e9ben \u2013 mindig partnereink ig\u00e9nyeihez igazodva.","email":"info@test.kartonpack.hu","telephone":"+36 (42) 433-845","legalName":"Color Pack Zrt.","foundingDate":"1990-12-18","taxID":"10470222-2-15","numberOfEmployees":{"@type":"QuantitativeValue","minValue":"51","maxValue":"200"}},{"@type":"Person","@id":"https:\/\/test.kartonpack.hu\/#\/schema\/person\/c32d2606e48b5ff676073e75f5318e00","name":"lencse Attila","image":{"@type":"ImageObject","inLanguage":"hu","@id":"https:\/\/secure.gravatar.com\/avatar\/31d85ac3d6b188c0a1bbb90d31ca0a6bb6d4f27595cb2c13298df13f6a995140?s=96&d=mm&r=g","url":"https:\/\/secure.gravatar.com\/avatar\/31d85ac3d6b188c0a1bbb90d31ca0a6bb6d4f27595cb2c13298df13f6a995140?s=96&d=mm&r=g","contentUrl":"https:\/\/secure.gravatar.com\/avatar\/31d85ac3d6b188c0a1bbb90d31ca0a6bb6d4f27595cb2c13298df13f6a995140?s=96&d=mm&r=g","caption":"lencse Attila"}}]}},"views":724,"_links":{"self":[{"href":"https:\/\/test.kartonpack.hu\/index.php?rest_route=\/wp\/v2\/posts\/2600","targetHints":{"allow":["GET"]}}],"collection":[{"href":"https:\/\/test.kartonpack.hu\/index.php?rest_route=\/wp\/v2\/posts"}],"about":[{"href":"https:\/\/test.kartonpack.hu\/index.php?rest_route=\/wp\/v2\/types\/post"}],"author":[{"embeddable":true,"href":"https:\/\/test.kartonpack.hu\/index.php?rest_route=\/wp\/v2\/users\/1"}],"replies":[{"embeddable":true,"href":"https:\/\/test.kartonpack.hu\/index.php?rest_route=%2Fwp%2Fv2%2Fcomments&post=2600"}],"version-history":[{"count":5,"href":"https:\/\/test.kartonpack.hu\/index.php?rest_route=\/wp\/v2\/posts\/2600\/revisions"}],"predecessor-version":[{"id":5842,"href":"https:\/\/test.kartonpack.hu\/index.php?rest_route=\/wp\/v2\/posts\/2600\/revisions\/5842"}],"wp:featuredmedia":[{"embeddable":true,"href":"https:\/\/test.kartonpack.hu\/index.php?rest_route=\/wp\/v2\/media\/4258"}],"wp:attachment":[{"href":"https:\/\/test.kartonpack.hu\/index.php?rest_route=%2Fwp%2Fv2%2Fmedia&parent=2600"}],"wp:term":[{"taxonomy":"category","embeddable":true,"href":"https:\/\/test.kartonpack.hu\/index.php?rest_route=%2Fwp%2Fv2%2Fcategories&post=2600"},{"taxonomy":"post_tag","embeddable":true,"href":"https:\/\/test.kartonpack.hu\/index.php?rest_route=%2Fwp%2Fv2%2Ftags&post=2600"}],"curies":[{"name":"wp","href":"https:\/\/api.w.org\/{rel}","templated":true}]}}