{"id":2003,"date":"2023-11-13T14:56:21","date_gmt":"2023-11-13T14:56:21","guid":{"rendered":"https:\/\/colorpack.webforyou.dev\/?p=2003"},"modified":"2025-09-24T14:22:52","modified_gmt":"2025-09-24T14:22:52","slug":"hajra-solymok","status":"publish","type":"post","link":"https:\/\/test.kartonpack.hu\/?p=2003","title":{"rendered":"Hajr\u00e1, S\u00f3lymok!"},"content":{"rendered":"\t\t<div data-elementor-type=\"wp-post\" data-elementor-id=\"2003\" class=\"elementor elementor-2003\" data-elementor-post-type=\"post\">\n\t\t\t\t<div class=\"elementor-element elementor-element-0a810d8 e-flex e-con-boxed e-con e-parent\" data-id=\"0a810d8\" data-element_type=\"container\" data-e-type=\"container\" data-settings=\"{&quot;jet_parallax_layout_list&quot;:[]}\">\n\t\t\t\t\t<div class=\"e-con-inner\">\n\t\t\t\t<div class=\"elementor-element elementor-element-2a35946 elementor-widget elementor-widget-text-editor\" data-id=\"2a35946\" data-element_type=\"widget\" data-e-type=\"widget\" data-widget_type=\"text-editor.default\">\n\t\t\t\t<div class=\"elementor-widget-container\">\n\t\t\t\t\t\t\t\t\t<p style=\"text-align: left;\">Mindig melegs\u00e9ggel t\u00f6lti el sz\u00edv\u00fcnket, ha t\u00e1mogathatjuk sz\u0171kebb r\u00e9gi\u00f3nk szellemi, eg\u00e9szs\u00e9g\u00fcgyi vagy \u00e9ppen sport\u00e9let\u00e9t, hiszen fontos sz\u00e1munkra, hogy v\u00e1rosunk min\u00e9l \u00e9lhet\u0151bb, min\u00e9l vonz\u00f3bb legyen nem csak az idel\u00e1togat\u00f3k, hanem saj\u00e1t polg\u00e1rai sz\u00e1m\u00e1ra is.<br \/>K\u00fcl\u00f6nleges helyet foglal el gondolkod\u00e1sunkban, j\u00f6v\u0151k\u00e9p\u00fcnkben az ifj\u00fas\u00e1g, a fiatals\u00e1g lehet\u0151s\u00e9geinek b\u0151v\u00edt\u00e9se, ez\u00e9rt is v\u00e1llalunk olyan t\u00e1rsadalmi megb\u00edz\u00e1sokat, amelyek ezt seg\u00edtik.<\/p><p>\u00cdgy alakult ki szoros kapcsolatunk a Szabolcsi S\u00f3lymok j\u00e9gkorongcsapattal, hiszen az egyes\u00fclet \u00e9s a mi c\u00e9ljaink megegyeznek: megismertetni \u00e9s n\u00e9pszer\u0171s\u00edteni a t\u00e9li jeges sportokat, lehet\u0151s\u00e9get biztos\u00edtani arra, hogy a gyerekek megismerkedhessenek ezek sz\u00e9ps\u00e9geivel; ugyanakkor az eg\u00e9szs\u00e9ges \u00e9letm\u00f3dra nevel\u00e9s keret\u00e9ben a j\u00e9gkorongsportot kedvel\u0151 gyerekeknek edz\u00e9s- \u00e9s versenylehet\u0151s\u00e9get ny\u00fajtsunk. Amellett, hogy a Szabolcsi J\u00e9gsport Egyes\u00fclet aleln\u00f6kek\u00e9nt tan\u00e1csaival, menedzseri munk\u00e1val seg\u00edti c\u00e9g\u00fcnk vezet\u0151je az egyes\u00fclet munk\u00e1j\u00e1t, mindent megtesznek a \u201ek\u00e9nyelem\u00e9rt\u201d is: a Color Pack Zrt. hat\u00e9kony t\u00e1mogat\u00e1s\u00e1val, Lip\u0151k Andr\u00e1s tervei alapj\u00e1n \u00e9s a Lip\u0151k-csal\u00e1d kivitelez\u00e9s\u00e9ben elk\u00e9sz\u00fclt egy igazi, sz\u00e1rnyal\u00f3 SAS-os kisbusz, amely a csapat tulajdon\u00e1ba ker\u00fclt, s imm\u00e1r saj\u00e1t busszal v\u00e1gnak neki az idegenbeli m\u00e9rk\u0151z\u00e9seknek.<\/p>\t\t\t\t\t\t\t\t<\/div>\n\t\t\t\t<\/div>\n\t\t\t\t<div class=\"elementor-element elementor-element-d90a236 elementor-widget elementor-widget-heading\" data-id=\"d90a236\" data-element_type=\"widget\" data-e-type=\"widget\" data-widget_type=\"heading.default\">\n\t\t\t\t<div class=\"elementor-widget-container\">\n\t\t\t\t\t<h2 class=\"elementor-heading-title elementor-size-default\">B\u00fcszk\u00e9k vagyunk R\u00e1tok, gyerekek!\n<\/h2>\t\t\t\t<\/div>\n\t\t\t\t<\/div>\n\t\t\t\t<div class=\"elementor-element elementor-element-86a9951 elementor-widget elementor-widget-heading\" data-id=\"86a9951\" data-element_type=\"widget\" data-e-type=\"widget\" data-widget_type=\"heading.default\">\n\t\t\t\t<div class=\"elementor-widget-container\">\n\t\t\t\t\t<h2 class=\"elementor-heading-title elementor-size-default\">Hajr\u00e1, S\u00f3lymok!\n<\/h2>\t\t\t\t<\/div>\n\t\t\t\t<\/div>\n\t\t\t\t\t<\/div>\n\t\t\t\t<\/div>\n\t\t\t\t<\/div>\n\t\t","protected":false},"excerpt":{"rendered":"<p>Mindig melegs\u00e9ggel t\u00f6lti el sz\u00edv\u00fcnket, ha t\u00e1mogathatjuk sz\u0171kebb r\u00e9gi\u00f3nk szellemi, eg\u00e9szs\u00e9g\u00fcgyi vagy \u00e9ppen sport\u00e9let\u00e9t, hiszen fontos sz\u00e1munkra, hogy v\u00e1rosunk min\u00e9l \u00e9lhet\u0151bb, min\u00e9l vonz\u00f3bb legyen nem csak az idel\u00e1togat\u00f3k, hanem saj\u00e1t polg\u00e1rai sz\u00e1m\u00e1ra is.<\/p>\n","protected":false},"author":1,"featured_media":2005,"comment_status":"closed","ping_status":"closed","sticky":false,"template":"","format":"standard","meta":{"footnotes":""},"categories":[35],"tags":[],"class_list":["post-2003","post","type-post","status-publish","format-standard","has-post-thumbnail","hentry","category-hireink"],"yoast_head":"<!-- This site is optimized with the Yoast SEO Premium plugin v28.3 (Yoast SEO v28.3) - https:\/\/yoast.com\/product\/yoast-seo-premium-wordpress\/ -->\n<title>Hajr\u00e1, S\u00f3lymok! - Kartonpack<\/title>\n<meta name=\"robots\" content=\"index, follow, max-snippet:-1, max-image-preview:large, max-video-preview:-1\" \/>\n<link rel=\"canonical\" href=\"https:\/\/test.kartonpack.hu\/?p=2003\" \/>\n<meta property=\"og:locale\" content=\"hu_HU\" \/>\n<meta property=\"og:type\" content=\"article\" \/>\n<meta property=\"og:title\" content=\"Hajr\u00e1, S\u00f3lymok!\" \/>\n<meta property=\"og:description\" content=\"Mindig melegs\u00e9ggel t\u00f6lti el sz\u00edv\u00fcnket, ha t\u00e1mogathatjuk sz\u0171kebb r\u00e9gi\u00f3nk szellemi, eg\u00e9szs\u00e9g\u00fcgyi vagy \u00e9ppen sport\u00e9let\u00e9t, hiszen fontos sz\u00e1munkra, hogy v\u00e1rosunk min\u00e9l \u00e9lhet\u0151bb, min\u00e9l vonz\u00f3bb legyen nem csak az idel\u00e1togat\u00f3k, hanem saj\u00e1t polg\u00e1rai sz\u00e1m\u00e1ra is.\" \/>\n<meta property=\"og:url\" content=\"https:\/\/test.kartonpack.hu\/?p=2003\" \/>\n<meta property=\"og:site_name\" content=\"Kartonpack\" \/>\n<meta property=\"article:publisher\" content=\"https:\/\/www.facebook.com\/profile.php?id=100063640926339\" \/>\n<meta property=\"article:published_time\" content=\"2023-11-13T14:56:21+00:00\" \/>\n<meta property=\"article:modified_time\" content=\"2025-09-24T14:22:52+00:00\" \/>\n<meta property=\"og:image\" content=\"https:\/\/test.kartonpack.hu\/wp-content\/uploads\/2023\/11\/Rectangle-46-1.png\" \/>\n\t<meta property=\"og:image:width\" content=\"1988\" \/>\n\t<meta property=\"og:image:height\" content=\"1000\" \/>\n\t<meta property=\"og:image:type\" content=\"image\/png\" \/>\n<meta name=\"author\" content=\"lencse Attila\" \/>\n<meta name=\"twitter:card\" content=\"summary_large_image\" \/>\n<meta name=\"twitter:label1\" content=\"Szerz\u0151:\" \/>\n\t<meta name=\"twitter:data1\" content=\"lencse Attila\" \/>\n\t<meta name=\"twitter:label2\" content=\"Becs\u00fclt olvas\u00e1si id\u0151\" \/>\n\t<meta name=\"twitter:data2\" content=\"1 perc\" \/>\n<script type=\"application\/ld+json\" class=\"yoast-schema-graph\">{\"@context\":\"https:\\\/\\\/schema.org\",\"@graph\":[{\"@type\":\"Article\",\"@id\":\"https:\\\/\\\/test.kartonpack.hu\\\/?p=2003#article\",\"isPartOf\":{\"@id\":\"https:\\\/\\\/test.kartonpack.hu\\\/?p=2003\"},\"author\":{\"name\":\"lencse Attila\",\"@id\":\"https:\\\/\\\/test.kartonpack.hu\\\/#\\\/schema\\\/person\\\/c32d2606e48b5ff676073e75f5318e00\"},\"headline\":\"Hajr\u00e1, S\u00f3lymok!\",\"datePublished\":\"2023-11-13T14:56:21+00:00\",\"dateModified\":\"2025-09-24T14:22:52+00:00\",\"mainEntityOfPage\":{\"@id\":\"https:\\\/\\\/test.kartonpack.hu\\\/?p=2003\"},\"wordCount\":275,\"publisher\":{\"@id\":\"https:\\\/\\\/test.kartonpack.hu\\\/#organization\"},\"image\":{\"@id\":\"https:\\\/\\\/test.kartonpack.hu\\\/?p=2003#primaryimage\"},\"thumbnailUrl\":\"https:\\\/\\\/test.kartonpack.hu\\\/wp-content\\\/uploads\\\/2023\\\/11\\\/Rectangle-46-1.png\",\"articleSection\":[\"H\u00edr\"],\"inLanguage\":\"hu\"},{\"@type\":\"WebPage\",\"@id\":\"https:\\\/\\\/test.kartonpack.hu\\\/?p=2003\",\"url\":\"https:\\\/\\\/test.kartonpack.hu\\\/?p=2003\",\"name\":\"Hajr\u00e1, S\u00f3lymok! - Kartonpack\",\"isPartOf\":{\"@id\":\"https:\\\/\\\/test.kartonpack.hu\\\/#website\"},\"primaryImageOfPage\":{\"@id\":\"https:\\\/\\\/test.kartonpack.hu\\\/?p=2003#primaryimage\"},\"image\":{\"@id\":\"https:\\\/\\\/test.kartonpack.hu\\\/?p=2003#primaryimage\"},\"thumbnailUrl\":\"https:\\\/\\\/test.kartonpack.hu\\\/wp-content\\\/uploads\\\/2023\\\/11\\\/Rectangle-46-1.png\",\"datePublished\":\"2023-11-13T14:56:21+00:00\",\"dateModified\":\"2025-09-24T14:22:52+00:00\",\"breadcrumb\":{\"@id\":\"https:\\\/\\\/test.kartonpack.hu\\\/?p=2003#breadcrumb\"},\"inLanguage\":\"hu\",\"potentialAction\":[{\"@type\":\"ReadAction\",\"target\":[\"https:\\\/\\\/test.kartonpack.hu\\\/?p=2003\"]}]},{\"@type\":\"ImageObject\",\"inLanguage\":\"hu\",\"@id\":\"https:\\\/\\\/test.kartonpack.hu\\\/?p=2003#primaryimage\",\"url\":\"https:\\\/\\\/test.kartonpack.hu\\\/wp-content\\\/uploads\\\/2023\\\/11\\\/Rectangle-46-1.png\",\"contentUrl\":\"https:\\\/\\\/test.kartonpack.hu\\\/wp-content\\\/uploads\\\/2023\\\/11\\\/Rectangle-46-1.png\",\"width\":1988,\"height\":1000},{\"@type\":\"BreadcrumbList\",\"@id\":\"https:\\\/\\\/test.kartonpack.hu\\\/?p=2003#breadcrumb\",\"itemListElement\":[{\"@type\":\"ListItem\",\"position\":1,\"name\":\"Kezd\u0151lap\",\"item\":\"https:\\\/\\\/test.kartonpack.hu\\\/\"},{\"@type\":\"ListItem\",\"position\":2,\"name\":\"Hajr\u00e1, S\u00f3lymok!\"}]},{\"@type\":\"WebSite\",\"@id\":\"https:\\\/\\\/test.kartonpack.hu\\\/#website\",\"url\":\"https:\\\/\\\/test.kartonpack.hu\\\/\",\"name\":\"Color Pack\",\"description\":\"Dobozipari Z\u00e1rtk\u00f6r\u0171en M\u0171k\u00f6d\u0151 R\u00e9szv\u00e9nyt\u00e1rsas\u00e1g\",\"publisher\":{\"@id\":\"https:\\\/\\\/test.kartonpack.hu\\\/#organization\"},\"potentialAction\":[{\"@type\":\"SearchAction\",\"target\":{\"@type\":\"EntryPoint\",\"urlTemplate\":\"https:\\\/\\\/test.kartonpack.hu\\\/?s={search_term_string}\"},\"query-input\":{\"@type\":\"PropertyValueSpecification\",\"valueRequired\":true,\"valueName\":\"search_term_string\"}}],\"inLanguage\":\"hu\"},{\"@type\":\"Organization\",\"@id\":\"https:\\\/\\\/test.kartonpack.hu\\\/#organization\",\"name\":\"Color Pack Nyomdaipari \u00e9s Csomagol\u00f3anyag Gy\u00e1rt\u00f3 Zrt.\",\"url\":\"https:\\\/\\\/test.kartonpack.hu\\\/\",\"logo\":{\"@type\":\"ImageObject\",\"inLanguage\":\"hu\",\"@id\":\"https:\\\/\\\/test.kartonpack.hu\\\/#\\\/schema\\\/logo\\\/image\\\/\",\"url\":\"https:\\\/\\\/test.kartonpack.hu\\\/wp-content\\\/uploads\\\/2026\\\/08\\\/kartonpack_logo-yellow.svg\",\"contentUrl\":\"https:\\\/\\\/test.kartonpack.hu\\\/wp-content\\\/uploads\\\/2026\\\/08\\\/kartonpack_logo-yellow.svg\",\"width\":418.80000000000001136868377216160297393798828125,\"height\":50.89999999999999857891452847979962825775146484375,\"caption\":\"Color Pack Nyomdaipari \u00e9s Csomagol\u00f3anyag Gy\u00e1rt\u00f3 Zrt.\"},\"image\":{\"@id\":\"https:\\\/\\\/test.kartonpack.hu\\\/#\\\/schema\\\/logo\\\/image\\\/\"},\"sameAs\":[\"https:\\\/\\\/www.facebook.com\\\/profile.php?id=100063640926339\",\"https:\\\/\\\/www.linkedin.com\\\/company\\\/color-pack-co-\\\/\"],\"description\":\"A Color Pack Zrt. vil\u00e1gsz\u00ednvonal\u00fa nyomdai \u00e9s csomagol\u00f3ipari tervez\u0151 \u00e9s kivitelez\u0151i sszolg\u00e1ltat\u00e1s\u00e1t a magasan k\u00e9pzett szakembereink \u00e9s korszer\u0171 m\u0171szaki h\u00e1tter\u00fcnk teszi lehet\u0151v\u00e9. Elk\u00f6telezettek vagyunk amellett, hogy folyamatosan l\u00e9p\u00e9st tartsunk a fejl\u0151d\u00e9ssel, meg\u00fajuljunk, \u00e9s \u00e9len j\u00e1rjunk az \u00faj technol\u00f3gi\u00e1k, term\u00e9kek \u00e9s szolg\u00e1ltat\u00e1sok bevezet\u00e9s\u00e9ben \u2013 mindig partnereink ig\u00e9nyeihez igazodva.\",\"email\":\"info@test.kartonpack.hu\",\"telephone\":\"+36 (42) 433-845\",\"legalName\":\"Color Pack Zrt.\",\"foundingDate\":\"1990-12-18\",\"taxID\":\"10470222-2-15\",\"numberOfEmployees\":{\"@type\":\"QuantitativeValue\",\"minValue\":\"51\",\"maxValue\":\"200\"}},{\"@type\":\"Person\",\"@id\":\"https:\\\/\\\/test.kartonpack.hu\\\/#\\\/schema\\\/person\\\/c32d2606e48b5ff676073e75f5318e00\",\"name\":\"lencse Attila\",\"image\":{\"@type\":\"ImageObject\",\"inLanguage\":\"hu\",\"@id\":\"https:\\\/\\\/secure.gravatar.com\\\/avatar\\\/31d85ac3d6b188c0a1bbb90d31ca0a6bb6d4f27595cb2c13298df13f6a995140?s=96&d=mm&r=g\",\"url\":\"https:\\\/\\\/secure.gravatar.com\\\/avatar\\\/31d85ac3d6b188c0a1bbb90d31ca0a6bb6d4f27595cb2c13298df13f6a995140?s=96&d=mm&r=g\",\"contentUrl\":\"https:\\\/\\\/secure.gravatar.com\\\/avatar\\\/31d85ac3d6b188c0a1bbb90d31ca0a6bb6d4f27595cb2c13298df13f6a995140?s=96&d=mm&r=g\",\"caption\":\"lencse Attila\"}}]}<\/script>\n<!-- \/ Yoast SEO Premium plugin. -->","yoast_head_json":{"title":"Hajr\u00e1, S\u00f3lymok! - Kartonpack","robots":{"index":"index","follow":"follow","max-snippet":"max-snippet:-1","max-image-preview":"max-image-preview:large","max-video-preview":"max-video-preview:-1"},"canonical":"https:\/\/test.kartonpack.hu\/?p=2003","og_locale":"hu_HU","og_type":"article","og_title":"Hajr\u00e1, S\u00f3lymok!","og_description":"Mindig melegs\u00e9ggel t\u00f6lti el sz\u00edv\u00fcnket, ha t\u00e1mogathatjuk sz\u0171kebb r\u00e9gi\u00f3nk szellemi, eg\u00e9szs\u00e9g\u00fcgyi vagy \u00e9ppen sport\u00e9let\u00e9t, hiszen fontos sz\u00e1munkra, hogy v\u00e1rosunk min\u00e9l \u00e9lhet\u0151bb, min\u00e9l vonz\u00f3bb legyen nem csak az idel\u00e1togat\u00f3k, hanem saj\u00e1t polg\u00e1rai sz\u00e1m\u00e1ra is.","og_url":"https:\/\/test.kartonpack.hu\/?p=2003","og_site_name":"Kartonpack","article_publisher":"https:\/\/www.facebook.com\/profile.php?id=100063640926339","article_published_time":"2023-11-13T14:56:21+00:00","article_modified_time":"2025-09-24T14:22:52+00:00","og_image":[{"width":1988,"height":1000,"url":"https:\/\/test.kartonpack.hu\/wp-content\/uploads\/2023\/11\/Rectangle-46-1.png","type":"image\/png"}],"author":"lencse Attila","twitter_card":"summary_large_image","twitter_misc":{"Szerz\u0151:":"lencse Attila","Becs\u00fclt olvas\u00e1si id\u0151":"1 perc"},"schema":{"@context":"https:\/\/schema.org","@graph":[{"@type":"Article","@id":"https:\/\/test.kartonpack.hu\/?p=2003#article","isPartOf":{"@id":"https:\/\/test.kartonpack.hu\/?p=2003"},"author":{"name":"lencse Attila","@id":"https:\/\/test.kartonpack.hu\/#\/schema\/person\/c32d2606e48b5ff676073e75f5318e00"},"headline":"Hajr\u00e1, S\u00f3lymok!","datePublished":"2023-11-13T14:56:21+00:00","dateModified":"2025-09-24T14:22:52+00:00","mainEntityOfPage":{"@id":"https:\/\/test.kartonpack.hu\/?p=2003"},"wordCount":275,"publisher":{"@id":"https:\/\/test.kartonpack.hu\/#organization"},"image":{"@id":"https:\/\/test.kartonpack.hu\/?p=2003#primaryimage"},"thumbnailUrl":"https:\/\/test.kartonpack.hu\/wp-content\/uploads\/2023\/11\/Rectangle-46-1.png","articleSection":["H\u00edr"],"inLanguage":"hu"},{"@type":"WebPage","@id":"https:\/\/test.kartonpack.hu\/?p=2003","url":"https:\/\/test.kartonpack.hu\/?p=2003","name":"Hajr\u00e1, S\u00f3lymok! - Kartonpack","isPartOf":{"@id":"https:\/\/test.kartonpack.hu\/#website"},"primaryImageOfPage":{"@id":"https:\/\/test.kartonpack.hu\/?p=2003#primaryimage"},"image":{"@id":"https:\/\/test.kartonpack.hu\/?p=2003#primaryimage"},"thumbnailUrl":"https:\/\/test.kartonpack.hu\/wp-content\/uploads\/2023\/11\/Rectangle-46-1.png","datePublished":"2023-11-13T14:56:21+00:00","dateModified":"2025-09-24T14:22:52+00:00","breadcrumb":{"@id":"https:\/\/test.kartonpack.hu\/?p=2003#breadcrumb"},"inLanguage":"hu","potentialAction":[{"@type":"ReadAction","target":["https:\/\/test.kartonpack.hu\/?p=2003"]}]},{"@type":"ImageObject","inLanguage":"hu","@id":"https:\/\/test.kartonpack.hu\/?p=2003#primaryimage","url":"https:\/\/test.kartonpack.hu\/wp-content\/uploads\/2023\/11\/Rectangle-46-1.png","contentUrl":"https:\/\/test.kartonpack.hu\/wp-content\/uploads\/2023\/11\/Rectangle-46-1.png","width":1988,"height":1000},{"@type":"BreadcrumbList","@id":"https:\/\/test.kartonpack.hu\/?p=2003#breadcrumb","itemListElement":[{"@type":"ListItem","position":1,"name":"Kezd\u0151lap","item":"https:\/\/test.kartonpack.hu\/"},{"@type":"ListItem","position":2,"name":"Hajr\u00e1, S\u00f3lymok!"}]},{"@type":"WebSite","@id":"https:\/\/test.kartonpack.hu\/#website","url":"https:\/\/test.kartonpack.hu\/","name":"Color Pack","description":"Dobozipari Z\u00e1rtk\u00f6r\u0171en M\u0171k\u00f6d\u0151 R\u00e9szv\u00e9nyt\u00e1rsas\u00e1g","publisher":{"@id":"https:\/\/test.kartonpack.hu\/#organization"},"potentialAction":[{"@type":"SearchAction","target":{"@type":"EntryPoint","urlTemplate":"https:\/\/test.kartonpack.hu\/?s={search_term_string}"},"query-input":{"@type":"PropertyValueSpecification","valueRequired":true,"valueName":"search_term_string"}}],"inLanguage":"hu"},{"@type":"Organization","@id":"https:\/\/test.kartonpack.hu\/#organization","name":"Color Pack Nyomdaipari \u00e9s Csomagol\u00f3anyag Gy\u00e1rt\u00f3 Zrt.","url":"https:\/\/test.kartonpack.hu\/","logo":{"@type":"ImageObject","inLanguage":"hu","@id":"https:\/\/test.kartonpack.hu\/#\/schema\/logo\/image\/","url":"https:\/\/test.kartonpack.hu\/wp-content\/uploads\/2026\/08\/kartonpack_logo-yellow.svg","contentUrl":"https:\/\/test.kartonpack.hu\/wp-content\/uploads\/2026\/08\/kartonpack_logo-yellow.svg","width":418.80000000000001136868377216160297393798828125,"height":50.89999999999999857891452847979962825775146484375,"caption":"Color Pack Nyomdaipari \u00e9s Csomagol\u00f3anyag Gy\u00e1rt\u00f3 Zrt."},"image":{"@id":"https:\/\/test.kartonpack.hu\/#\/schema\/logo\/image\/"},"sameAs":["https:\/\/www.facebook.com\/profile.php?id=100063640926339","https:\/\/www.linkedin.com\/company\/color-pack-co-\/"],"description":"A Color Pack Zrt. vil\u00e1gsz\u00ednvonal\u00fa nyomdai \u00e9s csomagol\u00f3ipari tervez\u0151 \u00e9s kivitelez\u0151i sszolg\u00e1ltat\u00e1s\u00e1t a magasan k\u00e9pzett szakembereink \u00e9s korszer\u0171 m\u0171szaki h\u00e1tter\u00fcnk teszi lehet\u0151v\u00e9. Elk\u00f6telezettek vagyunk amellett, hogy folyamatosan l\u00e9p\u00e9st tartsunk a fejl\u0151d\u00e9ssel, meg\u00fajuljunk, \u00e9s \u00e9len j\u00e1rjunk az \u00faj technol\u00f3gi\u00e1k, term\u00e9kek \u00e9s szolg\u00e1ltat\u00e1sok bevezet\u00e9s\u00e9ben \u2013 mindig partnereink ig\u00e9nyeihez igazodva.","email":"info@test.kartonpack.hu","telephone":"+36 (42) 433-845","legalName":"Color Pack Zrt.","foundingDate":"1990-12-18","taxID":"10470222-2-15","numberOfEmployees":{"@type":"QuantitativeValue","minValue":"51","maxValue":"200"}},{"@type":"Person","@id":"https:\/\/test.kartonpack.hu\/#\/schema\/person\/c32d2606e48b5ff676073e75f5318e00","name":"lencse Attila","image":{"@type":"ImageObject","inLanguage":"hu","@id":"https:\/\/secure.gravatar.com\/avatar\/31d85ac3d6b188c0a1bbb90d31ca0a6bb6d4f27595cb2c13298df13f6a995140?s=96&d=mm&r=g","url":"https:\/\/secure.gravatar.com\/avatar\/31d85ac3d6b188c0a1bbb90d31ca0a6bb6d4f27595cb2c13298df13f6a995140?s=96&d=mm&r=g","contentUrl":"https:\/\/secure.gravatar.com\/avatar\/31d85ac3d6b188c0a1bbb90d31ca0a6bb6d4f27595cb2c13298df13f6a995140?s=96&d=mm&r=g","caption":"lencse Attila"}}]}},"views":247,"_links":{"self":[{"href":"https:\/\/test.kartonpack.hu\/index.php?rest_route=\/wp\/v2\/posts\/2003","targetHints":{"allow":["GET"]}}],"collection":[{"href":"https:\/\/test.kartonpack.hu\/index.php?rest_route=\/wp\/v2\/posts"}],"about":[{"href":"https:\/\/test.kartonpack.hu\/index.php?rest_route=\/wp\/v2\/types\/post"}],"author":[{"embeddable":true,"href":"https:\/\/test.kartonpack.hu\/index.php?rest_route=\/wp\/v2\/users\/1"}],"replies":[{"embeddable":true,"href":"https:\/\/test.kartonpack.hu\/index.php?rest_route=%2Fwp%2Fv2%2Fcomments&post=2003"}],"version-history":[{"count":37,"href":"https:\/\/test.kartonpack.hu\/index.php?rest_route=\/wp\/v2\/posts\/2003\/revisions"}],"predecessor-version":[{"id":6131,"href":"https:\/\/test.kartonpack.hu\/index.php?rest_route=\/wp\/v2\/posts\/2003\/revisions\/6131"}],"wp:featuredmedia":[{"embeddable":true,"href":"https:\/\/test.kartonpack.hu\/index.php?rest_route=\/wp\/v2\/media\/2005"}],"wp:attachment":[{"href":"https:\/\/test.kartonpack.hu\/index.php?rest_route=%2Fwp%2Fv2%2Fmedia&parent=2003"}],"wp:term":[{"taxonomy":"category","embeddable":true,"href":"https:\/\/test.kartonpack.hu\/index.php?rest_route=%2Fwp%2Fv2%2Fcategories&post=2003"},{"taxonomy":"post_tag","embeddable":true,"href":"https:\/\/test.kartonpack.hu\/index.php?rest_route=%2Fwp%2Fv2%2Ftags&post=2003"}],"curies":[{"name":"wp","href":"https:\/\/api.w.org\/{rel}","templated":true}]}}