{"id":2604,"date":"2025-02-02T10:35:00","date_gmt":"2025-02-02T10:35:00","guid":{"rendered":"https:\/\/colorpack.webforyou.dev\/?p=2604"},"modified":"2025-09-23T12:43:56","modified_gmt":"2025-09-23T12:43:56","slug":"a-magyarorszagi-csomagoloanyagok-piacanak-egyik-kozponti-szereplojeve-valtak","status":"publish","type":"post","link":"https:\/\/test.kartonpack.hu\/en\/a-magyarorszagi-csomagoloanyagok-piacanak-egyik-kozponti-szereplojeve-valtak\/","title":{"rendered":"\"They have become a central player in the Hungarian packaging market\""},"content":{"rendered":"<p class=\"wp-block-paragraph\">The relationship between the RDM Group and Color Pack Zrt., which has now become personal and indirect, was initially indirect, as the company initially sourced its raw materials through wholesalers for small orders. We first met the owner of Color Pack Zrt. in 2018, when we approached L\u00e1szl\u00f3 Zsukk, whose ambition caught our attention: in addition to label printing, he wanted to be present on the packaging market with his products. Since 2019, a direct business relationship has been established between the two companies, since they have been buying in larger quantities to achieve their goals, which they have successfully met over the years and have become a central player in the Hungarian packaging materials market. Thanks to Color Pack Zrt.'s success, the RDM Group supplies the company with a significant amount of cardboard raw materials.<\/p>\r\n\r\n\r\n\r\n<p class=\"wp-block-paragraph\"><br \/>The relationship between the RDM Group and Color Pack Zrt. started, developed and continues to grow stronger through direct cooperation and negotiations based on partnership. From the very beginning, RDM Group has supported Color Pack Zrt.'s objectives and activities by supplying quality products and offering high quality services, because we have seen that the company has a clear strategy and that it handles the tasks with determination, flexibility, composure and a positive approach.<\/p>\r\n\r\n\r\n\r\n<p class=\"wp-block-paragraph\">- Ilona Mauterer, RDM Group<\/p>","protected":false},"excerpt":{"rendered":"<p>Az RDM Group \u00e9s a Color Pack Zrt. m\u00e1ra m\u00e1r szem\u00e9lyess\u00e9 \u00e9s k\u00f6zvetlenn\u00e9 v\u00e1lt kapcsolata kezdetben k\u00f6zvetett volt, mivel a v\u00e1llalat \u2013 kisebb mennyis\u00e9g rendel\u00e9sekor &#8211; eleinte nagykeresked\u0151 c\u00e9geken kereszt\u00fcl szerezte be alapanyagainkat.<\/p>","protected":false},"author":1,"featured_media":4260,"comment_status":"closed","ping_status":"closed","sticky":false,"template":"","format":"standard","meta":{"footnotes":""},"categories":[45],"tags":[37],"class_list":["post-2604","post","type-post","status-publish","format-standard","has-post-thumbnail","hentry","category-partnereink","tag-ajanlas"],"yoast_head":"<!-- This site is optimized with the Yoast SEO Premium plugin v28.3 (Yoast SEO v28.4) - https:\/\/yoast.com\/product\/yoast-seo-premium-wordpress\/ -->\n<title>\u201eA magyarorsz\u00e1gi csomagol\u00f3anyagok piac\u00e1nak egyik k\u00f6zponti szerepl\u0151j\u00e9v\u00e9 v\u00e1ltak\u201d - Kartonpack<\/title>\n<meta name=\"robots\" content=\"index, follow, max-snippet:-1, max-image-preview:large, max-video-preview:-1\" \/>\n<link rel=\"canonical\" href=\"https:\/\/test.kartonpack.hu\/en\/a-magyarorszagi-csomagoloanyagok-piacanak-egyik-kozponti-szereplojeve-valtak\/\" \/>\n<meta property=\"og:locale\" content=\"en_US\" \/>\n<meta property=\"og:type\" content=\"article\" \/>\n<meta property=\"og:title\" content=\"\u201eA magyarorsz\u00e1gi csomagol\u00f3anyagok piac\u00e1nak egyik k\u00f6zponti szerepl\u0151j\u00e9v\u00e9 v\u00e1ltak\u201d\" \/>\n<meta property=\"og:description\" content=\"Az RDM Group \u00e9s a Color Pack Zrt. m\u00e1ra m\u00e1r szem\u00e9lyess\u00e9 \u00e9s k\u00f6zvetlenn\u00e9 v\u00e1lt kapcsolata kezdetben k\u00f6zvetett volt, mivel a v\u00e1llalat \u2013 kisebb mennyis\u00e9g rendel\u00e9sekor - eleinte nagykeresked\u0151 c\u00e9geken kereszt\u00fcl szerezte be alapanyagainkat.\" \/>\n<meta property=\"og:url\" content=\"https:\/\/test.kartonpack.hu\/en\/a-magyarorszagi-csomagoloanyagok-piacanak-egyik-kozponti-szereplojeve-valtak\/\" \/>\n<meta property=\"og:site_name\" content=\"Kartonpack\" \/>\n<meta property=\"article:publisher\" content=\"https:\/\/www.facebook.com\/profile.php?id=100063640926339\" \/>\n<meta property=\"article:published_time\" content=\"2025-02-02T10:35:00+00:00\" \/>\n<meta property=\"article:modified_time\" content=\"2025-09-23T12:43:56+00:00\" \/>\n<meta property=\"og:image\" content=\"https:\/\/test.kartonpack.hu\/wp-content\/uploads\/2024\/08\/rdm_group.jpg\" \/>\n\t<meta property=\"og:image:width\" content=\"1024\" \/>\n\t<meta property=\"og:image:height\" content=\"491\" \/>\n\t<meta property=\"og:image:type\" content=\"image\/jpeg\" \/>\n<meta name=\"author\" content=\"lencse Attila\" \/>\n<meta name=\"twitter:card\" content=\"summary_large_image\" \/>\n<meta name=\"twitter:label1\" content=\"Written by\" \/>\n\t<meta name=\"twitter:data1\" content=\"lencse Attila\" \/>\n\t<meta name=\"twitter:label2\" content=\"Est. reading time\" \/>\n\t<meta name=\"twitter:data2\" content=\"1 minute\" \/>\n<script type=\"application\/ld+json\" class=\"yoast-schema-graph\">{\"@context\":\"https:\\\/\\\/schema.org\",\"@graph\":[{\"@type\":\"Article\",\"@id\":\"https:\\\/\\\/test.kartonpack.hu\\\/a-magyarorszagi-csomagoloanyagok-piacanak-egyik-kozponti-szereplojeve-valtak\\\/#article\",\"isPartOf\":{\"@id\":\"https:\\\/\\\/test.kartonpack.hu\\\/a-magyarorszagi-csomagoloanyagok-piacanak-egyik-kozponti-szereplojeve-valtak\\\/\"},\"author\":{\"name\":\"lencse Attila\",\"@id\":\"https:\\\/\\\/test.kartonpack.hu\\\/#\\\/schema\\\/person\\\/c32d2606e48b5ff676073e75f5318e00\"},\"headline\":\"\u201eA magyarorsz\u00e1gi csomagol\u00f3anyagok piac\u00e1nak egyik k\u00f6zponti szerepl\u0151j\u00e9v\u00e9 v\u00e1ltak\u201d\",\"datePublished\":\"2025-02-02T10:35:00+00:00\",\"dateModified\":\"2025-09-23T12:43:56+00:00\",\"mainEntityOfPage\":{\"@id\":\"https:\\\/\\\/test.kartonpack.hu\\\/a-magyarorszagi-csomagoloanyagok-piacanak-egyik-kozponti-szereplojeve-valtak\\\/\"},\"wordCount\":292,\"publisher\":{\"@id\":\"https:\\\/\\\/test.kartonpack.hu\\\/#organization\"},\"image\":{\"@id\":\"https:\\\/\\\/test.kartonpack.hu\\\/a-magyarorszagi-csomagoloanyagok-piacanak-egyik-kozponti-szereplojeve-valtak\\\/#primaryimage\"},\"thumbnailUrl\":\"https:\\\/\\\/test.kartonpack.hu\\\/wp-content\\\/uploads\\\/2024\\\/08\\\/rdm_group.jpg\",\"keywords\":[\"Aj\u00e1nl\u00e1s (k\u00e9k slider)\"],\"articleSection\":[\"Partnereink\"],\"inLanguage\":\"en-US\"},{\"@type\":\"WebPage\",\"@id\":\"https:\\\/\\\/test.kartonpack.hu\\\/a-magyarorszagi-csomagoloanyagok-piacanak-egyik-kozponti-szereplojeve-valtak\\\/\",\"url\":\"https:\\\/\\\/test.kartonpack.hu\\\/a-magyarorszagi-csomagoloanyagok-piacanak-egyik-kozponti-szereplojeve-valtak\\\/\",\"name\":\"\u201eA magyarorsz\u00e1gi csomagol\u00f3anyagok piac\u00e1nak egyik k\u00f6zponti szerepl\u0151j\u00e9v\u00e9 v\u00e1ltak\u201d - Kartonpack\",\"isPartOf\":{\"@id\":\"https:\\\/\\\/test.kartonpack.hu\\\/#website\"},\"primaryImageOfPage\":{\"@id\":\"https:\\\/\\\/test.kartonpack.hu\\\/a-magyarorszagi-csomagoloanyagok-piacanak-egyik-kozponti-szereplojeve-valtak\\\/#primaryimage\"},\"image\":{\"@id\":\"https:\\\/\\\/test.kartonpack.hu\\\/a-magyarorszagi-csomagoloanyagok-piacanak-egyik-kozponti-szereplojeve-valtak\\\/#primaryimage\"},\"thumbnailUrl\":\"https:\\\/\\\/test.kartonpack.hu\\\/wp-content\\\/uploads\\\/2024\\\/08\\\/rdm_group.jpg\",\"datePublished\":\"2025-02-02T10:35:00+00:00\",\"dateModified\":\"2025-09-23T12:43:56+00:00\",\"breadcrumb\":{\"@id\":\"https:\\\/\\\/test.kartonpack.hu\\\/a-magyarorszagi-csomagoloanyagok-piacanak-egyik-kozponti-szereplojeve-valtak\\\/#breadcrumb\"},\"inLanguage\":\"en-US\",\"potentialAction\":[{\"@type\":\"ReadAction\",\"target\":[\"https:\\\/\\\/test.kartonpack.hu\\\/a-magyarorszagi-csomagoloanyagok-piacanak-egyik-kozponti-szereplojeve-valtak\\\/\"]}]},{\"@type\":\"ImageObject\",\"inLanguage\":\"en-US\",\"@id\":\"https:\\\/\\\/test.kartonpack.hu\\\/a-magyarorszagi-csomagoloanyagok-piacanak-egyik-kozponti-szereplojeve-valtak\\\/#primaryimage\",\"url\":\"https:\\\/\\\/test.kartonpack.hu\\\/wp-content\\\/uploads\\\/2024\\\/08\\\/rdm_group.jpg\",\"contentUrl\":\"https:\\\/\\\/test.kartonpack.hu\\\/wp-content\\\/uploads\\\/2024\\\/08\\\/rdm_group.jpg\",\"width\":1024,\"height\":491,\"caption\":\"RDM Milan OFFICE \u00a9 Vicki Couchman Photographer 07957226911 vickicouchman.com\"},{\"@type\":\"BreadcrumbList\",\"@id\":\"https:\\\/\\\/test.kartonpack.hu\\\/a-magyarorszagi-csomagoloanyagok-piacanak-egyik-kozponti-szereplojeve-valtak\\\/#breadcrumb\",\"itemListElement\":[{\"@type\":\"ListItem\",\"position\":1,\"name\":\"Kezd\u0151lap\",\"item\":\"https:\\\/\\\/test.kartonpack.hu\\\/\"},{\"@type\":\"ListItem\",\"position\":2,\"name\":\"\u201eA magyarorsz\u00e1gi csomagol\u00f3anyagok piac\u00e1nak egyik k\u00f6zponti szerepl\u0151j\u00e9v\u00e9 v\u00e1ltak\u201d\"}]},{\"@type\":\"WebSite\",\"@id\":\"https:\\\/\\\/test.kartonpack.hu\\\/#website\",\"url\":\"https:\\\/\\\/test.kartonpack.hu\\\/\",\"name\":\"Color Pack\",\"description\":\"Dobozipari Z\u00e1rtk\u00f6r\u0171en M\u0171k\u00f6d\u0151 R\u00e9szv\u00e9nyt\u00e1rsas\u00e1g\",\"publisher\":{\"@id\":\"https:\\\/\\\/test.kartonpack.hu\\\/#organization\"},\"potentialAction\":[{\"@type\":\"SearchAction\",\"target\":{\"@type\":\"EntryPoint\",\"urlTemplate\":\"https:\\\/\\\/test.kartonpack.hu\\\/?s={search_term_string}\"},\"query-input\":{\"@type\":\"PropertyValueSpecification\",\"valueRequired\":true,\"valueName\":\"search_term_string\"}}],\"inLanguage\":\"en-US\"},{\"@type\":\"Organization\",\"@id\":\"https:\\\/\\\/test.kartonpack.hu\\\/#organization\",\"name\":\"Color Pack Nyomdaipari \u00e9s Csomagol\u00f3anyag Gy\u00e1rt\u00f3 Zrt.\",\"url\":\"https:\\\/\\\/test.kartonpack.hu\\\/\",\"logo\":{\"@type\":\"ImageObject\",\"inLanguage\":\"en-US\",\"@id\":\"https:\\\/\\\/test.kartonpack.hu\\\/#\\\/schema\\\/logo\\\/image\\\/\",\"url\":\"https:\\\/\\\/test.kartonpack.hu\\\/wp-content\\\/uploads\\\/2026\\\/08\\\/kartonpack_logo-yellow.svg\",\"contentUrl\":\"https:\\\/\\\/test.kartonpack.hu\\\/wp-content\\\/uploads\\\/2026\\\/08\\\/kartonpack_logo-yellow.svg\",\"width\":418.80000000000001136868377216160297393798828125,\"height\":50.89999999999999857891452847979962825775146484375,\"caption\":\"Color Pack Nyomdaipari \u00e9s Csomagol\u00f3anyag Gy\u00e1rt\u00f3 Zrt.\"},\"image\":{\"@id\":\"https:\\\/\\\/test.kartonpack.hu\\\/#\\\/schema\\\/logo\\\/image\\\/\"},\"sameAs\":[\"https:\\\/\\\/www.facebook.com\\\/profile.php?id=100063640926339\",\"https:\\\/\\\/www.linkedin.com\\\/company\\\/color-pack-co-\\\/\"],\"description\":\"A Color Pack Zrt. vil\u00e1gsz\u00ednvonal\u00fa nyomdai \u00e9s csomagol\u00f3ipari tervez\u0151 \u00e9s kivitelez\u0151i sszolg\u00e1ltat\u00e1s\u00e1t a magasan k\u00e9pzett szakembereink \u00e9s korszer\u0171 m\u0171szaki h\u00e1tter\u00fcnk teszi lehet\u0151v\u00e9. Elk\u00f6telezettek vagyunk amellett, hogy folyamatosan l\u00e9p\u00e9st tartsunk a fejl\u0151d\u00e9ssel, meg\u00fajuljunk, \u00e9s \u00e9len j\u00e1rjunk az \u00faj technol\u00f3gi\u00e1k, term\u00e9kek \u00e9s szolg\u00e1ltat\u00e1sok bevezet\u00e9s\u00e9ben \u2013 mindig partnereink ig\u00e9nyeihez igazodva.\",\"email\":\"info@test.kartonpack.hu\",\"telephone\":\"+36 (42) 433-845\",\"legalName\":\"Color Pack Zrt.\",\"foundingDate\":\"1990-12-18\",\"taxID\":\"10470222-2-15\",\"numberOfEmployees\":{\"@type\":\"QuantitativeValue\",\"minValue\":\"51\",\"maxValue\":\"200\"}},{\"@type\":\"Person\",\"@id\":\"https:\\\/\\\/test.kartonpack.hu\\\/#\\\/schema\\\/person\\\/c32d2606e48b5ff676073e75f5318e00\",\"name\":\"lencse Attila\",\"image\":{\"@type\":\"ImageObject\",\"inLanguage\":\"en-US\",\"@id\":\"https:\\\/\\\/secure.gravatar.com\\\/avatar\\\/31d85ac3d6b188c0a1bbb90d31ca0a6bb6d4f27595cb2c13298df13f6a995140?s=96&d=mm&r=g\",\"url\":\"https:\\\/\\\/secure.gravatar.com\\\/avatar\\\/31d85ac3d6b188c0a1bbb90d31ca0a6bb6d4f27595cb2c13298df13f6a995140?s=96&d=mm&r=g\",\"contentUrl\":\"https:\\\/\\\/secure.gravatar.com\\\/avatar\\\/31d85ac3d6b188c0a1bbb90d31ca0a6bb6d4f27595cb2c13298df13f6a995140?s=96&d=mm&r=g\",\"caption\":\"lencse Attila\"}}]}<\/script>\n<!-- \/ Yoast SEO Premium plugin. -->","yoast_head_json":{"title":"\u201eA magyarorsz\u00e1gi csomagol\u00f3anyagok piac\u00e1nak egyik k\u00f6zponti szerepl\u0151j\u00e9v\u00e9 v\u00e1ltak\u201d - Kartonpack","robots":{"index":"index","follow":"follow","max-snippet":"max-snippet:-1","max-image-preview":"max-image-preview:large","max-video-preview":"max-video-preview:-1"},"canonical":"https:\/\/test.kartonpack.hu\/en\/a-magyarorszagi-csomagoloanyagok-piacanak-egyik-kozponti-szereplojeve-valtak\/","og_locale":"en_US","og_type":"article","og_title":"\u201eA magyarorsz\u00e1gi csomagol\u00f3anyagok piac\u00e1nak egyik k\u00f6zponti szerepl\u0151j\u00e9v\u00e9 v\u00e1ltak\u201d","og_description":"Az RDM Group \u00e9s a Color Pack Zrt. m\u00e1ra m\u00e1r szem\u00e9lyess\u00e9 \u00e9s k\u00f6zvetlenn\u00e9 v\u00e1lt kapcsolata kezdetben k\u00f6zvetett volt, mivel a v\u00e1llalat \u2013 kisebb mennyis\u00e9g rendel\u00e9sekor - eleinte nagykeresked\u0151 c\u00e9geken kereszt\u00fcl szerezte be alapanyagainkat.","og_url":"https:\/\/test.kartonpack.hu\/en\/a-magyarorszagi-csomagoloanyagok-piacanak-egyik-kozponti-szereplojeve-valtak\/","og_site_name":"Kartonpack","article_publisher":"https:\/\/www.facebook.com\/profile.php?id=100063640926339","article_published_time":"2025-02-02T10:35:00+00:00","article_modified_time":"2025-09-23T12:43:56+00:00","og_image":[{"width":1024,"height":491,"url":"https:\/\/test.kartonpack.hu\/wp-content\/uploads\/2024\/08\/rdm_group.jpg","type":"image\/jpeg"}],"author":"lencse Attila","twitter_card":"summary_large_image","twitter_misc":{"Written by":"lencse Attila","Est. reading time":"1 minute"},"schema":{"@context":"https:\/\/schema.org","@graph":[{"@type":"Article","@id":"https:\/\/test.kartonpack.hu\/a-magyarorszagi-csomagoloanyagok-piacanak-egyik-kozponti-szereplojeve-valtak\/#article","isPartOf":{"@id":"https:\/\/test.kartonpack.hu\/a-magyarorszagi-csomagoloanyagok-piacanak-egyik-kozponti-szereplojeve-valtak\/"},"author":{"name":"lencse Attila","@id":"https:\/\/test.kartonpack.hu\/#\/schema\/person\/c32d2606e48b5ff676073e75f5318e00"},"headline":"\u201eA magyarorsz\u00e1gi csomagol\u00f3anyagok piac\u00e1nak egyik k\u00f6zponti szerepl\u0151j\u00e9v\u00e9 v\u00e1ltak\u201d","datePublished":"2025-02-02T10:35:00+00:00","dateModified":"2025-09-23T12:43:56+00:00","mainEntityOfPage":{"@id":"https:\/\/test.kartonpack.hu\/a-magyarorszagi-csomagoloanyagok-piacanak-egyik-kozponti-szereplojeve-valtak\/"},"wordCount":292,"publisher":{"@id":"https:\/\/test.kartonpack.hu\/#organization"},"image":{"@id":"https:\/\/test.kartonpack.hu\/a-magyarorszagi-csomagoloanyagok-piacanak-egyik-kozponti-szereplojeve-valtak\/#primaryimage"},"thumbnailUrl":"https:\/\/test.kartonpack.hu\/wp-content\/uploads\/2024\/08\/rdm_group.jpg","keywords":["Aj\u00e1nl\u00e1s (k\u00e9k slider)"],"articleSection":["Partnereink"],"inLanguage":"en-US"},{"@type":"WebPage","@id":"https:\/\/test.kartonpack.hu\/a-magyarorszagi-csomagoloanyagok-piacanak-egyik-kozponti-szereplojeve-valtak\/","url":"https:\/\/test.kartonpack.hu\/a-magyarorszagi-csomagoloanyagok-piacanak-egyik-kozponti-szereplojeve-valtak\/","name":"\u201eA magyarorsz\u00e1gi csomagol\u00f3anyagok piac\u00e1nak egyik k\u00f6zponti szerepl\u0151j\u00e9v\u00e9 v\u00e1ltak\u201d - Kartonpack","isPartOf":{"@id":"https:\/\/test.kartonpack.hu\/#website"},"primaryImageOfPage":{"@id":"https:\/\/test.kartonpack.hu\/a-magyarorszagi-csomagoloanyagok-piacanak-egyik-kozponti-szereplojeve-valtak\/#primaryimage"},"image":{"@id":"https:\/\/test.kartonpack.hu\/a-magyarorszagi-csomagoloanyagok-piacanak-egyik-kozponti-szereplojeve-valtak\/#primaryimage"},"thumbnailUrl":"https:\/\/test.kartonpack.hu\/wp-content\/uploads\/2024\/08\/rdm_group.jpg","datePublished":"2025-02-02T10:35:00+00:00","dateModified":"2025-09-23T12:43:56+00:00","breadcrumb":{"@id":"https:\/\/test.kartonpack.hu\/a-magyarorszagi-csomagoloanyagok-piacanak-egyik-kozponti-szereplojeve-valtak\/#breadcrumb"},"inLanguage":"en-US","potentialAction":[{"@type":"ReadAction","target":["https:\/\/test.kartonpack.hu\/a-magyarorszagi-csomagoloanyagok-piacanak-egyik-kozponti-szereplojeve-valtak\/"]}]},{"@type":"ImageObject","inLanguage":"en-US","@id":"https:\/\/test.kartonpack.hu\/a-magyarorszagi-csomagoloanyagok-piacanak-egyik-kozponti-szereplojeve-valtak\/#primaryimage","url":"https:\/\/test.kartonpack.hu\/wp-content\/uploads\/2024\/08\/rdm_group.jpg","contentUrl":"https:\/\/test.kartonpack.hu\/wp-content\/uploads\/2024\/08\/rdm_group.jpg","width":1024,"height":491,"caption":"RDM Milan OFFICE \u00a9 Vicki Couchman Photographer 07957226911 vickicouchman.com"},{"@type":"BreadcrumbList","@id":"https:\/\/test.kartonpack.hu\/a-magyarorszagi-csomagoloanyagok-piacanak-egyik-kozponti-szereplojeve-valtak\/#breadcrumb","itemListElement":[{"@type":"ListItem","position":1,"name":"Kezd\u0151lap","item":"https:\/\/test.kartonpack.hu\/"},{"@type":"ListItem","position":2,"name":"\u201eA magyarorsz\u00e1gi csomagol\u00f3anyagok piac\u00e1nak egyik k\u00f6zponti szerepl\u0151j\u00e9v\u00e9 v\u00e1ltak\u201d"}]},{"@type":"WebSite","@id":"https:\/\/test.kartonpack.hu\/#website","url":"https:\/\/test.kartonpack.hu\/","name":"Color Pack","description":"Dobozipari Z\u00e1rtk\u00f6r\u0171en M\u0171k\u00f6d\u0151 R\u00e9szv\u00e9nyt\u00e1rsas\u00e1g","publisher":{"@id":"https:\/\/test.kartonpack.hu\/#organization"},"potentialAction":[{"@type":"SearchAction","target":{"@type":"EntryPoint","urlTemplate":"https:\/\/test.kartonpack.hu\/?s={search_term_string}"},"query-input":{"@type":"PropertyValueSpecification","valueRequired":true,"valueName":"search_term_string"}}],"inLanguage":"en-US"},{"@type":"Organization","@id":"https:\/\/test.kartonpack.hu\/#organization","name":"Color Pack Nyomdaipari \u00e9s Csackol\u00f3anyag Gy\u00e1rt\u00f3 Zrt.","url":"https:\/\/test.kartonpack.hu\/","logo":{"@type":"ImageObject","inLanguage":"en-US","@id":"https:\/\/test.kartonpack.hu\/#\/schema\/logo\/image\/","url":"https:\/\/test.kartonpack.hu\/wp-content\/uploads\/2026\/08\/kartonpack_logo-yellow.svg","contentUrl":"https:\/\/test.kartonpack.hu\/wp-content\/uploads\/2026\/08\/kartonpack_logo-yellow.svg","width":418.80000000000001136868377216160297393798828125,"height":50.89999999999999857891452847979962825775146484375,"caption":"Color Pack Nyomdaipari \u00e9s Csomagol\u00f3anyag Gy\u00e1rt\u00f3 Zrt."},"image":{"@id":"https:\/\/test.kartonpack.hu\/#\/schema\/logo\/image\/"},"sameAs":["https:\/\/www.facebook.com\/profile.php?id=100063640926339","https:\/\/www.linkedin.com\/company\/color-pack-co-\/"],"description":"A Color Pack Zrt. vil\u00e1gsz\u00ednvonal\u00fa nyomdai \u00e9s csomagol\u00f3ipari tervez\u0151 \u00e9s kivitelez\u0151i sszolg\u00e1ltat\u00e1s\u00e1t a magasan k\u00e9pzett szakembereink \u00e9s korszer\u0171 m\u0171szaki h\u00e1tter\u00fcnk teszi lehet\u0151v\u00e9. Elk\u00f6telezettek vagyunk amellett, hogy folyamatosan l\u00e9p\u00e9st tartsunk a fejl\u0151d\u00e9ssel, meg\u00fajuljunk, \u00e9s \u00e9len j\u00e1rjunk az \u00faj technol\u00f3gi\u00e1k, term\u00e9kek \u00e9s szolg\u00e1ltat\u00e1sok bevezet\u00e9s\u00e9ben \u2013 mindig partnereink ig\u00e9nyeihez igazodva.","email":"info@test.kartonpack.hu","telephone":"+36 (42) 433-845","legalName":"Color Pack Zrt.","foundingDate":"1990-12-18","taxID":"10470222-2-15","numberOfEmployees":{"@type":"QuantitativeValue","minValue":"51","maxValue":"200"}},{"@type":"Person","@id":"https:\/\/test.kartonpack.hu\/#\/schema\/person\/c32d2606e48b5ff676073e75f5318e00","name":"lencse Attila","image":{"@type":"ImageObject","inLanguage":"en-US","@id":"https:\/\/secure.gravatar.com\/avatar\/31d85ac3d6b188c0a1bbb90d31ca0a6bb6d4f27595cb2c13298df13f6a995140?s=96&d=mm&r=g","url":"https:\/\/secure.gravatar.com\/avatar\/31d85ac3d6b188c0a1bbb90d31ca0a6bb6d4f27595cb2c13298df13f6a995140?s=96&d=mm&r=g","contentUrl":"https:\/\/secure.gravatar.com\/avatar\/31d85ac3d6b188c0a1bbb90d31ca0a6bb6d4f27595cb2c13298df13f6a995140?s=96&d=mm&r=g","caption":"lencse Attila"}}]}},"views":846,"_links":{"self":[{"href":"https:\/\/test.kartonpack.hu\/en\/wp-json\/wp\/v2\/posts\/2604","targetHints":{"allow":["GET"]}}],"collection":[{"href":"https:\/\/test.kartonpack.hu\/en\/wp-json\/wp\/v2\/posts"}],"about":[{"href":"https:\/\/test.kartonpack.hu\/en\/wp-json\/wp\/v2\/types\/post"}],"author":[{"embeddable":true,"href":"https:\/\/test.kartonpack.hu\/en\/wp-json\/wp\/v2\/users\/1"}],"replies":[{"embeddable":true,"href":"https:\/\/test.kartonpack.hu\/en\/wp-json\/wp\/v2\/comments?post=2604"}],"version-history":[{"count":4,"href":"https:\/\/test.kartonpack.hu\/en\/wp-json\/wp\/v2\/posts\/2604\/revisions"}],"predecessor-version":[{"id":5835,"href":"https:\/\/test.kartonpack.hu\/en\/wp-json\/wp\/v2\/posts\/2604\/revisions\/5835"}],"wp:featuredmedia":[{"embeddable":true,"href":"https:\/\/test.kartonpack.hu\/en\/wp-json\/wp\/v2\/media\/4260"}],"wp:attachment":[{"href":"https:\/\/test.kartonpack.hu\/en\/wp-json\/wp\/v2\/media?parent=2604"}],"wp:term":[{"taxonomy":"category","embeddable":true,"href":"https:\/\/test.kartonpack.hu\/en\/wp-json\/wp\/v2\/categories?post=2604"},{"taxonomy":"post_tag","embeddable":true,"href":"https:\/\/test.kartonpack.hu\/en\/wp-json\/wp\/v2\/tags?post=2604"}],"curies":[{"name":"wp","href":"https:\/\/api.w.org\/{rel}","templated":true}]}}