{"id":2600,"date":"2025-01-20T10:34:00","date_gmt":"2025-01-20T10:34:00","guid":{"rendered":"https:\/\/colorpack.webforyou.dev\/?p=2600"},"modified":"2025-09-23T12:43:56","modified_gmt":"2025-09-23T12:43:56","slug":"color-pack-szakembergardaja-kiemelkedoen-jartas-a-colormenedzsment-vilagaban","status":"publish","type":"post","link":"https:\/\/test.kartonpack.hu\/en\/color-pack-szakembergardaja-kiemelkedoen-jartas-a-colormenedzsment-vilagaban\/","title":{"rendered":"\"The Color Pack team is highly skilled in the world of colour management\""},"content":{"rendered":"<p class=\"wp-block-paragraph\">We are delighted to have been a part of Color Pack Zrt. as a printing ink supplier for a good 20 years. The German printing inks company Hubergroup is the market leader in the ink supply market for quality packaging inks, so we have a clear insight into the technical capabilities of printers in this field, both in Western Europe and Eastern Europe.<br \/>Color Pack has outstanding technical expertise in the field of offset printing, and its products meet the highest technical standards. The technical standard is on a par with that of the large multinational global printers, but the possibility of a customer-oriented, flexible and short contact route is an added value compared to multi-companies.<br \/>In our central laboratory in Biatorb\u00e1gy we solve many unique and very delicate colouristic tasks for Color Pack. It's good to see that Color Pack's professional staff is highly skilled in the world of colouristics, because this is the only way to guarantee that the recipes and inks developed in the lab will produce the desired results on the press - and ultimately at the customer's site.<br \/>- G\u00e1bor Mile, Huber Group - Managing Director<\/p>","protected":false},"excerpt":{"rendered":"<p>We are delighted to have been a part of Color Pack Zrt. as a printing ink supplier for a good 20 years. The German printing inks company Hubergroup is the market leader in the ink supply market for quality packaging inks, so we have a clear insight into the technical capabilities of printers in this field, both in Western Europe and Eastern Europe.<\/p>","protected":false},"author":1,"featured_media":4258,"comment_status":"closed","ping_status":"closed","sticky":false,"template":"","format":"standard","meta":{"footnotes":""},"categories":[45],"tags":[37],"class_list":["post-2600","post","type-post","status-publish","format-standard","has-post-thumbnail","hentry","category-partnereink","tag-ajanlas"],"yoast_head":"<!-- This site is optimized with the Yoast SEO Premium plugin v28.3 (Yoast SEO v28.4) - https:\/\/yoast.com\/product\/yoast-seo-premium-wordpress\/ -->\n<title>\u201eColor Pack szakemberg\u00e1rd\u00e1ja kiemelked\u0151en j\u00e1rtas a colormenedzsment vil\u00e1g\u00e1ban\u201d - Kartonpack<\/title>\n<meta name=\"robots\" content=\"index, follow, max-snippet:-1, max-image-preview:large, max-video-preview:-1\" \/>\n<link rel=\"canonical\" href=\"https:\/\/test.kartonpack.hu\/en\/color-pack-szakembergardaja-kiemelkedoen-jartas-a-colormenedzsment-vilagaban\/\" \/>\n<meta property=\"og:locale\" content=\"en_US\" \/>\n<meta property=\"og:type\" content=\"article\" \/>\n<meta property=\"og:title\" content=\"\u201eColor Pack szakemberg\u00e1rd\u00e1ja kiemelked\u0151en j\u00e1rtas a colormenedzsment vil\u00e1g\u00e1ban\u201d\" \/>\n<meta property=\"og:description\" content=\"Nagy \u00f6r\u00f6m\u00fcnkre szolg\u00e1l, hogy a Color Pack Zrt. \u00e9let\u00e9ben nyomdafest\u00e9k-besz\u00e1ll\u00edt\u00f3k\u00e9nt j\u00f3 20 \u00e9ve r\u00e9szt vehet\u00fcnk. A n\u00e9met Hubergroup nyomdafest\u00e9kgy\u00e1r piacvezet\u0151 a min\u0151s\u00e9gi csomagol\u00f3anyag-gy\u00e1rt\u00f3 nyomd\u00e1k fest\u00e9kbesz\u00e1ll\u00edt\u00f3i piac\u00e1n, \u00edgy pontos r\u00e1l\u00e1t\u00e1sunk van a ter\u00fcleten m\u0171k\u00f6d\u0151 nyomd\u00e1k technikai felk\u00e9sz\u00fclts\u00e9g\u00e9re mind a nyugat-eur\u00f3pai, mind a kelet-eur\u00f3pai ter\u00fcleten.\" \/>\n<meta property=\"og:url\" content=\"https:\/\/test.kartonpack.hu\/en\/color-pack-szakembergardaja-kiemelkedoen-jartas-a-colormenedzsment-vilagaban\/\" \/>\n<meta property=\"og:site_name\" content=\"Kartonpack\" \/>\n<meta property=\"article:publisher\" content=\"https:\/\/www.facebook.com\/profile.php?id=100063640926339\" \/>\n<meta property=\"article:published_time\" content=\"2025-01-20T10:34:00+00:00\" \/>\n<meta property=\"article:modified_time\" content=\"2025-09-23T12:43:56+00:00\" \/>\n<meta property=\"og:image\" content=\"https:\/\/test.kartonpack.hu\/wp-content\/uploads\/2024\/08\/colormanagement-scaled.jpg\" \/>\n\t<meta property=\"og:image:width\" content=\"2560\" \/>\n\t<meta property=\"og:image:height\" content=\"1703\" \/>\n\t<meta property=\"og:image:type\" content=\"image\/jpeg\" \/>\n<meta name=\"author\" content=\"lencse Attila\" \/>\n<meta name=\"twitter:card\" content=\"summary_large_image\" \/>\n<meta name=\"twitter:label1\" content=\"Written by\" \/>\n\t<meta name=\"twitter:data1\" content=\"lencse Attila\" \/>\n\t<meta name=\"twitter:label2\" content=\"Est. reading time\" \/>\n\t<meta name=\"twitter:data2\" content=\"1 minute\" \/>\n<script type=\"application\/ld+json\" class=\"yoast-schema-graph\">{\"@context\":\"https:\\\/\\\/schema.org\",\"@graph\":[{\"@type\":\"Article\",\"@id\":\"https:\\\/\\\/test.kartonpack.hu\\\/color-pack-szakembergardaja-kiemelkedoen-jartas-a-colormenedzsment-vilagaban\\\/#article\",\"isPartOf\":{\"@id\":\"https:\\\/\\\/test.kartonpack.hu\\\/color-pack-szakembergardaja-kiemelkedoen-jartas-a-colormenedzsment-vilagaban\\\/\"},\"author\":{\"name\":\"lencse Attila\",\"@id\":\"https:\\\/\\\/test.kartonpack.hu\\\/#\\\/schema\\\/person\\\/c32d2606e48b5ff676073e75f5318e00\"},\"headline\":\"\u201eColor Pack szakemberg\u00e1rd\u00e1ja kiemelked\u0151en j\u00e1rtas a colormenedzsment vil\u00e1g\u00e1ban\u201d\",\"datePublished\":\"2025-01-20T10:34:00+00:00\",\"dateModified\":\"2025-09-23T12:43:56+00:00\",\"mainEntityOfPage\":{\"@id\":\"https:\\\/\\\/test.kartonpack.hu\\\/color-pack-szakembergardaja-kiemelkedoen-jartas-a-colormenedzsment-vilagaban\\\/\"},\"wordCount\":267,\"publisher\":{\"@id\":\"https:\\\/\\\/test.kartonpack.hu\\\/#organization\"},\"image\":{\"@id\":\"https:\\\/\\\/test.kartonpack.hu\\\/color-pack-szakembergardaja-kiemelkedoen-jartas-a-colormenedzsment-vilagaban\\\/#primaryimage\"},\"thumbnailUrl\":\"https:\\\/\\\/test.kartonpack.hu\\\/wp-content\\\/uploads\\\/2024\\\/08\\\/colormanagement-scaled.jpg\",\"keywords\":[\"Aj\u00e1nl\u00e1s (k\u00e9k slider)\"],\"articleSection\":[\"Partnereink\"],\"inLanguage\":\"en-US\"},{\"@type\":\"WebPage\",\"@id\":\"https:\\\/\\\/test.kartonpack.hu\\\/color-pack-szakembergardaja-kiemelkedoen-jartas-a-colormenedzsment-vilagaban\\\/\",\"url\":\"https:\\\/\\\/test.kartonpack.hu\\\/color-pack-szakembergardaja-kiemelkedoen-jartas-a-colormenedzsment-vilagaban\\\/\",\"name\":\"\u201eColor Pack szakemberg\u00e1rd\u00e1ja kiemelked\u0151en j\u00e1rtas a colormenedzsment vil\u00e1g\u00e1ban\u201d - Kartonpack\",\"isPartOf\":{\"@id\":\"https:\\\/\\\/test.kartonpack.hu\\\/#website\"},\"primaryImageOfPage\":{\"@id\":\"https:\\\/\\\/test.kartonpack.hu\\\/color-pack-szakembergardaja-kiemelkedoen-jartas-a-colormenedzsment-vilagaban\\\/#primaryimage\"},\"image\":{\"@id\":\"https:\\\/\\\/test.kartonpack.hu\\\/color-pack-szakembergardaja-kiemelkedoen-jartas-a-colormenedzsment-vilagaban\\\/#primaryimage\"},\"thumbnailUrl\":\"https:\\\/\\\/test.kartonpack.hu\\\/wp-content\\\/uploads\\\/2024\\\/08\\\/colormanagement-scaled.jpg\",\"datePublished\":\"2025-01-20T10:34:00+00:00\",\"dateModified\":\"2025-09-23T12:43:56+00:00\",\"breadcrumb\":{\"@id\":\"https:\\\/\\\/test.kartonpack.hu\\\/color-pack-szakembergardaja-kiemelkedoen-jartas-a-colormenedzsment-vilagaban\\\/#breadcrumb\"},\"inLanguage\":\"en-US\",\"potentialAction\":[{\"@type\":\"ReadAction\",\"target\":[\"https:\\\/\\\/test.kartonpack.hu\\\/color-pack-szakembergardaja-kiemelkedoen-jartas-a-colormenedzsment-vilagaban\\\/\"]}]},{\"@type\":\"ImageObject\",\"inLanguage\":\"en-US\",\"@id\":\"https:\\\/\\\/test.kartonpack.hu\\\/color-pack-szakembergardaja-kiemelkedoen-jartas-a-colormenedzsment-vilagaban\\\/#primaryimage\",\"url\":\"https:\\\/\\\/test.kartonpack.hu\\\/wp-content\\\/uploads\\\/2024\\\/08\\\/colormanagement-scaled.jpg\",\"contentUrl\":\"https:\\\/\\\/test.kartonpack.hu\\\/wp-content\\\/uploads\\\/2024\\\/08\\\/colormanagement-scaled.jpg\",\"width\":2560,\"height\":1703},{\"@type\":\"BreadcrumbList\",\"@id\":\"https:\\\/\\\/test.kartonpack.hu\\\/color-pack-szakembergardaja-kiemelkedoen-jartas-a-colormenedzsment-vilagaban\\\/#breadcrumb\",\"itemListElement\":[{\"@type\":\"ListItem\",\"position\":1,\"name\":\"Kezd\u0151lap\",\"item\":\"https:\\\/\\\/test.kartonpack.hu\\\/\"},{\"@type\":\"ListItem\",\"position\":2,\"name\":\"\u201eColor Pack szakemberg\u00e1rd\u00e1ja kiemelked\u0151en j\u00e1rtas a colormenedzsment vil\u00e1g\u00e1ban\u201d\"}]},{\"@type\":\"WebSite\",\"@id\":\"https:\\\/\\\/test.kartonpack.hu\\\/#website\",\"url\":\"https:\\\/\\\/test.kartonpack.hu\\\/\",\"name\":\"Color Pack\",\"description\":\"Dobozipari Z\u00e1rtk\u00f6r\u0171en M\u0171k\u00f6d\u0151 R\u00e9szv\u00e9nyt\u00e1rsas\u00e1g\",\"publisher\":{\"@id\":\"https:\\\/\\\/test.kartonpack.hu\\\/#organization\"},\"potentialAction\":[{\"@type\":\"SearchAction\",\"target\":{\"@type\":\"EntryPoint\",\"urlTemplate\":\"https:\\\/\\\/test.kartonpack.hu\\\/?s={search_term_string}\"},\"query-input\":{\"@type\":\"PropertyValueSpecification\",\"valueRequired\":true,\"valueName\":\"search_term_string\"}}],\"inLanguage\":\"en-US\"},{\"@type\":\"Organization\",\"@id\":\"https:\\\/\\\/test.kartonpack.hu\\\/#organization\",\"name\":\"Color Pack Nyomdaipari \u00e9s Csomagol\u00f3anyag Gy\u00e1rt\u00f3 Zrt.\",\"url\":\"https:\\\/\\\/test.kartonpack.hu\\\/\",\"logo\":{\"@type\":\"ImageObject\",\"inLanguage\":\"en-US\",\"@id\":\"https:\\\/\\\/test.kartonpack.hu\\\/#\\\/schema\\\/logo\\\/image\\\/\",\"url\":\"https:\\\/\\\/test.kartonpack.hu\\\/wp-content\\\/uploads\\\/2026\\\/08\\\/kartonpack_logo-yellow.svg\",\"contentUrl\":\"https:\\\/\\\/test.kartonpack.hu\\\/wp-content\\\/uploads\\\/2026\\\/08\\\/kartonpack_logo-yellow.svg\",\"width\":418.80000000000001136868377216160297393798828125,\"height\":50.89999999999999857891452847979962825775146484375,\"caption\":\"Color Pack Nyomdaipari \u00e9s Csomagol\u00f3anyag Gy\u00e1rt\u00f3 Zrt.\"},\"image\":{\"@id\":\"https:\\\/\\\/test.kartonpack.hu\\\/#\\\/schema\\\/logo\\\/image\\\/\"},\"sameAs\":[\"https:\\\/\\\/www.facebook.com\\\/profile.php?id=100063640926339\",\"https:\\\/\\\/www.linkedin.com\\\/company\\\/color-pack-co-\\\/\"],\"description\":\"A Color Pack Zrt. vil\u00e1gsz\u00ednvonal\u00fa nyomdai \u00e9s csomagol\u00f3ipari tervez\u0151 \u00e9s kivitelez\u0151i sszolg\u00e1ltat\u00e1s\u00e1t a magasan k\u00e9pzett szakembereink \u00e9s korszer\u0171 m\u0171szaki h\u00e1tter\u00fcnk teszi lehet\u0151v\u00e9. Elk\u00f6telezettek vagyunk amellett, hogy folyamatosan l\u00e9p\u00e9st tartsunk a fejl\u0151d\u00e9ssel, meg\u00fajuljunk, \u00e9s \u00e9len j\u00e1rjunk az \u00faj technol\u00f3gi\u00e1k, term\u00e9kek \u00e9s szolg\u00e1ltat\u00e1sok bevezet\u00e9s\u00e9ben \u2013 mindig partnereink ig\u00e9nyeihez igazodva.\",\"email\":\"info@test.kartonpack.hu\",\"telephone\":\"+36 (42) 433-845\",\"legalName\":\"Color Pack Zrt.\",\"foundingDate\":\"1990-12-18\",\"taxID\":\"10470222-2-15\",\"numberOfEmployees\":{\"@type\":\"QuantitativeValue\",\"minValue\":\"51\",\"maxValue\":\"200\"}},{\"@type\":\"Person\",\"@id\":\"https:\\\/\\\/test.kartonpack.hu\\\/#\\\/schema\\\/person\\\/c32d2606e48b5ff676073e75f5318e00\",\"name\":\"lencse Attila\",\"image\":{\"@type\":\"ImageObject\",\"inLanguage\":\"en-US\",\"@id\":\"https:\\\/\\\/secure.gravatar.com\\\/avatar\\\/31d85ac3d6b188c0a1bbb90d31ca0a6bb6d4f27595cb2c13298df13f6a995140?s=96&d=mm&r=g\",\"url\":\"https:\\\/\\\/secure.gravatar.com\\\/avatar\\\/31d85ac3d6b188c0a1bbb90d31ca0a6bb6d4f27595cb2c13298df13f6a995140?s=96&d=mm&r=g\",\"contentUrl\":\"https:\\\/\\\/secure.gravatar.com\\\/avatar\\\/31d85ac3d6b188c0a1bbb90d31ca0a6bb6d4f27595cb2c13298df13f6a995140?s=96&d=mm&r=g\",\"caption\":\"lencse Attila\"}}]}<\/script>\n<!-- \/ Yoast SEO Premium plugin. -->","yoast_head_json":{"title":"\u201eColor Pack szakemberg\u00e1rd\u00e1ja kiemelked\u0151en j\u00e1rtas a colormenedzsment vil\u00e1g\u00e1ban\u201d - Kartonpack","robots":{"index":"index","follow":"follow","max-snippet":"max-snippet:-1","max-image-preview":"max-image-preview:large","max-video-preview":"max-video-preview:-1"},"canonical":"https:\/\/test.kartonpack.hu\/en\/color-pack-szakembergardaja-kiemelkedoen-jartas-a-colormenedzsment-vilagaban\/","og_locale":"en_US","og_type":"article","og_title":"\u201eColor Pack szakemberg\u00e1rd\u00e1ja kiemelked\u0151en j\u00e1rtas a colormenedzsment vil\u00e1g\u00e1ban\u201d","og_description":"Nagy \u00f6r\u00f6m\u00fcnkre szolg\u00e1l, hogy a Color Pack Zrt. \u00e9let\u00e9ben nyomdafest\u00e9k-besz\u00e1ll\u00edt\u00f3k\u00e9nt j\u00f3 20 \u00e9ve r\u00e9szt vehet\u00fcnk. A n\u00e9met Hubergroup nyomdafest\u00e9kgy\u00e1r piacvezet\u0151 a min\u0151s\u00e9gi csomagol\u00f3anyag-gy\u00e1rt\u00f3 nyomd\u00e1k fest\u00e9kbesz\u00e1ll\u00edt\u00f3i piac\u00e1n, \u00edgy pontos r\u00e1l\u00e1t\u00e1sunk van a ter\u00fcleten m\u0171k\u00f6d\u0151 nyomd\u00e1k technikai felk\u00e9sz\u00fclts\u00e9g\u00e9re mind a nyugat-eur\u00f3pai, mind a kelet-eur\u00f3pai ter\u00fcleten.","og_url":"https:\/\/test.kartonpack.hu\/en\/color-pack-szakembergardaja-kiemelkedoen-jartas-a-colormenedzsment-vilagaban\/","og_site_name":"Kartonpack","article_publisher":"https:\/\/www.facebook.com\/profile.php?id=100063640926339","article_published_time":"2025-01-20T10:34:00+00:00","article_modified_time":"2025-09-23T12:43:56+00:00","og_image":[{"width":2560,"height":1703,"url":"https:\/\/test.kartonpack.hu\/wp-content\/uploads\/2024\/08\/colormanagement-scaled.jpg","type":"image\/jpeg"}],"author":"lencse Attila","twitter_card":"summary_large_image","twitter_misc":{"Written by":"lencse Attila","Est. reading time":"1 minute"},"schema":{"@context":"https:\/\/schema.org","@graph":[{"@type":"Article","@id":"https:\/\/test.kartonpack.hu\/color-pack-szakembergardaja-kiemelkedoen-jartas-a-colormenedzsment-vilagaban\/#article","isPartOf":{"@id":"https:\/\/test.kartonpack.hu\/color-pack-szakembergardaja-kiemelkedoen-jartas-a-colormenedzsment-vilagaban\/"},"author":{"name":"lencse Attila","@id":"https:\/\/test.kartonpack.hu\/#\/schema\/person\/c32d2606e48b5ff676073e75f5318e00"},"headline":"\u201eColor Pack szakemberg\u00e1rd\u00e1ja kiemelked\u0151en j\u00e1rtas a colormenedzsment vil\u00e1g\u00e1ban\u201d","datePublished":"2025-01-20T10:34:00+00:00","dateModified":"2025-09-23T12:43:56+00:00","mainEntityOfPage":{"@id":"https:\/\/test.kartonpack.hu\/color-pack-szakembergardaja-kiemelkedoen-jartas-a-colormenedzsment-vilagaban\/"},"wordCount":267,"publisher":{"@id":"https:\/\/test.kartonpack.hu\/#organization"},"image":{"@id":"https:\/\/test.kartonpack.hu\/color-pack-szakembergardaja-kiemelkedoen-jartas-a-colormenedzsment-vilagaban\/#primaryimage"},"thumbnailUrl":"https:\/\/test.kartonpack.hu\/wp-content\/uploads\/2024\/08\/colormanagement-scaled.jpg","keywords":["Aj\u00e1nl\u00e1s (k\u00e9k slider)"],"articleSection":["Partnereink"],"inLanguage":"en-US"},{"@type":"WebPage","@id":"https:\/\/test.kartonpack.hu\/color-pack-szakembergardaja-kiemelkedoen-jartas-a-colormenedzsment-vilagaban\/","url":"https:\/\/test.kartonpack.hu\/color-pack-szakembergardaja-kiemelkedoen-jartas-a-colormenedzsment-vilagaban\/","name":"\u201eColor Pack szakemberg\u00e1rd\u00e1ja kiemelked\u0151en j\u00e1rtas a colormenedzsment vil\u00e1g\u00e1ban\u201d - Kartonpack","isPartOf":{"@id":"https:\/\/test.kartonpack.hu\/#website"},"primaryImageOfPage":{"@id":"https:\/\/test.kartonpack.hu\/color-pack-szakembergardaja-kiemelkedoen-jartas-a-colormenedzsment-vilagaban\/#primaryimage"},"image":{"@id":"https:\/\/test.kartonpack.hu\/color-pack-szakembergardaja-kiemelkedoen-jartas-a-colormenedzsment-vilagaban\/#primaryimage"},"thumbnailUrl":"https:\/\/test.kartonpack.hu\/wp-content\/uploads\/2024\/08\/colormanagement-scaled.jpg","datePublished":"2025-01-20T10:34:00+00:00","dateModified":"2025-09-23T12:43:56+00:00","breadcrumb":{"@id":"https:\/\/test.kartonpack.hu\/color-pack-szakembergardaja-kiemelkedoen-jartas-a-colormenedzsment-vilagaban\/#breadcrumb"},"inLanguage":"en-US","potentialAction":[{"@type":"ReadAction","target":["https:\/\/test.kartonpack.hu\/color-pack-szakembergardaja-kiemelkedoen-jartas-a-colormenedzsment-vilagaban\/"]}]},{"@type":"ImageObject","inLanguage":"en-US","@id":"https:\/\/test.kartonpack.hu\/color-pack-szakembergardaja-kiemelkedoen-jartas-a-colormenedzsment-vilagaban\/#primaryimage","url":"https:\/\/test.kartonpack.hu\/wp-content\/uploads\/2024\/08\/colormanagement-scaled.jpg","contentUrl":"https:\/\/test.kartonpack.hu\/wp-content\/uploads\/2024\/08\/colormanagement-scaled.jpg","width":2560,"height":1703},{"@type":"BreadcrumbList","@id":"https:\/\/test.kartonpack.hu\/color-pack-szakembergardaja-kiemelkedoen-jartas-a-colormenedzsment-vilagaban\/#breadcrumb","itemListElement":[{"@type":"ListItem","position":1,"name":"Kezd\u0151lap","item":"https:\/\/test.kartonpack.hu\/"},{"@type":"ListItem","position":2,"name":"\u201eColor Pack szakemberg\u00e1rd\u00e1ja kiemelked\u0151en j\u00e1rtas a colormenedzsment vil\u00e1g\u00e1ban\u201d"}]},{"@type":"WebSite","@id":"https:\/\/test.kartonpack.hu\/#website","url":"https:\/\/test.kartonpack.hu\/","name":"Color Pack","description":"Dobozipari Z\u00e1rtk\u00f6r\u0171en M\u0171k\u00f6d\u0151 R\u00e9szv\u00e9nyt\u00e1rsas\u00e1g","publisher":{"@id":"https:\/\/test.kartonpack.hu\/#organization"},"potentialAction":[{"@type":"SearchAction","target":{"@type":"EntryPoint","urlTemplate":"https:\/\/test.kartonpack.hu\/?s={search_term_string}"},"query-input":{"@type":"PropertyValueSpecification","valueRequired":true,"valueName":"search_term_string"}}],"inLanguage":"en-US"},{"@type":"Organization","@id":"https:\/\/test.kartonpack.hu\/#organization","name":"Color Pack Nyomdaipari \u00e9s Csackol\u00f3anyag Gy\u00e1rt\u00f3 Zrt.","url":"https:\/\/test.kartonpack.hu\/","logo":{"@type":"ImageObject","inLanguage":"en-US","@id":"https:\/\/test.kartonpack.hu\/#\/schema\/logo\/image\/","url":"https:\/\/test.kartonpack.hu\/wp-content\/uploads\/2026\/08\/kartonpack_logo-yellow.svg","contentUrl":"https:\/\/test.kartonpack.hu\/wp-content\/uploads\/2026\/08\/kartonpack_logo-yellow.svg","width":418.80000000000001136868377216160297393798828125,"height":50.89999999999999857891452847979962825775146484375,"caption":"Color Pack Nyomdaipari \u00e9s Csomagol\u00f3anyag Gy\u00e1rt\u00f3 Zrt."},"image":{"@id":"https:\/\/test.kartonpack.hu\/#\/schema\/logo\/image\/"},"sameAs":["https:\/\/www.facebook.com\/profile.php?id=100063640926339","https:\/\/www.linkedin.com\/company\/color-pack-co-\/"],"description":"A Color Pack Zrt. vil\u00e1gsz\u00ednvonal\u00fa nyomdai \u00e9s csomagol\u00f3ipari tervez\u0151 \u00e9s kivitelez\u0151i sszolg\u00e1ltat\u00e1s\u00e1t a magasan k\u00e9pzett szakembereink \u00e9s korszer\u0171 m\u0171szaki h\u00e1tter\u00fcnk teszi lehet\u0151v\u00e9. Elk\u00f6telezettek vagyunk amellett, hogy folyamatosan l\u00e9p\u00e9st tartsunk a fejl\u0151d\u00e9ssel, meg\u00fajuljunk, \u00e9s \u00e9len j\u00e1rjunk az \u00faj technol\u00f3gi\u00e1k, term\u00e9kek \u00e9s szolg\u00e1ltat\u00e1sok bevezet\u00e9s\u00e9ben \u2013 mindig partnereink ig\u00e9nyeihez igazodva.","email":"info@test.kartonpack.hu","telephone":"+36 (42) 433-845","legalName":"Color Pack Zrt.","foundingDate":"1990-12-18","taxID":"10470222-2-15","numberOfEmployees":{"@type":"QuantitativeValue","minValue":"51","maxValue":"200"}},{"@type":"Person","@id":"https:\/\/test.kartonpack.hu\/#\/schema\/person\/c32d2606e48b5ff676073e75f5318e00","name":"lencse Attila","image":{"@type":"ImageObject","inLanguage":"en-US","@id":"https:\/\/secure.gravatar.com\/avatar\/31d85ac3d6b188c0a1bbb90d31ca0a6bb6d4f27595cb2c13298df13f6a995140?s=96&d=mm&r=g","url":"https:\/\/secure.gravatar.com\/avatar\/31d85ac3d6b188c0a1bbb90d31ca0a6bb6d4f27595cb2c13298df13f6a995140?s=96&d=mm&r=g","contentUrl":"https:\/\/secure.gravatar.com\/avatar\/31d85ac3d6b188c0a1bbb90d31ca0a6bb6d4f27595cb2c13298df13f6a995140?s=96&d=mm&r=g","caption":"lencse Attila"}}]}},"views":726,"_links":{"self":[{"href":"https:\/\/test.kartonpack.hu\/en\/wp-json\/wp\/v2\/posts\/2600","targetHints":{"allow":["GET"]}}],"collection":[{"href":"https:\/\/test.kartonpack.hu\/en\/wp-json\/wp\/v2\/posts"}],"about":[{"href":"https:\/\/test.kartonpack.hu\/en\/wp-json\/wp\/v2\/types\/post"}],"author":[{"embeddable":true,"href":"https:\/\/test.kartonpack.hu\/en\/wp-json\/wp\/v2\/users\/1"}],"replies":[{"embeddable":true,"href":"https:\/\/test.kartonpack.hu\/en\/wp-json\/wp\/v2\/comments?post=2600"}],"version-history":[{"count":5,"href":"https:\/\/test.kartonpack.hu\/en\/wp-json\/wp\/v2\/posts\/2600\/revisions"}],"predecessor-version":[{"id":5842,"href":"https:\/\/test.kartonpack.hu\/en\/wp-json\/wp\/v2\/posts\/2600\/revisions\/5842"}],"wp:featuredmedia":[{"embeddable":true,"href":"https:\/\/test.kartonpack.hu\/en\/wp-json\/wp\/v2\/media\/4258"}],"wp:attachment":[{"href":"https:\/\/test.kartonpack.hu\/en\/wp-json\/wp\/v2\/media?parent=2600"}],"wp:term":[{"taxonomy":"category","embeddable":true,"href":"https:\/\/test.kartonpack.hu\/en\/wp-json\/wp\/v2\/categories?post=2600"},{"taxonomy":"post_tag","embeddable":true,"href":"https:\/\/test.kartonpack.hu\/en\/wp-json\/wp\/v2\/tags?post=2600"}],"curies":[{"name":"wp","href":"https:\/\/api.w.org\/{rel}","templated":true}]}}