{"id":2598,"date":"2024-08-30T10:33:49","date_gmt":"2024-08-30T10:33:49","guid":{"rendered":"https:\/\/colorpack.webforyou.dev\/?p=2598"},"modified":"2025-09-24T14:20:11","modified_gmt":"2025-09-24T14:20:11","slug":"a-color-pack-szeret-elso-lenni","status":"publish","type":"post","link":"https:\/\/test.kartonpack.hu\/en\/a-color-pack-szeret-elso-lenni\/","title":{"rendered":"\"Color Pack likes to be first\""},"content":{"rendered":"<div data-elementor-type=\"wp-post\" data-elementor-id=\"2598\" class=\"elementor elementor-2598\" data-elementor-post-type=\"post\">\n\t\t\t\t<div class=\"elementor-element elementor-element-1c4821fb e-flex e-con-boxed e-con e-parent\" data-id=\"1c4821fb\" data-element_type=\"container\" data-e-type=\"container\" data-settings=\"{&quot;jet_parallax_layout_list&quot;:[]}\">\n\t\t\t\t\t<div class=\"e-con-inner\">\n\t\t\t\t<div class=\"elementor-element elementor-element-65ff1ac2 elementor-widget elementor-widget-text-editor\" data-id=\"65ff1ac2\" data-element_type=\"widget\" data-e-type=\"widget\" data-widget_type=\"text-editor.default\">\n\t\t\t\t<div class=\"elementor-widget-container\">\n\t\t\t\t\t\t\t\t\t<p>The relationship between Heidelberg Hungary Trading Ltd. and Color Pack Zrt. started more than 20 years ago.<\/p>\n<p>In 2001, we met for the first time at the Printexpo printing exhibition, where id. L\u00e1szl\u00f3 Zsukk, the then president of Color Pack. At that time, the printing industry in Hungary was still in the GTO small press era.<\/p>\n<p>Color Pack didn't want to be one of the many and immediately bought a B2 four-colour Heidelberg press, which became quite a rarity in 2001. That's where our relationship started and where Color Pack got its start in the field of quality, industrial printing.<\/p>\n<p>Since then, the company has continued to grow, and it would be difficult to describe how many printing machines have been purchased from us to reach the current level of development, which is the Heidelberg Speedmaster XL106-6+L, the pinnacle of the printing industry. Only the \u201dbig players\u201d have this cutting edge technology, even on a global scale.<\/p>\n<p>Our relationship is based entirely on reciprocity, with the company helping Heidelberg, the world's leading printing press manufacturer, with two developments.<\/p>\n<p>Color Pack tested for the first time in the world the latest Heidelberg-developed electrical switch cabinets, and also tested the Heidelberg die-cutter, which was developed specifically for them and enabled high-speed individual die-cutting of labels at high speeds.<\/p>\n<p><strong>In a word<\/strong>: the Color Pack likes to be first!!!!<\/p>\n<p>The fact that cooperation remains excellent shows that we have successfully resolved all issues and tasks that have arisen with mutual flexibility.<\/p>\n<p>Ifj. L\u00e1szl\u00f3 Zsukk, the current president, and I have a weekly relationship, more of a friendship after all this time. Whenever there is a complication or difficulty, Color Pack always seeks dialogue, we have never felt a subordinate-superior relationship, we have always been treated as \u201ePartners\u201d in the strictest sense of the word.<\/p>\n<p>We rarely say this, but what is our relationship with Color Pack? In a word: PERFECT!!!!!<\/p>\n<p>- <em><strong>P\u00e9ter Jakub\u00e1sz, Heidelberg<\/strong> - managing director<\/em><\/p>\t\t\t\t\t\t\t\t<\/div>\n\t\t\t\t<\/div>\n\t\t\t\t\t<\/div>\n\t\t\t\t<\/div>\n\t\t\t\t<\/div>","protected":false},"excerpt":{"rendered":"<p>A Heidelberg Magyarorsz\u00e1g Kereskedelmi Kft. \u00e9s a Color Pack Zrt. kapcsolata imm\u00e1r t\u00f6bb mint 20 \u00e9ve kezd\u0151d\u00f6tt. 2001-ben a Printexpo nyomdaipari ki\u00e1ll\u00edt\u00e1son tal\u00e1lkoztunk el\u0151sz\u00f6r id. Zsukk L\u00e1szl\u00f3val, a Color Pack akkori eln\u00f6k\u00e9vel. Magyarorsz\u00e1gon ebben az id\u0151ben m\u00e9g a GTO kisg\u00e9pes korszak\u00e1t \u00e9lte a nyomdaipar. A Color Pack nem akart egy lenni a sok k\u00f6z\u00fcl, \u00e9s r\u00f6gt\u00f6n egy B2-es n\u00e9gysz\u00ednes Heidelberg-nyom\u00f3g\u00e9pet v\u00e1s\u00e1rolt, ami el\u00e9g ritkas\u00e1g sz\u00e1mba ment 2001-ben.<\/p>","protected":false},"author":1,"featured_media":4259,"comment_status":"closed","ping_status":"closed","sticky":false,"template":"","format":"standard","meta":{"footnotes":""},"categories":[35,45],"tags":[],"class_list":["post-2598","post","type-post","status-publish","format-standard","has-post-thumbnail","hentry","category-hireink","category-partnereink"],"yoast_head":"<!-- This site is optimized with the Yoast SEO Premium plugin v28.3 (Yoast SEO v28.4) - https:\/\/yoast.com\/product\/yoast-seo-premium-wordpress\/ -->\n<title>\u201eA Color Pack szeret els\u0151 lenni\u201d - Kartonpack<\/title>\n<meta name=\"robots\" content=\"index, follow, max-snippet:-1, max-image-preview:large, max-video-preview:-1\" \/>\n<link rel=\"canonical\" href=\"https:\/\/test.kartonpack.hu\/en\/a-color-pack-szeret-elso-lenni\/\" \/>\n<meta property=\"og:locale\" content=\"en_US\" \/>\n<meta property=\"og:type\" content=\"article\" \/>\n<meta property=\"og:title\" content=\"\u201eA Color Pack szeret els\u0151 lenni\u201d\" \/>\n<meta property=\"og:description\" content=\"A Heidelberg Magyarorsz\u00e1g Kereskedelmi Kft. \u00e9s a Color Pack Zrt. kapcsolata imm\u00e1r t\u00f6bb mint 20 \u00e9ve kezd\u0151d\u00f6tt. 2001-ben a Printexpo nyomdaipari ki\u00e1ll\u00edt\u00e1son tal\u00e1lkoztunk el\u0151sz\u00f6r id. Zsukk L\u00e1szl\u00f3val, a Color Pack akkori eln\u00f6k\u00e9vel. Magyarorsz\u00e1gon ebben az id\u0151ben m\u00e9g a GTO kisg\u00e9pes korszak\u00e1t \u00e9lte a nyomdaipar. A Color Pack nem akart egy lenni a sok k\u00f6z\u00fcl, \u00e9s r\u00f6gt\u00f6n egy B2-es n\u00e9gysz\u00ednes Heidelberg-nyom\u00f3g\u00e9pet v\u00e1s\u00e1rolt, ami el\u00e9g ritkas\u00e1g sz\u00e1mba ment 2001-ben.\" \/>\n<meta property=\"og:url\" content=\"https:\/\/test.kartonpack.hu\/en\/a-color-pack-szeret-elso-lenni\/\" \/>\n<meta property=\"og:site_name\" content=\"Kartonpack\" \/>\n<meta property=\"article:publisher\" content=\"https:\/\/www.facebook.com\/profile.php?id=100063640926339\" \/>\n<meta property=\"article:published_time\" content=\"2024-08-30T10:33:49+00:00\" \/>\n<meta property=\"article:modified_time\" content=\"2025-09-24T14:20:11+00:00\" \/>\n<meta property=\"og:image\" content=\"https:\/\/test.kartonpack.hu\/wp-content\/uploads\/2024\/08\/heidelberg.jpeg\" \/>\n\t<meta property=\"og:image:width\" content=\"960\" \/>\n\t<meta property=\"og:image:height\" content=\"543\" \/>\n\t<meta property=\"og:image:type\" content=\"image\/jpeg\" \/>\n<meta name=\"author\" content=\"lencse Attila\" \/>\n<meta name=\"twitter:card\" content=\"summary_large_image\" \/>\n<meta name=\"twitter:label1\" content=\"Written by\" \/>\n\t<meta name=\"twitter:data1\" content=\"lencse Attila\" \/>\n\t<meta name=\"twitter:label2\" content=\"Est. reading time\" \/>\n\t<meta name=\"twitter:data2\" content=\"2 minutes\" \/>\n<script type=\"application\/ld+json\" class=\"yoast-schema-graph\">{\"@context\":\"https:\\\/\\\/schema.org\",\"@graph\":[{\"@type\":\"Article\",\"@id\":\"https:\\\/\\\/test.kartonpack.hu\\\/a-color-pack-szeret-elso-lenni\\\/#article\",\"isPartOf\":{\"@id\":\"https:\\\/\\\/test.kartonpack.hu\\\/a-color-pack-szeret-elso-lenni\\\/\"},\"author\":{\"name\":\"lencse Attila\",\"@id\":\"https:\\\/\\\/test.kartonpack.hu\\\/#\\\/schema\\\/person\\\/c32d2606e48b5ff676073e75f5318e00\"},\"headline\":\"\u201eA Color Pack szeret els\u0151 lenni\u201d\",\"datePublished\":\"2024-08-30T10:33:49+00:00\",\"dateModified\":\"2025-09-24T14:20:11+00:00\",\"mainEntityOfPage\":{\"@id\":\"https:\\\/\\\/test.kartonpack.hu\\\/a-color-pack-szeret-elso-lenni\\\/\"},\"wordCount\":413,\"publisher\":{\"@id\":\"https:\\\/\\\/test.kartonpack.hu\\\/#organization\"},\"image\":{\"@id\":\"https:\\\/\\\/test.kartonpack.hu\\\/a-color-pack-szeret-elso-lenni\\\/#primaryimage\"},\"thumbnailUrl\":\"https:\\\/\\\/test.kartonpack.hu\\\/wp-content\\\/uploads\\\/2024\\\/08\\\/heidelberg.jpeg\",\"articleSection\":[\"H\u00edr\",\"Partnereink\"],\"inLanguage\":\"en-US\"},{\"@type\":\"WebPage\",\"@id\":\"https:\\\/\\\/test.kartonpack.hu\\\/a-color-pack-szeret-elso-lenni\\\/\",\"url\":\"https:\\\/\\\/test.kartonpack.hu\\\/a-color-pack-szeret-elso-lenni\\\/\",\"name\":\"\u201eA Color Pack szeret els\u0151 lenni\u201d - Kartonpack\",\"isPartOf\":{\"@id\":\"https:\\\/\\\/test.kartonpack.hu\\\/#website\"},\"primaryImageOfPage\":{\"@id\":\"https:\\\/\\\/test.kartonpack.hu\\\/a-color-pack-szeret-elso-lenni\\\/#primaryimage\"},\"image\":{\"@id\":\"https:\\\/\\\/test.kartonpack.hu\\\/a-color-pack-szeret-elso-lenni\\\/#primaryimage\"},\"thumbnailUrl\":\"https:\\\/\\\/test.kartonpack.hu\\\/wp-content\\\/uploads\\\/2024\\\/08\\\/heidelberg.jpeg\",\"datePublished\":\"2024-08-30T10:33:49+00:00\",\"dateModified\":\"2025-09-24T14:20:11+00:00\",\"breadcrumb\":{\"@id\":\"https:\\\/\\\/test.kartonpack.hu\\\/a-color-pack-szeret-elso-lenni\\\/#breadcrumb\"},\"inLanguage\":\"en-US\",\"potentialAction\":[{\"@type\":\"ReadAction\",\"target\":[\"https:\\\/\\\/test.kartonpack.hu\\\/a-color-pack-szeret-elso-lenni\\\/\"]}]},{\"@type\":\"ImageObject\",\"inLanguage\":\"en-US\",\"@id\":\"https:\\\/\\\/test.kartonpack.hu\\\/a-color-pack-szeret-elso-lenni\\\/#primaryimage\",\"url\":\"https:\\\/\\\/test.kartonpack.hu\\\/wp-content\\\/uploads\\\/2024\\\/08\\\/heidelberg.jpeg\",\"contentUrl\":\"https:\\\/\\\/test.kartonpack.hu\\\/wp-content\\\/uploads\\\/2024\\\/08\\\/heidelberg.jpeg\",\"width\":960,\"height\":543},{\"@type\":\"BreadcrumbList\",\"@id\":\"https:\\\/\\\/test.kartonpack.hu\\\/a-color-pack-szeret-elso-lenni\\\/#breadcrumb\",\"itemListElement\":[{\"@type\":\"ListItem\",\"position\":1,\"name\":\"Kezd\u0151lap\",\"item\":\"https:\\\/\\\/test.kartonpack.hu\\\/\"},{\"@type\":\"ListItem\",\"position\":2,\"name\":\"\u201eA Color Pack szeret els\u0151 lenni\u201d\"}]},{\"@type\":\"WebSite\",\"@id\":\"https:\\\/\\\/test.kartonpack.hu\\\/#website\",\"url\":\"https:\\\/\\\/test.kartonpack.hu\\\/\",\"name\":\"Color Pack\",\"description\":\"Dobozipari Z\u00e1rtk\u00f6r\u0171en M\u0171k\u00f6d\u0151 R\u00e9szv\u00e9nyt\u00e1rsas\u00e1g\",\"publisher\":{\"@id\":\"https:\\\/\\\/test.kartonpack.hu\\\/#organization\"},\"potentialAction\":[{\"@type\":\"SearchAction\",\"target\":{\"@type\":\"EntryPoint\",\"urlTemplate\":\"https:\\\/\\\/test.kartonpack.hu\\\/?s={search_term_string}\"},\"query-input\":{\"@type\":\"PropertyValueSpecification\",\"valueRequired\":true,\"valueName\":\"search_term_string\"}}],\"inLanguage\":\"en-US\"},{\"@type\":\"Organization\",\"@id\":\"https:\\\/\\\/test.kartonpack.hu\\\/#organization\",\"name\":\"Color Pack Nyomdaipari \u00e9s Csomagol\u00f3anyag Gy\u00e1rt\u00f3 Zrt.\",\"url\":\"https:\\\/\\\/test.kartonpack.hu\\\/\",\"logo\":{\"@type\":\"ImageObject\",\"inLanguage\":\"en-US\",\"@id\":\"https:\\\/\\\/test.kartonpack.hu\\\/#\\\/schema\\\/logo\\\/image\\\/\",\"url\":\"https:\\\/\\\/test.kartonpack.hu\\\/wp-content\\\/uploads\\\/2026\\\/08\\\/kartonpack_logo-yellow.svg\",\"contentUrl\":\"https:\\\/\\\/test.kartonpack.hu\\\/wp-content\\\/uploads\\\/2026\\\/08\\\/kartonpack_logo-yellow.svg\",\"width\":418.80000000000001136868377216160297393798828125,\"height\":50.89999999999999857891452847979962825775146484375,\"caption\":\"Color Pack Nyomdaipari \u00e9s Csomagol\u00f3anyag Gy\u00e1rt\u00f3 Zrt.\"},\"image\":{\"@id\":\"https:\\\/\\\/test.kartonpack.hu\\\/#\\\/schema\\\/logo\\\/image\\\/\"},\"sameAs\":[\"https:\\\/\\\/www.facebook.com\\\/profile.php?id=100063640926339\",\"https:\\\/\\\/www.linkedin.com\\\/company\\\/color-pack-co-\\\/\"],\"description\":\"A Color Pack Zrt. vil\u00e1gsz\u00ednvonal\u00fa nyomdai \u00e9s csomagol\u00f3ipari tervez\u0151 \u00e9s kivitelez\u0151i sszolg\u00e1ltat\u00e1s\u00e1t a magasan k\u00e9pzett szakembereink \u00e9s korszer\u0171 m\u0171szaki h\u00e1tter\u00fcnk teszi lehet\u0151v\u00e9. Elk\u00f6telezettek vagyunk amellett, hogy folyamatosan l\u00e9p\u00e9st tartsunk a fejl\u0151d\u00e9ssel, meg\u00fajuljunk, \u00e9s \u00e9len j\u00e1rjunk az \u00faj technol\u00f3gi\u00e1k, term\u00e9kek \u00e9s szolg\u00e1ltat\u00e1sok bevezet\u00e9s\u00e9ben \u2013 mindig partnereink ig\u00e9nyeihez igazodva.\",\"email\":\"info@test.kartonpack.hu\",\"telephone\":\"+36 (42) 433-845\",\"legalName\":\"Color Pack Zrt.\",\"foundingDate\":\"1990-12-18\",\"taxID\":\"10470222-2-15\",\"numberOfEmployees\":{\"@type\":\"QuantitativeValue\",\"minValue\":\"51\",\"maxValue\":\"200\"}},{\"@type\":\"Person\",\"@id\":\"https:\\\/\\\/test.kartonpack.hu\\\/#\\\/schema\\\/person\\\/c32d2606e48b5ff676073e75f5318e00\",\"name\":\"lencse Attila\",\"image\":{\"@type\":\"ImageObject\",\"inLanguage\":\"en-US\",\"@id\":\"https:\\\/\\\/secure.gravatar.com\\\/avatar\\\/31d85ac3d6b188c0a1bbb90d31ca0a6bb6d4f27595cb2c13298df13f6a995140?s=96&d=mm&r=g\",\"url\":\"https:\\\/\\\/secure.gravatar.com\\\/avatar\\\/31d85ac3d6b188c0a1bbb90d31ca0a6bb6d4f27595cb2c13298df13f6a995140?s=96&d=mm&r=g\",\"contentUrl\":\"https:\\\/\\\/secure.gravatar.com\\\/avatar\\\/31d85ac3d6b188c0a1bbb90d31ca0a6bb6d4f27595cb2c13298df13f6a995140?s=96&d=mm&r=g\",\"caption\":\"lencse Attila\"}}]}<\/script>\n<!-- \/ Yoast SEO Premium plugin. -->","yoast_head_json":{"title":"\u201eA Color Pack szeret els\u0151 lenni\u201d - Kartonpack","robots":{"index":"index","follow":"follow","max-snippet":"max-snippet:-1","max-image-preview":"max-image-preview:large","max-video-preview":"max-video-preview:-1"},"canonical":"https:\/\/test.kartonpack.hu\/en\/a-color-pack-szeret-elso-lenni\/","og_locale":"en_US","og_type":"article","og_title":"\u201eA Color Pack szeret els\u0151 lenni\u201d","og_description":"A Heidelberg Magyarorsz\u00e1g Kereskedelmi Kft. \u00e9s a Color Pack Zrt. kapcsolata imm\u00e1r t\u00f6bb mint 20 \u00e9ve kezd\u0151d\u00f6tt. 2001-ben a Printexpo nyomdaipari ki\u00e1ll\u00edt\u00e1son tal\u00e1lkoztunk el\u0151sz\u00f6r id. Zsukk L\u00e1szl\u00f3val, a Color Pack akkori eln\u00f6k\u00e9vel. Magyarorsz\u00e1gon ebben az id\u0151ben m\u00e9g a GTO kisg\u00e9pes korszak\u00e1t \u00e9lte a nyomdaipar. A Color Pack nem akart egy lenni a sok k\u00f6z\u00fcl, \u00e9s r\u00f6gt\u00f6n egy B2-es n\u00e9gysz\u00ednes Heidelberg-nyom\u00f3g\u00e9pet v\u00e1s\u00e1rolt, ami el\u00e9g ritkas\u00e1g sz\u00e1mba ment 2001-ben.","og_url":"https:\/\/test.kartonpack.hu\/en\/a-color-pack-szeret-elso-lenni\/","og_site_name":"Kartonpack","article_publisher":"https:\/\/www.facebook.com\/profile.php?id=100063640926339","article_published_time":"2024-08-30T10:33:49+00:00","article_modified_time":"2025-09-24T14:20:11+00:00","og_image":[{"width":960,"height":543,"url":"https:\/\/test.kartonpack.hu\/wp-content\/uploads\/2024\/08\/heidelberg.jpeg","type":"image\/jpeg"}],"author":"lencse Attila","twitter_card":"summary_large_image","twitter_misc":{"Written by":"lencse Attila","Est. reading time":"2 minutes"},"schema":{"@context":"https:\/\/schema.org","@graph":[{"@type":"Article","@id":"https:\/\/test.kartonpack.hu\/a-color-pack-szeret-elso-lenni\/#article","isPartOf":{"@id":"https:\/\/test.kartonpack.hu\/a-color-pack-szeret-elso-lenni\/"},"author":{"name":"lencse Attila","@id":"https:\/\/test.kartonpack.hu\/#\/schema\/person\/c32d2606e48b5ff676073e75f5318e00"},"headline":"\u201eA Color Pack szeret els\u0151 lenni\u201d","datePublished":"2024-08-30T10:33:49+00:00","dateModified":"2025-09-24T14:20:11+00:00","mainEntityOfPage":{"@id":"https:\/\/test.kartonpack.hu\/a-color-pack-szeret-elso-lenni\/"},"wordCount":413,"publisher":{"@id":"https:\/\/test.kartonpack.hu\/#organization"},"image":{"@id":"https:\/\/test.kartonpack.hu\/a-color-pack-szeret-elso-lenni\/#primaryimage"},"thumbnailUrl":"https:\/\/test.kartonpack.hu\/wp-content\/uploads\/2024\/08\/heidelberg.jpeg","articleSection":["H\u00edr","Partnereink"],"inLanguage":"en-US"},{"@type":"WebPage","@id":"https:\/\/test.kartonpack.hu\/a-color-pack-szeret-elso-lenni\/","url":"https:\/\/test.kartonpack.hu\/a-color-pack-szeret-elso-lenni\/","name":"\u201eA Color Pack szeret els\u0151 lenni\u201d - Kartonpack","isPartOf":{"@id":"https:\/\/test.kartonpack.hu\/#website"},"primaryImageOfPage":{"@id":"https:\/\/test.kartonpack.hu\/a-color-pack-szeret-elso-lenni\/#primaryimage"},"image":{"@id":"https:\/\/test.kartonpack.hu\/a-color-pack-szeret-elso-lenni\/#primaryimage"},"thumbnailUrl":"https:\/\/test.kartonpack.hu\/wp-content\/uploads\/2024\/08\/heidelberg.jpeg","datePublished":"2024-08-30T10:33:49+00:00","dateModified":"2025-09-24T14:20:11+00:00","breadcrumb":{"@id":"https:\/\/test.kartonpack.hu\/a-color-pack-szeret-elso-lenni\/#breadcrumb"},"inLanguage":"en-US","potentialAction":[{"@type":"ReadAction","target":["https:\/\/test.kartonpack.hu\/a-color-pack-szeret-elso-lenni\/"]}]},{"@type":"ImageObject","inLanguage":"en-US","@id":"https:\/\/test.kartonpack.hu\/a-color-pack-szeret-elso-lenni\/#primaryimage","url":"https:\/\/test.kartonpack.hu\/wp-content\/uploads\/2024\/08\/heidelberg.jpeg","contentUrl":"https:\/\/test.kartonpack.hu\/wp-content\/uploads\/2024\/08\/heidelberg.jpeg","width":960,"height":543},{"@type":"BreadcrumbList","@id":"https:\/\/test.kartonpack.hu\/a-color-pack-szeret-elso-lenni\/#breadcrumb","itemListElement":[{"@type":"ListItem","position":1,"name":"Kezd\u0151lap","item":"https:\/\/test.kartonpack.hu\/"},{"@type":"ListItem","position":2,"name":"\u201eA Color Pack szeret els\u0151 lenni\u201d"}]},{"@type":"WebSite","@id":"https:\/\/test.kartonpack.hu\/#website","url":"https:\/\/test.kartonpack.hu\/","name":"Color Pack","description":"Dobozipari Z\u00e1rtk\u00f6r\u0171en M\u0171k\u00f6d\u0151 R\u00e9szv\u00e9nyt\u00e1rsas\u00e1g","publisher":{"@id":"https:\/\/test.kartonpack.hu\/#organization"},"potentialAction":[{"@type":"SearchAction","target":{"@type":"EntryPoint","urlTemplate":"https:\/\/test.kartonpack.hu\/?s={search_term_string}"},"query-input":{"@type":"PropertyValueSpecification","valueRequired":true,"valueName":"search_term_string"}}],"inLanguage":"en-US"},{"@type":"Organization","@id":"https:\/\/test.kartonpack.hu\/#organization","name":"Color Pack Nyomdaipari \u00e9s Csackol\u00f3anyag Gy\u00e1rt\u00f3 Zrt.","url":"https:\/\/test.kartonpack.hu\/","logo":{"@type":"ImageObject","inLanguage":"en-US","@id":"https:\/\/test.kartonpack.hu\/#\/schema\/logo\/image\/","url":"https:\/\/test.kartonpack.hu\/wp-content\/uploads\/2026\/08\/kartonpack_logo-yellow.svg","contentUrl":"https:\/\/test.kartonpack.hu\/wp-content\/uploads\/2026\/08\/kartonpack_logo-yellow.svg","width":418.80000000000001136868377216160297393798828125,"height":50.89999999999999857891452847979962825775146484375,"caption":"Color Pack Nyomdaipari \u00e9s Csomagol\u00f3anyag Gy\u00e1rt\u00f3 Zrt."},"image":{"@id":"https:\/\/test.kartonpack.hu\/#\/schema\/logo\/image\/"},"sameAs":["https:\/\/www.facebook.com\/profile.php?id=100063640926339","https:\/\/www.linkedin.com\/company\/color-pack-co-\/"],"description":"A Color Pack Zrt. vil\u00e1gsz\u00ednvonal\u00fa nyomdai \u00e9s csomagol\u00f3ipari tervez\u0151 \u00e9s kivitelez\u0151i sszolg\u00e1ltat\u00e1s\u00e1t a magasan k\u00e9pzett szakembereink \u00e9s korszer\u0171 m\u0171szaki h\u00e1tter\u00fcnk teszi lehet\u0151v\u00e9. Elk\u00f6telezettek vagyunk amellett, hogy folyamatosan l\u00e9p\u00e9st tartsunk a fejl\u0151d\u00e9ssel, meg\u00fajuljunk, \u00e9s \u00e9len j\u00e1rjunk az \u00faj technol\u00f3gi\u00e1k, term\u00e9kek \u00e9s szolg\u00e1ltat\u00e1sok bevezet\u00e9s\u00e9ben \u2013 mindig partnereink ig\u00e9nyeihez igazodva.","email":"info@test.kartonpack.hu","telephone":"+36 (42) 433-845","legalName":"Color Pack Zrt.","foundingDate":"1990-12-18","taxID":"10470222-2-15","numberOfEmployees":{"@type":"QuantitativeValue","minValue":"51","maxValue":"200"}},{"@type":"Person","@id":"https:\/\/test.kartonpack.hu\/#\/schema\/person\/c32d2606e48b5ff676073e75f5318e00","name":"lencse Attila","image":{"@type":"ImageObject","inLanguage":"en-US","@id":"https:\/\/secure.gravatar.com\/avatar\/31d85ac3d6b188c0a1bbb90d31ca0a6bb6d4f27595cb2c13298df13f6a995140?s=96&d=mm&r=g","url":"https:\/\/secure.gravatar.com\/avatar\/31d85ac3d6b188c0a1bbb90d31ca0a6bb6d4f27595cb2c13298df13f6a995140?s=96&d=mm&r=g","contentUrl":"https:\/\/secure.gravatar.com\/avatar\/31d85ac3d6b188c0a1bbb90d31ca0a6bb6d4f27595cb2c13298df13f6a995140?s=96&d=mm&r=g","caption":"lencse Attila"}}]}},"views":719,"_links":{"self":[{"href":"https:\/\/test.kartonpack.hu\/en\/wp-json\/wp\/v2\/posts\/2598","targetHints":{"allow":["GET"]}}],"collection":[{"href":"https:\/\/test.kartonpack.hu\/en\/wp-json\/wp\/v2\/posts"}],"about":[{"href":"https:\/\/test.kartonpack.hu\/en\/wp-json\/wp\/v2\/types\/post"}],"author":[{"embeddable":true,"href":"https:\/\/test.kartonpack.hu\/en\/wp-json\/wp\/v2\/users\/1"}],"replies":[{"embeddable":true,"href":"https:\/\/test.kartonpack.hu\/en\/wp-json\/wp\/v2\/comments?post=2598"}],"version-history":[{"count":11,"href":"https:\/\/test.kartonpack.hu\/en\/wp-json\/wp\/v2\/posts\/2598\/revisions"}],"predecessor-version":[{"id":6125,"href":"https:\/\/test.kartonpack.hu\/en\/wp-json\/wp\/v2\/posts\/2598\/revisions\/6125"}],"wp:featuredmedia":[{"embeddable":true,"href":"https:\/\/test.kartonpack.hu\/en\/wp-json\/wp\/v2\/media\/4259"}],"wp:attachment":[{"href":"https:\/\/test.kartonpack.hu\/en\/wp-json\/wp\/v2\/media?parent=2598"}],"wp:term":[{"taxonomy":"category","embeddable":true,"href":"https:\/\/test.kartonpack.hu\/en\/wp-json\/wp\/v2\/categories?post=2598"},{"taxonomy":"post_tag","embeddable":true,"href":"https:\/\/test.kartonpack.hu\/en\/wp-json\/wp\/v2\/tags?post=2598"}],"curies":[{"name":"wp","href":"https:\/\/api.w.org\/{rel}","templated":true}]}}