{"id":2083,"date":"2020-04-17T15:44:03","date_gmt":"2020-04-17T15:44:03","guid":{"rendered":"https:\/\/colorpack.webforyou.dev\/?p=2083"},"modified":"2025-09-24T14:27:28","modified_gmt":"2025-09-24T14:27:28","slug":"covid-19-virus-okozta-bizonytalansagtol","status":"publish","type":"post","link":"https:\/\/test.kartonpack.hu\/en\/covid-19-virus-okozta-bizonytalansagtol\/","title":{"rendered":"from the uncertainty caused by the Covid-19 virus"},"content":{"rendered":"<div data-elementor-type=\"wp-post\" data-elementor-id=\"2083\" class=\"elementor elementor-2083\" data-elementor-post-type=\"post\">\n\t\t\t\t<div class=\"elementor-element elementor-element-0a810d8 e-flex e-con-boxed e-con e-parent\" data-id=\"0a810d8\" data-element_type=\"container\" data-e-type=\"container\" data-settings=\"{&quot;jet_parallax_layout_list&quot;:[]}\">\n\t\t\t\t\t<div class=\"e-con-inner\">\n\t\t\t\t<div class=\"elementor-element elementor-element-4a56ea3 elementor-widget elementor-widget-text-editor\" data-id=\"4a56ea3\" data-element_type=\"widget\" data-e-type=\"widget\" data-widget_type=\"text-editor.default\">\n\t\t\t\t<div class=\"elementor-widget-container\">\n\t\t\t\t\t\t\t\t\t<p>In these trying times, when the world is living in the shadow of the uncertainty caused by the Covid-19 virus, the importance of innovation and collaboration is becoming increasingly important. In this challenging environment, we find individuals like Gerg\u0151 Koncz, who did not ignore the situation but felt the need to help healthcare workers.<\/p>\t\t\t\t\t\t\t\t<\/div>\n\t\t\t\t<\/div>\n\t\t\t\t<div class=\"elementor-element elementor-element-ac16a99 elementor-widget elementor-widget-text-editor\" data-id=\"ac16a99\" data-element_type=\"widget\" data-e-type=\"widget\" data-widget_type=\"text-editor.default\">\n\t\t\t\t<div class=\"elementor-widget-container\">\n\t\t\t\t\t\t\t\t\t<p>L\u00e1szl\u00f3 Zsukk, CEO of Color Pack Zrt., emphasized that the face shield is not only effective, but also cost-efficient. It not only protects healthcare workers from dangerous environmental effects, but does so in a way that is sustainable and contributes to the protection of the community as a whole. Working together and setting an example through initiatives like this can be an inspiration to others as the world looks to come together and innovate in challenging times.<\/p>\t\t\t\t\t\t\t\t<\/div>\n\t\t\t\t<\/div>\n\t\t\t\t\t<\/div>\n\t\t\t\t<\/div>\n\t\t\t\t<\/div>","protected":false},"excerpt":{"rendered":"<p>In these trying times, when the world is living in the shadow of the uncertainty caused by the Covid-19 virus, the importance of innovation and collaboration is becoming increasingly important. In this challenging environment, we find individuals like Gerg\u0151 Koncz, who did not ignore the situation but felt the need to help healthcare workers.<\/p>","protected":false},"author":1,"featured_media":2073,"comment_status":"closed","ping_status":"closed","sticky":false,"template":"","format":"standard","meta":{"footnotes":""},"categories":[35],"tags":[],"class_list":["post-2083","post","type-post","status-publish","format-standard","has-post-thumbnail","hentry","category-hireink"],"yoast_head":"<!-- This site is optimized with the Yoast SEO Premium plugin v28.3 (Yoast SEO v28.4) - https:\/\/yoast.com\/product\/yoast-seo-premium-wordpress\/ -->\n<title>Covid-19 v\u00edrus okozta bizonytalans\u00e1gt\u00f3l - Kartonpack<\/title>\n<meta name=\"robots\" content=\"index, follow, max-snippet:-1, max-image-preview:large, max-video-preview:-1\" \/>\n<link rel=\"canonical\" href=\"https:\/\/test.kartonpack.hu\/en\/covid-19-virus-okozta-bizonytalansagtol\/\" \/>\n<meta property=\"og:locale\" content=\"en_US\" \/>\n<meta property=\"og:type\" content=\"article\" \/>\n<meta property=\"og:title\" content=\"Covid-19 v\u00edrus okozta bizonytalans\u00e1gt\u00f3l\" \/>\n<meta property=\"og:description\" content=\"Az embert pr\u00f3b\u00e1l\u00f3 id\u0151k k\u00f6zepette, amikor a vil\u00e1g a Covid-19 v\u00edrus okozta bizonytalans\u00e1g \u00e1rny\u00e9k\u00e1ban \u00e9l, egyre ink\u00e1bb hangs\u00falyosv\u00e1 v\u00e1lik az innov\u00e1ci\u00f3 \u00e9s az \u00f6sszefog\u00e1s fontoss\u00e1ga. Ebben a kih\u00edv\u00e1sokkal teli k\u00f6rnyezetben olyan szem\u00e9lyekre tal\u00e1lunk, mint Koncz Gerg\u0151, aki nem hagyta figyelmen k\u00edv\u00fcl a helyzetet, hanem a sz\u00fcks\u00e9gess\u00e9g\u00e9t \u00e9rezte annak, hogy seg\u00edts\u00e9get ny\u00fajtson az eg\u00e9szs\u00e9g\u00fcgyi dolgoz\u00f3knak.\" \/>\n<meta property=\"og:url\" content=\"https:\/\/test.kartonpack.hu\/en\/covid-19-virus-okozta-bizonytalansagtol\/\" \/>\n<meta property=\"og:site_name\" content=\"Kartonpack\" \/>\n<meta property=\"article:publisher\" content=\"https:\/\/www.facebook.com\/profile.php?id=100063640926339\" \/>\n<meta property=\"article:published_time\" content=\"2020-04-17T15:44:03+00:00\" \/>\n<meta property=\"article:modified_time\" content=\"2025-09-24T14:27:28+00:00\" \/>\n<meta property=\"og:image\" content=\"https:\/\/test.kartonpack.hu\/wp-content\/uploads\/2022\/10\/arcpajzsatadas.jpg\" \/>\n\t<meta property=\"og:image:width\" content=\"1200\" \/>\n\t<meta property=\"og:image:height\" content=\"800\" \/>\n\t<meta property=\"og:image:type\" content=\"image\/jpeg\" \/>\n<meta name=\"author\" content=\"lencse Attila\" \/>\n<meta name=\"twitter:card\" content=\"summary_large_image\" \/>\n<meta name=\"twitter:label1\" content=\"Written by\" \/>\n\t<meta name=\"twitter:data1\" content=\"lencse Attila\" \/>\n\t<meta name=\"twitter:label2\" content=\"Est. reading time\" \/>\n\t<meta name=\"twitter:data2\" content=\"1 minute\" \/>\n<script type=\"application\/ld+json\" class=\"yoast-schema-graph\">{\"@context\":\"https:\\\/\\\/schema.org\",\"@graph\":[{\"@type\":\"Article\",\"@id\":\"https:\\\/\\\/test.kartonpack.hu\\\/covid-19-virus-okozta-bizonytalansagtol\\\/#article\",\"isPartOf\":{\"@id\":\"https:\\\/\\\/test.kartonpack.hu\\\/covid-19-virus-okozta-bizonytalansagtol\\\/\"},\"author\":{\"name\":\"lencse Attila\",\"@id\":\"https:\\\/\\\/test.kartonpack.hu\\\/#\\\/schema\\\/person\\\/c32d2606e48b5ff676073e75f5318e00\"},\"headline\":\"Covid-19 v\u00edrus okozta bizonytalans\u00e1gt\u00f3l\",\"datePublished\":\"2020-04-17T15:44:03+00:00\",\"dateModified\":\"2025-09-24T14:27:28+00:00\",\"mainEntityOfPage\":{\"@id\":\"https:\\\/\\\/test.kartonpack.hu\\\/covid-19-virus-okozta-bizonytalansagtol\\\/\"},\"wordCount\":213,\"publisher\":{\"@id\":\"https:\\\/\\\/test.kartonpack.hu\\\/#organization\"},\"image\":{\"@id\":\"https:\\\/\\\/test.kartonpack.hu\\\/covid-19-virus-okozta-bizonytalansagtol\\\/#primaryimage\"},\"thumbnailUrl\":\"https:\\\/\\\/test.kartonpack.hu\\\/wp-content\\\/uploads\\\/2022\\\/10\\\/arcpajzsatadas.jpg\",\"articleSection\":[\"H\u00edr\"],\"inLanguage\":\"en-US\"},{\"@type\":\"WebPage\",\"@id\":\"https:\\\/\\\/test.kartonpack.hu\\\/covid-19-virus-okozta-bizonytalansagtol\\\/\",\"url\":\"https:\\\/\\\/test.kartonpack.hu\\\/covid-19-virus-okozta-bizonytalansagtol\\\/\",\"name\":\"Covid-19 v\u00edrus okozta bizonytalans\u00e1gt\u00f3l - Kartonpack\",\"isPartOf\":{\"@id\":\"https:\\\/\\\/test.kartonpack.hu\\\/#website\"},\"primaryImageOfPage\":{\"@id\":\"https:\\\/\\\/test.kartonpack.hu\\\/covid-19-virus-okozta-bizonytalansagtol\\\/#primaryimage\"},\"image\":{\"@id\":\"https:\\\/\\\/test.kartonpack.hu\\\/covid-19-virus-okozta-bizonytalansagtol\\\/#primaryimage\"},\"thumbnailUrl\":\"https:\\\/\\\/test.kartonpack.hu\\\/wp-content\\\/uploads\\\/2022\\\/10\\\/arcpajzsatadas.jpg\",\"datePublished\":\"2020-04-17T15:44:03+00:00\",\"dateModified\":\"2025-09-24T14:27:28+00:00\",\"breadcrumb\":{\"@id\":\"https:\\\/\\\/test.kartonpack.hu\\\/covid-19-virus-okozta-bizonytalansagtol\\\/#breadcrumb\"},\"inLanguage\":\"en-US\",\"potentialAction\":[{\"@type\":\"ReadAction\",\"target\":[\"https:\\\/\\\/test.kartonpack.hu\\\/covid-19-virus-okozta-bizonytalansagtol\\\/\"]}]},{\"@type\":\"ImageObject\",\"inLanguage\":\"en-US\",\"@id\":\"https:\\\/\\\/test.kartonpack.hu\\\/covid-19-virus-okozta-bizonytalansagtol\\\/#primaryimage\",\"url\":\"https:\\\/\\\/test.kartonpack.hu\\\/wp-content\\\/uploads\\\/2022\\\/10\\\/arcpajzsatadas.jpg\",\"contentUrl\":\"https:\\\/\\\/test.kartonpack.hu\\\/wp-content\\\/uploads\\\/2022\\\/10\\\/arcpajzsatadas.jpg\",\"width\":1200,\"height\":800},{\"@type\":\"BreadcrumbList\",\"@id\":\"https:\\\/\\\/test.kartonpack.hu\\\/covid-19-virus-okozta-bizonytalansagtol\\\/#breadcrumb\",\"itemListElement\":[{\"@type\":\"ListItem\",\"position\":1,\"name\":\"Kezd\u0151lap\",\"item\":\"https:\\\/\\\/test.kartonpack.hu\\\/\"},{\"@type\":\"ListItem\",\"position\":2,\"name\":\"Covid-19 v\u00edrus okozta bizonytalans\u00e1gt\u00f3l\"}]},{\"@type\":\"WebSite\",\"@id\":\"https:\\\/\\\/test.kartonpack.hu\\\/#website\",\"url\":\"https:\\\/\\\/test.kartonpack.hu\\\/\",\"name\":\"Color Pack\",\"description\":\"Dobozipari Z\u00e1rtk\u00f6r\u0171en M\u0171k\u00f6d\u0151 R\u00e9szv\u00e9nyt\u00e1rsas\u00e1g\",\"publisher\":{\"@id\":\"https:\\\/\\\/test.kartonpack.hu\\\/#organization\"},\"potentialAction\":[{\"@type\":\"SearchAction\",\"target\":{\"@type\":\"EntryPoint\",\"urlTemplate\":\"https:\\\/\\\/test.kartonpack.hu\\\/?s={search_term_string}\"},\"query-input\":{\"@type\":\"PropertyValueSpecification\",\"valueRequired\":true,\"valueName\":\"search_term_string\"}}],\"inLanguage\":\"en-US\"},{\"@type\":\"Organization\",\"@id\":\"https:\\\/\\\/test.kartonpack.hu\\\/#organization\",\"name\":\"Color Pack Nyomdaipari \u00e9s Csomagol\u00f3anyag Gy\u00e1rt\u00f3 Zrt.\",\"url\":\"https:\\\/\\\/test.kartonpack.hu\\\/\",\"logo\":{\"@type\":\"ImageObject\",\"inLanguage\":\"en-US\",\"@id\":\"https:\\\/\\\/test.kartonpack.hu\\\/#\\\/schema\\\/logo\\\/image\\\/\",\"url\":\"https:\\\/\\\/test.kartonpack.hu\\\/wp-content\\\/uploads\\\/2026\\\/08\\\/kartonpack_logo-yellow.svg\",\"contentUrl\":\"https:\\\/\\\/test.kartonpack.hu\\\/wp-content\\\/uploads\\\/2026\\\/08\\\/kartonpack_logo-yellow.svg\",\"width\":418.80000000000001136868377216160297393798828125,\"height\":50.89999999999999857891452847979962825775146484375,\"caption\":\"Color Pack Nyomdaipari \u00e9s Csomagol\u00f3anyag Gy\u00e1rt\u00f3 Zrt.\"},\"image\":{\"@id\":\"https:\\\/\\\/test.kartonpack.hu\\\/#\\\/schema\\\/logo\\\/image\\\/\"},\"sameAs\":[\"https:\\\/\\\/www.facebook.com\\\/profile.php?id=100063640926339\",\"https:\\\/\\\/www.linkedin.com\\\/company\\\/color-pack-co-\\\/\"],\"description\":\"A Color Pack Zrt. vil\u00e1gsz\u00ednvonal\u00fa nyomdai \u00e9s csomagol\u00f3ipari tervez\u0151 \u00e9s kivitelez\u0151i sszolg\u00e1ltat\u00e1s\u00e1t a magasan k\u00e9pzett szakembereink \u00e9s korszer\u0171 m\u0171szaki h\u00e1tter\u00fcnk teszi lehet\u0151v\u00e9. Elk\u00f6telezettek vagyunk amellett, hogy folyamatosan l\u00e9p\u00e9st tartsunk a fejl\u0151d\u00e9ssel, meg\u00fajuljunk, \u00e9s \u00e9len j\u00e1rjunk az \u00faj technol\u00f3gi\u00e1k, term\u00e9kek \u00e9s szolg\u00e1ltat\u00e1sok bevezet\u00e9s\u00e9ben \u2013 mindig partnereink ig\u00e9nyeihez igazodva.\",\"email\":\"info@test.kartonpack.hu\",\"telephone\":\"+36 (42) 433-845\",\"legalName\":\"Color Pack Zrt.\",\"foundingDate\":\"1990-12-18\",\"taxID\":\"10470222-2-15\",\"numberOfEmployees\":{\"@type\":\"QuantitativeValue\",\"minValue\":\"51\",\"maxValue\":\"200\"}},{\"@type\":\"Person\",\"@id\":\"https:\\\/\\\/test.kartonpack.hu\\\/#\\\/schema\\\/person\\\/c32d2606e48b5ff676073e75f5318e00\",\"name\":\"lencse Attila\",\"image\":{\"@type\":\"ImageObject\",\"inLanguage\":\"en-US\",\"@id\":\"https:\\\/\\\/secure.gravatar.com\\\/avatar\\\/31d85ac3d6b188c0a1bbb90d31ca0a6bb6d4f27595cb2c13298df13f6a995140?s=96&d=mm&r=g\",\"url\":\"https:\\\/\\\/secure.gravatar.com\\\/avatar\\\/31d85ac3d6b188c0a1bbb90d31ca0a6bb6d4f27595cb2c13298df13f6a995140?s=96&d=mm&r=g\",\"contentUrl\":\"https:\\\/\\\/secure.gravatar.com\\\/avatar\\\/31d85ac3d6b188c0a1bbb90d31ca0a6bb6d4f27595cb2c13298df13f6a995140?s=96&d=mm&r=g\",\"caption\":\"lencse Attila\"}}]}<\/script>\n<!-- \/ Yoast SEO Premium plugin. -->","yoast_head_json":{"title":"Covid-19 v\u00edrus okozta bizonytalans\u00e1gt\u00f3l - Kartonpack","robots":{"index":"index","follow":"follow","max-snippet":"max-snippet:-1","max-image-preview":"max-image-preview:large","max-video-preview":"max-video-preview:-1"},"canonical":"https:\/\/test.kartonpack.hu\/en\/covid-19-virus-okozta-bizonytalansagtol\/","og_locale":"en_US","og_type":"article","og_title":"Covid-19 v\u00edrus okozta bizonytalans\u00e1gt\u00f3l","og_description":"Az embert pr\u00f3b\u00e1l\u00f3 id\u0151k k\u00f6zepette, amikor a vil\u00e1g a Covid-19 v\u00edrus okozta bizonytalans\u00e1g \u00e1rny\u00e9k\u00e1ban \u00e9l, egyre ink\u00e1bb hangs\u00falyosv\u00e1 v\u00e1lik az innov\u00e1ci\u00f3 \u00e9s az \u00f6sszefog\u00e1s fontoss\u00e1ga. Ebben a kih\u00edv\u00e1sokkal teli k\u00f6rnyezetben olyan szem\u00e9lyekre tal\u00e1lunk, mint Koncz Gerg\u0151, aki nem hagyta figyelmen k\u00edv\u00fcl a helyzetet, hanem a sz\u00fcks\u00e9gess\u00e9g\u00e9t \u00e9rezte annak, hogy seg\u00edts\u00e9get ny\u00fajtson az eg\u00e9szs\u00e9g\u00fcgyi dolgoz\u00f3knak.","og_url":"https:\/\/test.kartonpack.hu\/en\/covid-19-virus-okozta-bizonytalansagtol\/","og_site_name":"Kartonpack","article_publisher":"https:\/\/www.facebook.com\/profile.php?id=100063640926339","article_published_time":"2020-04-17T15:44:03+00:00","article_modified_time":"2025-09-24T14:27:28+00:00","og_image":[{"width":1200,"height":800,"url":"https:\/\/test.kartonpack.hu\/wp-content\/uploads\/2022\/10\/arcpajzsatadas.jpg","type":"image\/jpeg"}],"author":"lencse Attila","twitter_card":"summary_large_image","twitter_misc":{"Written by":"lencse Attila","Est. reading time":"1 minute"},"schema":{"@context":"https:\/\/schema.org","@graph":[{"@type":"Article","@id":"https:\/\/test.kartonpack.hu\/covid-19-virus-okozta-bizonytalansagtol\/#article","isPartOf":{"@id":"https:\/\/test.kartonpack.hu\/covid-19-virus-okozta-bizonytalansagtol\/"},"author":{"name":"lencse Attila","@id":"https:\/\/test.kartonpack.hu\/#\/schema\/person\/c32d2606e48b5ff676073e75f5318e00"},"headline":"Covid-19 v\u00edrus okozta bizonytalans\u00e1gt\u00f3l","datePublished":"2020-04-17T15:44:03+00:00","dateModified":"2025-09-24T14:27:28+00:00","mainEntityOfPage":{"@id":"https:\/\/test.kartonpack.hu\/covid-19-virus-okozta-bizonytalansagtol\/"},"wordCount":213,"publisher":{"@id":"https:\/\/test.kartonpack.hu\/#organization"},"image":{"@id":"https:\/\/test.kartonpack.hu\/covid-19-virus-okozta-bizonytalansagtol\/#primaryimage"},"thumbnailUrl":"https:\/\/test.kartonpack.hu\/wp-content\/uploads\/2022\/10\/arcpajzsatadas.jpg","articleSection":["H\u00edr"],"inLanguage":"en-US"},{"@type":"WebPage","@id":"https:\/\/test.kartonpack.hu\/covid-19-virus-okozta-bizonytalansagtol\/","url":"https:\/\/test.kartonpack.hu\/covid-19-virus-okozta-bizonytalansagtol\/","name":"Covid-19 v\u00edrus okozta bizonytalans\u00e1gt\u00f3l - Kartonpack","isPartOf":{"@id":"https:\/\/test.kartonpack.hu\/#website"},"primaryImageOfPage":{"@id":"https:\/\/test.kartonpack.hu\/covid-19-virus-okozta-bizonytalansagtol\/#primaryimage"},"image":{"@id":"https:\/\/test.kartonpack.hu\/covid-19-virus-okozta-bizonytalansagtol\/#primaryimage"},"thumbnailUrl":"https:\/\/test.kartonpack.hu\/wp-content\/uploads\/2022\/10\/arcpajzsatadas.jpg","datePublished":"2020-04-17T15:44:03+00:00","dateModified":"2025-09-24T14:27:28+00:00","breadcrumb":{"@id":"https:\/\/test.kartonpack.hu\/covid-19-virus-okozta-bizonytalansagtol\/#breadcrumb"},"inLanguage":"en-US","potentialAction":[{"@type":"ReadAction","target":["https:\/\/test.kartonpack.hu\/covid-19-virus-okozta-bizonytalansagtol\/"]}]},{"@type":"ImageObject","inLanguage":"en-US","@id":"https:\/\/test.kartonpack.hu\/covid-19-virus-okozta-bizonytalansagtol\/#primaryimage","url":"https:\/\/test.kartonpack.hu\/wp-content\/uploads\/2022\/10\/arcpajzsatadas.jpg","contentUrl":"https:\/\/test.kartonpack.hu\/wp-content\/uploads\/2022\/10\/arcpajzsatadas.jpg","width":1200,"height":800},{"@type":"BreadcrumbList","@id":"https:\/\/test.kartonpack.hu\/covid-19-virus-okozta-bizonytalansagtol\/#breadcrumb","itemListElement":[{"@type":"ListItem","position":1,"name":"Kezd\u0151lap","item":"https:\/\/test.kartonpack.hu\/"},{"@type":"ListItem","position":2,"name":"Covid-19 v\u00edrus okozta bizonytalans\u00e1gt\u00f3l"}]},{"@type":"WebSite","@id":"https:\/\/test.kartonpack.hu\/#website","url":"https:\/\/test.kartonpack.hu\/","name":"Color Pack","description":"Dobozipari Z\u00e1rtk\u00f6r\u0171en M\u0171k\u00f6d\u0151 R\u00e9szv\u00e9nyt\u00e1rsas\u00e1g","publisher":{"@id":"https:\/\/test.kartonpack.hu\/#organization"},"potentialAction":[{"@type":"SearchAction","target":{"@type":"EntryPoint","urlTemplate":"https:\/\/test.kartonpack.hu\/?s={search_term_string}"},"query-input":{"@type":"PropertyValueSpecification","valueRequired":true,"valueName":"search_term_string"}}],"inLanguage":"en-US"},{"@type":"Organization","@id":"https:\/\/test.kartonpack.hu\/#organization","name":"Color Pack Nyomdaipari \u00e9s Csackol\u00f3anyag Gy\u00e1rt\u00f3 Zrt.","url":"https:\/\/test.kartonpack.hu\/","logo":{"@type":"ImageObject","inLanguage":"en-US","@id":"https:\/\/test.kartonpack.hu\/#\/schema\/logo\/image\/","url":"https:\/\/test.kartonpack.hu\/wp-content\/uploads\/2026\/08\/kartonpack_logo-yellow.svg","contentUrl":"https:\/\/test.kartonpack.hu\/wp-content\/uploads\/2026\/08\/kartonpack_logo-yellow.svg","width":418.80000000000001136868377216160297393798828125,"height":50.89999999999999857891452847979962825775146484375,"caption":"Color Pack Nyomdaipari \u00e9s Csomagol\u00f3anyag Gy\u00e1rt\u00f3 Zrt."},"image":{"@id":"https:\/\/test.kartonpack.hu\/#\/schema\/logo\/image\/"},"sameAs":["https:\/\/www.facebook.com\/profile.php?id=100063640926339","https:\/\/www.linkedin.com\/company\/color-pack-co-\/"],"description":"A Color Pack Zrt. vil\u00e1gsz\u00ednvonal\u00fa nyomdai \u00e9s csomagol\u00f3ipari tervez\u0151 \u00e9s kivitelez\u0151i sszolg\u00e1ltat\u00e1s\u00e1t a magasan k\u00e9pzett szakembereink \u00e9s korszer\u0171 m\u0171szaki h\u00e1tter\u00fcnk teszi lehet\u0151v\u00e9. Elk\u00f6telezettek vagyunk amellett, hogy folyamatosan l\u00e9p\u00e9st tartsunk a fejl\u0151d\u00e9ssel, meg\u00fajuljunk, \u00e9s \u00e9len j\u00e1rjunk az \u00faj technol\u00f3gi\u00e1k, term\u00e9kek \u00e9s szolg\u00e1ltat\u00e1sok bevezet\u00e9s\u00e9ben \u2013 mindig partnereink ig\u00e9nyeihez igazodva.","email":"info@test.kartonpack.hu","telephone":"+36 (42) 433-845","legalName":"Color Pack Zrt.","foundingDate":"1990-12-18","taxID":"10470222-2-15","numberOfEmployees":{"@type":"QuantitativeValue","minValue":"51","maxValue":"200"}},{"@type":"Person","@id":"https:\/\/test.kartonpack.hu\/#\/schema\/person\/c32d2606e48b5ff676073e75f5318e00","name":"lencse Attila","image":{"@type":"ImageObject","inLanguage":"en-US","@id":"https:\/\/secure.gravatar.com\/avatar\/31d85ac3d6b188c0a1bbb90d31ca0a6bb6d4f27595cb2c13298df13f6a995140?s=96&d=mm&r=g","url":"https:\/\/secure.gravatar.com\/avatar\/31d85ac3d6b188c0a1bbb90d31ca0a6bb6d4f27595cb2c13298df13f6a995140?s=96&d=mm&r=g","contentUrl":"https:\/\/secure.gravatar.com\/avatar\/31d85ac3d6b188c0a1bbb90d31ca0a6bb6d4f27595cb2c13298df13f6a995140?s=96&d=mm&r=g","caption":"lencse Attila"}}]}},"views":196,"_links":{"self":[{"href":"https:\/\/test.kartonpack.hu\/en\/wp-json\/wp\/v2\/posts\/2083","targetHints":{"allow":["GET"]}}],"collection":[{"href":"https:\/\/test.kartonpack.hu\/en\/wp-json\/wp\/v2\/posts"}],"about":[{"href":"https:\/\/test.kartonpack.hu\/en\/wp-json\/wp\/v2\/types\/post"}],"author":[{"embeddable":true,"href":"https:\/\/test.kartonpack.hu\/en\/wp-json\/wp\/v2\/users\/1"}],"replies":[{"embeddable":true,"href":"https:\/\/test.kartonpack.hu\/en\/wp-json\/wp\/v2\/comments?post=2083"}],"version-history":[{"count":37,"href":"https:\/\/test.kartonpack.hu\/en\/wp-json\/wp\/v2\/posts\/2083\/revisions"}],"predecessor-version":[{"id":6137,"href":"https:\/\/test.kartonpack.hu\/en\/wp-json\/wp\/v2\/posts\/2083\/revisions\/6137"}],"wp:featuredmedia":[{"embeddable":true,"href":"https:\/\/test.kartonpack.hu\/en\/wp-json\/wp\/v2\/media\/2073"}],"wp:attachment":[{"href":"https:\/\/test.kartonpack.hu\/en\/wp-json\/wp\/v2\/media?parent=2083"}],"wp:term":[{"taxonomy":"category","embeddable":true,"href":"https:\/\/test.kartonpack.hu\/en\/wp-json\/wp\/v2\/categories?post=2083"},{"taxonomy":"post_tag","embeddable":true,"href":"https:\/\/test.kartonpack.hu\/en\/wp-json\/wp\/v2\/tags?post=2083"}],"curies":[{"name":"wp","href":"https:\/\/api.w.org\/{rel}","templated":true}]}}